{"id":388770,"date":"2025-07-03T20:00:00","date_gmt":"2025-07-03T18:00:00","guid":{"rendered":"https:\/\/cms-articles.softonic.io\/es\/?p=388770"},"modified":"2025-07-04T08:56:07","modified_gmt":"2025-07-04T06:56:07","slug":"este-exitoso-anime-anuncia-una-nueva-temporada-tras-una-pausa-de-mas-de-4-anos","status":"publish","type":"post","link":"https:\/\/cms-articles.softonic.io\/es\/este-exitoso-anime-anuncia-una-nueva-temporada-tras-una-pausa-de-mas-de-4-anos\/","title":{"rendered":"Este exitoso anime anuncia una nueva temporada tras una pausa de m\u00e1s de 4 a\u00f1os"},"content":{"rendered":"\n<p class=\"wp-block-paragraph\">El estudio Studio Pierrot ha confirmado oficialmente que se encuentra en <strong>desarrollo una nueva temporada de &#8216;Black Clover&#8217;, marcando un regreso tras un hiato indefinido que comenz\u00f3 en 2021.<\/strong> Esta noticia, esperada por los fan\u00e1ticos desde hace a\u00f1os, aclara el futuro de la popular serie de anime, que hab\u00eda dejado a su p\u00fablico en espera tras la conclusi\u00f3n de su cuarta temporada.<\/p>\n\n\n\n<h2 class=\"wp-block-heading\">La pel\u00edcula que no cuenta como canon<\/h2>\n\n\n\n<p class=\"wp-block-paragraph\">Aunque en 2023 se lanz\u00f3 la pel\u00edcula &#8216;Sword of the Wizard King&#8217;, esta producci\u00f3n no es canon ni contin\u00faa la narraci\u00f3n del anime principal. <strong>Los seguidores de &#8216;Black Clover&#8217; han estado a la espera de novedades sobre la historia de Asta y su amigo Yuno<\/strong>, lo que ha generado un gran nivel de expectaci\u00f3n en torno al regreso de la serie.<\/p>\n\n\n\n<p class=\"wp-block-paragraph\">Una de las novedades m\u00e1s significativas de esta nueva entrega es que <strong>&#8216;Black Clover&#8217; se emitir\u00e1 por temporadas, lo que representa un cambio respecto a la emisi\u00f3n continua que caracterizaba a sus temporadas anteriores<\/strong>. Esta estrategia busca evitar el relleno que en ocasiones afectaba la narrativa, permitiendo as\u00ed una producci\u00f3n m\u00e1s cuidada y de alta calidad, similar al enfoque adoptado en otras obras recientes de Pierrot, como &#8216;Bleach: Thousand-Year Blood War&#8217;.<\/p>\n\n\n\n<p class=\"wp-block-paragraph\">No obstante,<strong> a\u00fan no se ha proporcionado una fecha concreta para el estreno de la nueva temporada. <\/strong>Se estima que su regreso podr\u00eda ocurrir en la segunda mitad de 2026, y se espera que se confirmen m\u00e1s detalles durante eventos de anime como la Anime Expo en los pr\u00f3ximos meses.<\/p>\n\n\n\n<figure class=\"wp-block-embed is-type-video is-provider-youtube wp-block-embed-youtube wp-embed-aspect-16-9 wp-has-aspect-ratio\"><div class=\"wp-block-embed__wrapper\">\n<iframe loading=\"lazy\" title=\"Black Clover | Tr\u00e1iler oficial\" width=\"840\" height=\"473\" src=\"https:\/\/www.youtube.com\/embed\/TiIZ2NZxjMI?feature=oembed\" frameborder=\"0\" allow=\"accelerometer; autoplay; clipboard-write; encrypted-media; gyroscope; picture-in-picture; web-share\" referrerpolicy=\"strict-origin-when-cross-origin\" allowfullscreen><\/iframe>\n<\/div><\/figure>\n\n\n\n<p class=\"wp-block-paragraph\"><strong>El \u00e9xito del estudio con el regreso de &#8216;Bleach&#8217; y otros proyectos ha mantenido a Pierrot ocupado,<\/strong> lo cual genera optimismo sobre el futuro de &#8216;Black Clover&#8217;. Con el manga original de Yuki Tabata acerc\u00e1ndose a su desenlace, el equipo est\u00e1 ansioso por retomar la adaptaci\u00f3n del anime y ofrecer una experiencia de visualizaci\u00f3n m\u00e1s refinada a los fan\u00e1ticos.<\/p>\n","protected":false},"excerpt":{"rendered":"<p>El estudio Studio Pierrot ha confirmado oficialmente que se encuentra en desarrollo una nueva temporada de &#8216;Black Clover&#8217;, marcando un regreso tras un hiato indefinido que comenz\u00f3 en 2021. Esta noticia, esperada por los fan\u00e1ticos desde hace a\u00f1os, aclara el futuro de la popular serie de anime, que hab\u00eda dejado a su p\u00fablico en espera &hellip; <a href=\"https:\/\/cms-articles.softonic.io\/es\/este-exitoso-anime-anuncia-una-nueva-temporada-tras-una-pausa-de-mas-de-4-anos\/\" class=\"more-link\">Continue reading<span class=\"screen-reader-text\"> &#8220;Este exitoso anime anuncia una nueva temporada tras una pausa de m\u00e1s de 4 a\u00f1os&#8221;<\/span><\/a><\/p>\n","protected":false},"author":9317,"featured_media":388771,"comment_status":"closed","ping_status":"closed","sticky":false,"template":"","format":"standard","meta":{"footnotes":"","wpcf-pageviews":0},"categories":[9317],"tags":[9594,11195,11566,22475],"usertag":[],"vertical":[],"content-category":[],"class_list":["post-388770","post","type-post","status-publish","format-standard","has-post-thumbnail","hentry","category-news","tag-anime","tag-black-clover","tag-studio-pierrot","tag-sword-of-the-wizard-king"],"aioseo_notices":[],"_links":{"self":[{"href":"https:\/\/cms-articles.softonic.io\/es\/wp-json\/wp\/v2\/posts\/388770","targetHints":{"allow":["GET"]}}],"collection":[{"href":"https:\/\/cms-articles.softonic.io\/es\/wp-json\/wp\/v2\/posts"}],"about":[{"href":"https:\/\/cms-articles.softonic.io\/es\/wp-json\/wp\/v2\/types\/post"}],"author":[{"embeddable":true,"href":"https:\/\/cms-articles.softonic.io\/es\/wp-json\/wp\/v2\/users\/9317"}],"replies":[{"embeddable":true,"href":"https:\/\/cms-articles.softonic.io\/es\/wp-json\/wp\/v2\/comments?post=388770"}],"version-history":[{"count":1,"href":"https:\/\/cms-articles.softonic.io\/es\/wp-json\/wp\/v2\/posts\/388770\/revisions"}],"predecessor-version":[{"id":388772,"href":"https:\/\/cms-articles.softonic.io\/es\/wp-json\/wp\/v2\/posts\/388770\/revisions\/388772"}],"wp:featuredmedia":[{"embeddable":true,"href":"https:\/\/cms-articles.softonic.io\/es\/wp-json\/wp\/v2\/media\/388771"}],"wp:attachment":[{"href":"https:\/\/cms-articles.softonic.io\/es\/wp-json\/wp\/v2\/media?parent=388770"}],"wp:term":[{"taxonomy":"category","embeddable":true,"href":"https:\/\/cms-articles.softonic.io\/es\/wp-json\/wp\/v2\/categories?post=388770"},{"taxonomy":"post_tag","embeddable":true,"href":"https:\/\/cms-articles.softonic.io\/es\/wp-json\/wp\/v2\/tags?post=388770"},{"taxonomy":"usertag","embeddable":true,"href":"https:\/\/cms-articles.softonic.io\/es\/wp-json\/wp\/v2\/usertag?post=388770"},{"taxonomy":"vertical","embeddable":true,"href":"https:\/\/cms-articles.softonic.io\/es\/wp-json\/wp\/v2\/vertical?post=388770"},{"taxonomy":"content-category","embeddable":true,"href":"https:\/\/cms-articles.softonic.io\/es\/wp-json\/wp\/v2\/content-category?post=388770"}],"curies":[{"name":"wp","href":"https:\/\/api.w.org\/{rel}","templated":true}]}}