{"id":389365,"date":"2025-07-09T11:46:59","date_gmt":"2025-07-09T09:46:59","guid":{"rendered":"https:\/\/cms-articles.softonic.io\/es\/?p=389365"},"modified":"2025-07-10T08:01:15","modified_gmt":"2025-07-10T06:01:15","slug":"llega-a-cines-la-acusacion-una-mirada-a-la-vulnerabilidad-de-los-docentes","status":"publish","type":"post","link":"https:\/\/cms-articles.softonic.io\/es\/llega-a-cines-la-acusacion-una-mirada-a-la-vulnerabilidad-de-los-docentes\/","title":{"rendered":"Llega a cines &#8216;La acusaci\u00f3n&#8217;,, una mirada a la vulnerabilidad de los docentes"},"content":{"rendered":"\n<p class=\"wp-block-paragraph\">La pel\u00edcula <strong>&#8216;La acusaci\u00f3n&#8217;, dirigida por Teddy Lussi-Modeste, llega a los cines el pr\u00f3ximo 11 de julio, ofreciendo una visi\u00f3n intensa y conmovedora de los desaf\u00edos que enfrenta el profesorado en el sistema educativo franc\u00e9s<\/strong>. Este drama, que se inscribe en un movimiento surgido en 2018, aborda cuestiones cr\u00edticas de acoso sexual y el impacto devastador de los rumores en la reputaci\u00f3n profesional de los educadores.<\/p>\n\n\n\n<h2 class=\"wp-block-heading\">El peligro que esconden las aulas<\/h2>\n\n\n\n<p class=\"wp-block-paragraph\">La trama se centra en un <strong>profesor que, durante una clase, utiliza la figura ret\u00f3rica del aste\u00edsmo para ilustrar un punto, pero sus palabras son malinterpretadas por una alumna,<\/strong> que decide interponer una demanda por acoso sexual. Esta situaci\u00f3n desencadena una serie de eventos que pronto escalan fuera de control, poniendo en crisis la vida del docente y revelando la fragilidad de la confianza en el entorno escolar.<\/p>\n\n\n\n<p class=\"wp-block-paragraph\">La pel\u00edcula ha sido objeto de <strong>elogios por su representaci\u00f3n realista de la vida cotidiana en las escuelas.<\/strong> Cr\u00edticos destacan c\u00f3mo la obra de Lussi-Modeste <em>consigue clavar a la perfecci\u00f3n todos los aspectos de un tema delicado<\/em>, mientras que otros resaltan el coraje del director al abordar tales t\u00f3picos. <\/p>\n\n\n\n<figure class=\"wp-block-embed is-type-video is-provider-youtube wp-block-embed-youtube wp-embed-aspect-16-9 wp-has-aspect-ratio\"><div class=\"wp-block-embed__wrapper\">\n<iframe loading=\"lazy\" title=\"Tr\u00e1iler Oficial &quot;La acusaci\u00f3n&quot; \/\/ 11 de julio solo en cines\" width=\"840\" height=\"473\" src=\"https:\/\/www.youtube.com\/embed\/OZC0wlJEqL8?feature=oembed\" frameborder=\"0\" allow=\"accelerometer; autoplay; clipboard-write; encrypted-media; gyroscope; picture-in-picture; web-share\" referrerpolicy=\"strict-origin-when-cross-origin\" allowfullscreen><\/iframe>\n<\/div><\/figure>\n\n\n\n<p class=\"wp-block-paragraph\">En un entorno donde la <strong>falta de apoyo institucional y el aumento de la violencia han sido temas recurrentes, la pel\u00edcula invita a la reflexi\u00f3n sobre el da\u00f1o que pueden causar los rumores infundados y la vulnerabilidad de la reputaci\u00f3n profesional<\/strong>, especialmente en la era digital. Para quienes buscan un relato que los reta emocionalmente, &#8216;La acusaci\u00f3n&#8217; se perfila como un imperdible en la cartelera de cine este verano.<\/p>\n","protected":false},"excerpt":{"rendered":"<p>La pel\u00edcula &#8216;La acusaci\u00f3n&#8217;, dirigida por Teddy Lussi-Modeste, llega a los cines el pr\u00f3ximo 11 de julio, ofreciendo una visi\u00f3n intensa y conmovedora de los desaf\u00edos que enfrenta el profesorado en el sistema educativo franc\u00e9s. Este drama, que se inscribe en un movimiento surgido en 2018, aborda cuestiones cr\u00edticas de acoso sexual y el impacto &hellip; <a href=\"https:\/\/cms-articles.softonic.io\/es\/llega-a-cines-la-acusacion-una-mirada-a-la-vulnerabilidad-de-los-docentes\/\" class=\"more-link\">Continue reading<span class=\"screen-reader-text\"> &#8220;Llega a cines &#8216;La acusaci\u00f3n&#8217;,, una mirada a la vulnerabilidad de los docentes&#8221;<\/span><\/a><\/p>\n","protected":false},"author":9317,"featured_media":389366,"comment_status":"closed","ping_status":"closed","sticky":false,"template":"","format":"standard","meta":{"footnotes":"","wpcf-pageviews":0},"categories":[9317],"tags":[22803,13013,22802,22805,22804],"usertag":[],"vertical":[],"content-category":[],"class_list":["post-389365","post","type-post","status-publish","format-standard","has-post-thumbnail","hentry","category-news","tag-cine-frances","tag-estrenos","tag-la-acusacion","tag-profesores","tag-teddy-lussi-modeste"],"aioseo_notices":[],"_links":{"self":[{"href":"https:\/\/cms-articles.softonic.io\/es\/wp-json\/wp\/v2\/posts\/389365","targetHints":{"allow":["GET"]}}],"collection":[{"href":"https:\/\/cms-articles.softonic.io\/es\/wp-json\/wp\/v2\/posts"}],"about":[{"href":"https:\/\/cms-articles.softonic.io\/es\/wp-json\/wp\/v2\/types\/post"}],"author":[{"embeddable":true,"href":"https:\/\/cms-articles.softonic.io\/es\/wp-json\/wp\/v2\/users\/9317"}],"replies":[{"embeddable":true,"href":"https:\/\/cms-articles.softonic.io\/es\/wp-json\/wp\/v2\/comments?post=389365"}],"version-history":[{"count":1,"href":"https:\/\/cms-articles.softonic.io\/es\/wp-json\/wp\/v2\/posts\/389365\/revisions"}],"predecessor-version":[{"id":389368,"href":"https:\/\/cms-articles.softonic.io\/es\/wp-json\/wp\/v2\/posts\/389365\/revisions\/389368"}],"wp:featuredmedia":[{"embeddable":true,"href":"https:\/\/cms-articles.softonic.io\/es\/wp-json\/wp\/v2\/media\/389366"}],"wp:attachment":[{"href":"https:\/\/cms-articles.softonic.io\/es\/wp-json\/wp\/v2\/media?parent=389365"}],"wp:term":[{"taxonomy":"category","embeddable":true,"href":"https:\/\/cms-articles.softonic.io\/es\/wp-json\/wp\/v2\/categories?post=389365"},{"taxonomy":"post_tag","embeddable":true,"href":"https:\/\/cms-articles.softonic.io\/es\/wp-json\/wp\/v2\/tags?post=389365"},{"taxonomy":"usertag","embeddable":true,"href":"https:\/\/cms-articles.softonic.io\/es\/wp-json\/wp\/v2\/usertag?post=389365"},{"taxonomy":"vertical","embeddable":true,"href":"https:\/\/cms-articles.softonic.io\/es\/wp-json\/wp\/v2\/vertical?post=389365"},{"taxonomy":"content-category","embeddable":true,"href":"https:\/\/cms-articles.softonic.io\/es\/wp-json\/wp\/v2\/content-category?post=389365"}],"curies":[{"name":"wp","href":"https:\/\/api.w.org\/{rel}","templated":true}]}}