{"id":392110,"date":"2025-08-04T12:54:18","date_gmt":"2025-08-04T10:54:18","guid":{"rendered":"https:\/\/cms-articles.softonic.io\/es\/?p=392110"},"modified":"2025-08-04T13:36:44","modified_gmt":"2025-08-04T11:36:44","slug":"netflix-se-carga-la-serie-de-arnold-schwarzenegger-tras-dos-temporadas","status":"publish","type":"post","link":"https:\/\/cms-articles.softonic.io\/es\/netflix-se-carga-la-serie-de-arnold-schwarzenegger-tras-dos-temporadas\/","title":{"rendered":"Netflix se carga la serie de Arnold Schwarzenegger tras dos temporadas"},"content":{"rendered":"\n<p class=\"wp-block-paragraph\">Netflix ha decidido cancelar la serie FUBAR tras dos temporadas, a pesar de que la primera fue un \u00e9xito considerable<strong>. La decisi\u00f3n llega poco m\u00e1s de seis semanas despu\u00e9s del estreno de la segunda temporada, el 12 de junio de 2023, que, lamentablemente, no logr\u00f3 captar el mismo inter\u00e9s del p\u00fablico.<\/strong> En su primer fin de semana, FUBAR alcanz\u00f3 apenas 2,2 millones de visualizaciones, lo que representa una ca\u00edda del 80% en comparaci\u00f3n con los 11 millones de la primera temporada en su lanzamiento.<\/p>\n\n\n\n<h2 class=\"wp-block-heading\">Ni siquiera el sello Schwarzenegger pudo levantarla<\/h2>\n\n\n\n<p class=\"wp-block-paragraph\">La segunda temporada, aunque no logr\u00f3 replicar el \u00e9xito de la primera en t\u00e9rminos de audiencia, fue mejor recibida por la cr\u00edtica, obteniendo un 78% en Rotten Tomatoes frente al 68% de la primera entrega. Este cambio en la percepci\u00f3n podr\u00eda atribuirse a la inclusi\u00f3n de tramas m\u00e1s sofisticadas, como combates de espionaje y elementos internacionales, as\u00ed como la<strong> incorporaci\u00f3n de actores reconocidos como Carrie-Anne Moss y el regreso de Monica Barbaro, quien recientemente fue nominada al Oscar.<\/strong><\/p>\n\n\n\n<p class=\"wp-block-paragraph\">A pesar de la mejora en la recepci\u00f3n cr\u00edtica, el descenso en las visualizaciones fue evidente en las semanas subsiguientes al estreno. <strong>FUBAR apenas ingres\u00f3 en el Top 10 de Netflix y r\u00e1pidamente se desvaneci\u00f3<\/strong>, logrando solo el s\u00e9ptimo lugar en la lista de series en ingl\u00e9s antes de desaparecer completamente del ranking.<\/p>\n\n\n\n<figure class=\"wp-block-embed is-type-video is-provider-youtube wp-block-embed-youtube wp-embed-aspect-16-9 wp-has-aspect-ratio\"><div class=\"wp-block-embed__wrapper\">\n<iframe loading=\"lazy\" title=\"FUBAR: Season 2 | Official Trailer | Netflix\" width=\"840\" height=\"473\" src=\"https:\/\/www.youtube.com\/embed\/vJlfAp7ZCAY?feature=oembed\" frameborder=\"0\" allow=\"accelerometer; autoplay; clipboard-write; encrypted-media; gyroscope; picture-in-picture; web-share\" referrerpolicy=\"strict-origin-when-cross-origin\" allowfullscreen><\/iframe>\n<\/div><\/figure>\n\n\n\n<p class=\"wp-block-paragraph\">La cancelaci\u00f3n de FUBAR se suma a la lista de otras series que Netflix ha decidido no renovar, como El Novato y La Residencia. <strong>En este contexto, la decisi\u00f3n es curiosa, especialmente considerando la fama mundial de Arnold Schwarzenegger como principal atractivo de la serie.<\/strong> Sin embargo, los n\u00fameros de audiencia no han justificado su continuidad en el cat\u00e1logo de Netflix.<\/p>\n","protected":false},"excerpt":{"rendered":"<p>Netflix ha decidido cancelar la serie FUBAR tras dos temporadas, a pesar de que la primera fue un \u00e9xito considerable. La decisi\u00f3n llega poco m\u00e1s de seis semanas despu\u00e9s del estreno de la segunda temporada, el 12 de junio de 2023, que, lamentablemente, no logr\u00f3 captar el mismo inter\u00e9s del p\u00fablico. En su primer fin &hellip; <a href=\"https:\/\/cms-articles.softonic.io\/es\/netflix-se-carga-la-serie-de-arnold-schwarzenegger-tras-dos-temporadas\/\" class=\"more-link\">Continue reading<span class=\"screen-reader-text\"> &#8220;Netflix se carga la serie de Arnold Schwarzenegger tras dos temporadas&#8221;<\/span><\/a><\/p>\n","protected":false},"author":9317,"featured_media":392111,"comment_status":"closed","ping_status":"closed","sticky":false,"template":"","format":"standard","meta":{"footnotes":"","wpcf-pageviews":0},"categories":[9317],"tags":[17060,24002,17059,9535],"usertag":[],"vertical":[],"content-category":[],"class_list":["post-392110","post","type-post","status-publish","format-standard","has-post-thumbnail","hentry","category-news","tag-arnold-schwarzenegger","tag-arnold-schwarzenegger-serie","tag-fubar","tag-streaming"],"aioseo_notices":[],"_links":{"self":[{"href":"https:\/\/cms-articles.softonic.io\/es\/wp-json\/wp\/v2\/posts\/392110","targetHints":{"allow":["GET"]}}],"collection":[{"href":"https:\/\/cms-articles.softonic.io\/es\/wp-json\/wp\/v2\/posts"}],"about":[{"href":"https:\/\/cms-articles.softonic.io\/es\/wp-json\/wp\/v2\/types\/post"}],"author":[{"embeddable":true,"href":"https:\/\/cms-articles.softonic.io\/es\/wp-json\/wp\/v2\/users\/9317"}],"replies":[{"embeddable":true,"href":"https:\/\/cms-articles.softonic.io\/es\/wp-json\/wp\/v2\/comments?post=392110"}],"version-history":[{"count":1,"href":"https:\/\/cms-articles.softonic.io\/es\/wp-json\/wp\/v2\/posts\/392110\/revisions"}],"predecessor-version":[{"id":392112,"href":"https:\/\/cms-articles.softonic.io\/es\/wp-json\/wp\/v2\/posts\/392110\/revisions\/392112"}],"wp:featuredmedia":[{"embeddable":true,"href":"https:\/\/cms-articles.softonic.io\/es\/wp-json\/wp\/v2\/media\/392111"}],"wp:attachment":[{"href":"https:\/\/cms-articles.softonic.io\/es\/wp-json\/wp\/v2\/media?parent=392110"}],"wp:term":[{"taxonomy":"category","embeddable":true,"href":"https:\/\/cms-articles.softonic.io\/es\/wp-json\/wp\/v2\/categories?post=392110"},{"taxonomy":"post_tag","embeddable":true,"href":"https:\/\/cms-articles.softonic.io\/es\/wp-json\/wp\/v2\/tags?post=392110"},{"taxonomy":"usertag","embeddable":true,"href":"https:\/\/cms-articles.softonic.io\/es\/wp-json\/wp\/v2\/usertag?post=392110"},{"taxonomy":"vertical","embeddable":true,"href":"https:\/\/cms-articles.softonic.io\/es\/wp-json\/wp\/v2\/vertical?post=392110"},{"taxonomy":"content-category","embeddable":true,"href":"https:\/\/cms-articles.softonic.io\/es\/wp-json\/wp\/v2\/content-category?post=392110"}],"curies":[{"name":"wp","href":"https:\/\/api.w.org\/{rel}","templated":true}]}}