{"id":394647,"date":"2025-09-01T17:16:33","date_gmt":"2025-09-01T15:16:33","guid":{"rendered":"https:\/\/cms-articles.softonic.io\/es\/?p=394647"},"modified":"2025-09-01T20:57:34","modified_gmt":"2025-09-01T18:57:34","slug":"la-mujer-de-bruce-willis-responde-a-todos-los-que-la-critican-por-su-actitud-con-el-actor-no-puedes-opinar","status":"publish","type":"post","link":"https:\/\/cms-articles.softonic.io\/es\/la-mujer-de-bruce-willis-responde-a-todos-los-que-la-critican-por-su-actitud-con-el-actor-no-puedes-opinar\/","title":{"rendered":"La mujer de Bruce Willis responde a todos los que la critican por su actitud con el actor: &#8220;No puedes opinar&#8221;"},"content":{"rendered":"\n<p>Emma Heming Willis, esposa del <a href=\"https:\/\/www.sensacine.com\/noticias\/cine\/noticia-1000077716\/\">renombrado actor Bruce Willis<\/a>, <strong>ha respondido a las cr\u00edticas que han surgido tras el anuncio de que el artista, diagnosticado con demencia frontotemporal, vive en una &#8220;segunda casa&#8221;<\/strong> con atenci\u00f3n las 24 horas. En un especial titulado Emma and Bruce Willis: The Unexpected Journey, emitido el pasado martes, Emma comparti\u00f3 que esta dif\u00edcil decisi\u00f3n se tom\u00f3 en beneficio de sus hijas, Mabel y Evelyn, quienes, seg\u00fan ella, requieren un hogar adaptado a sus necesidades.<\/p>\n\n\n\n<h2 class=\"wp-block-heading\">Bruce, siempre ser\u00e1s nuestro McClane<\/h2>\n\n\n\n<p><a href=\"https:\/\/www.sensacine.com\/noticias\/cine\/noticia-1000075118\/\">Bruce Willis<\/a> fue diagnosticado inicialmente con afasia en la primavera de 2022, y su condici\u00f3n se agrav\u00f3 posteriormente, llev\u00e1ndolo a recibir un diagn\u00f3stico de demencia frontotemporal. Emma explic\u00f3 que la comunicaci\u00f3n ha sido uno de los mayores retos de esta enfermedad. <em><strong>&#8220;Desafortunadamente, los desaf\u00edos con la comunicaci\u00f3n son solo un s\u00edntoma de la enfermedad que enfrenta Bruce&#8221;<\/strong><\/em>, coment\u00f3 en febrero de 2023.<\/p>\n\n\n\n<p>Ante las cr\u00edticas, Emma destac\u00f3 el trabajo de ABC News por aumentar la conciencia sobre la demencia frontotemporal y la importancia del papel de los cuidadores. Resalt\u00f3 que en situaciones complejas como esta, las voces de quienes no tienen experiencia real carecen de peso.<em><strong> &#8220;Si no tienen experiencia en esto, no pueden opinar&#8221;<\/strong><\/em>, afirm\u00f3 Emma en un video publicado en su cuenta de Instagram.<\/p>\n\n\n\n<figure class=\"wp-block-embed is-type-video is-provider-youtube wp-block-embed-youtube wp-embed-aspect-16-9 wp-has-aspect-ratio\"><div class=\"wp-block-embed__wrapper\">\n<iframe loading=\"lazy\" title=\"Official Trailer #1 - DIE HARD (1988, Bruce Willis, Alan Rickman, John McTiernan)\" width=\"840\" height=\"473\" src=\"https:\/\/www.youtube.com\/embed\/POH4hqWRZ-g?feature=oembed\" frameborder=\"0\" allow=\"accelerometer; autoplay; clipboard-write; encrypted-media; gyroscope; picture-in-picture; web-share\" referrerpolicy=\"strict-origin-when-cross-origin\" allowfullscreen><\/iframe>\n<\/div><\/figure>\n\n\n\n<p><em>&#8220;La verdad es que las opiniones son muy fuertes y ruidosas&#8221;<\/em>, a\u00f1adi\u00f3. La decisi\u00f3n de que Bruce viva en una segunda casa fue considerada una de las m\u00e1s dif\u00edciles que ha tomado. Sin embargo, enfatiz\u00f3 que esta elecci\u00f3n busca proporcionar un entorno m\u00e1s adecuado para sus hijas y que, a pesar de la distancia, ella lo visita al menos dos veces al d\u00eda.<em><strong> &#8220;Es nuestro segundo hogar, lleno de amor, calidez y cari\u00f1o&#8221;<\/strong><\/em>, concluy\u00f3 Emma.<\/p>\n","protected":false},"excerpt":{"rendered":"<p>Emma Heming Willis, esposa del renombrado actor Bruce Willis, ha respondido a las cr\u00edticas que han surgido tras el anuncio de que el artista, diagnosticado con demencia frontotemporal, vive en una &#8220;segunda casa&#8221; con atenci\u00f3n las 24 horas. En un especial titulado Emma and Bruce Willis: The Unexpected Journey, emitido el pasado martes, Emma comparti\u00f3 &hellip; <a href=\"https:\/\/cms-articles.softonic.io\/es\/la-mujer-de-bruce-willis-responde-a-todos-los-que-la-critican-por-su-actitud-con-el-actor-no-puedes-opinar\/\" class=\"more-link\">Continue reading<span class=\"screen-reader-text\"> &#8220;La mujer de Bruce Willis responde a todos los que la critican por su actitud con el actor: &#8220;No puedes opinar&#8221;&#8221;<\/span><\/a><\/p>\n","protected":false},"author":9317,"featured_media":394649,"comment_status":"closed","ping_status":"closed","sticky":false,"template":"","format":"standard","meta":{"footnotes":"","wpcf-pageviews":0},"categories":[9317],"tags":[21804],"usertag":[],"vertical":[],"content-category":[],"class_list":["post-394647","post","type-post","status-publish","format-standard","has-post-thumbnail","hentry","category-news","tag-bruce-willis"],"aioseo_notices":[],"_links":{"self":[{"href":"https:\/\/cms-articles.softonic.io\/es\/wp-json\/wp\/v2\/posts\/394647","targetHints":{"allow":["GET"]}}],"collection":[{"href":"https:\/\/cms-articles.softonic.io\/es\/wp-json\/wp\/v2\/posts"}],"about":[{"href":"https:\/\/cms-articles.softonic.io\/es\/wp-json\/wp\/v2\/types\/post"}],"author":[{"embeddable":true,"href":"https:\/\/cms-articles.softonic.io\/es\/wp-json\/wp\/v2\/users\/9317"}],"replies":[{"embeddable":true,"href":"https:\/\/cms-articles.softonic.io\/es\/wp-json\/wp\/v2\/comments?post=394647"}],"version-history":[{"count":1,"href":"https:\/\/cms-articles.softonic.io\/es\/wp-json\/wp\/v2\/posts\/394647\/revisions"}],"predecessor-version":[{"id":394650,"href":"https:\/\/cms-articles.softonic.io\/es\/wp-json\/wp\/v2\/posts\/394647\/revisions\/394650"}],"wp:featuredmedia":[{"embeddable":true,"href":"https:\/\/cms-articles.softonic.io\/es\/wp-json\/wp\/v2\/media\/394649"}],"wp:attachment":[{"href":"https:\/\/cms-articles.softonic.io\/es\/wp-json\/wp\/v2\/media?parent=394647"}],"wp:term":[{"taxonomy":"category","embeddable":true,"href":"https:\/\/cms-articles.softonic.io\/es\/wp-json\/wp\/v2\/categories?post=394647"},{"taxonomy":"post_tag","embeddable":true,"href":"https:\/\/cms-articles.softonic.io\/es\/wp-json\/wp\/v2\/tags?post=394647"},{"taxonomy":"usertag","embeddable":true,"href":"https:\/\/cms-articles.softonic.io\/es\/wp-json\/wp\/v2\/usertag?post=394647"},{"taxonomy":"vertical","embeddable":true,"href":"https:\/\/cms-articles.softonic.io\/es\/wp-json\/wp\/v2\/vertical?post=394647"},{"taxonomy":"content-category","embeddable":true,"href":"https:\/\/cms-articles.softonic.io\/es\/wp-json\/wp\/v2\/content-category?post=394647"}],"curies":[{"name":"wp","href":"https:\/\/api.w.org\/{rel}","templated":true}]}}