{"id":395091,"date":"2025-09-04T19:15:37","date_gmt":"2025-09-04T17:15:37","guid":{"rendered":"https:\/\/cms-articles.softonic.io\/es\/?p=395091"},"modified":"2025-09-05T09:04:42","modified_gmt":"2025-09-05T07:04:42","slug":"stephen-king-esta-contra-la-violencia-de-marvel-y-dc-si-ese-stephen-king","status":"publish","type":"post","link":"https:\/\/cms-articles.softonic.io\/es\/stephen-king-esta-contra-la-violencia-de-marvel-y-dc-si-ese-stephen-king\/","title":{"rendered":"Stephen King est\u00e1 contra la violencia de Marvel y DC. S\u00ed, ese Stephen King"},"content":{"rendered":"\n<p>Stephen King, el renombrado autor de novelas de terror, <strong>ha expresado recientemente sus preocupaciones sobre la representaci\u00f3n de la violencia en las pel\u00edculas de superh\u00e9roes de Hollywood<\/strong>. En una entrevista con The Times UK, King critic\u00f3 a las producciones de Marvel y DC por mostrar destrucci\u00f3n masiva en sus historias sin ilustrar las repercusiones humanas que esto conlleva. Seg\u00fan el autor, estas narrativas crean un entorno donde la violencia parece desprovista de consecuencias reales, lo que puede distorsionar la percepci\u00f3n de la realidad entre los espectadores.<\/p>\n\n\n\n<h2 class=\"wp-block-heading\">Ay, no, qu\u00e9 violento. Bueno, a seguir escribiendo sangre<\/h2>\n\n\n\n<p>King puntualiz\u00f3 que, en muchas de estas pel\u00edculas, ciudades enteras son arrasadas ante los ojos del p\u00fablico, pero rara vez se muestra el da\u00f1o f\u00edsico o emocional que sufren las personas en el proceso. <strong>Esta falta de representaci\u00f3n, seg\u00fan \u00e9l, contribuye a una visi\u00f3n deshumanizada de la violencia<\/strong>, que podr\u00eda afectar la manera en que el p\u00fablico entiende y asimila estos actos en su vida cotidiana.<\/p>\n\n\n\n<p>La cr\u00edtica del autor llega en un momento en que <a href=\"https:\/\/www.3djuegos.com\/tv-series\/noticias\/obra-complicada-monumental-stephen-king-hay-buenas-noticias-serie-torre-oscura-sigue-adelante\">su propia obra, la novela dist\u00f3pica La larga marcha<\/a>, tendr\u00e1 su adaptaci\u00f3n cinematogr\u00e1fica, que se estrenar\u00e1 este mes. Esta novela, que explora temas de opresi\u00f3n y resistencia, ofrece un contrastante enfoque sobre la violencia y sus consecuencias. King ha se\u00f1alado que, a<strong> trav\u00e9s de su narrativa, pretende provocar una reflexi\u00f3n m\u00e1s profunda<\/strong> sobre la naturaleza de la violencia en la sociedad.<\/p>\n\n\n\n<figure class=\"wp-block-embed is-type-video is-provider-youtube wp-block-embed-youtube wp-embed-aspect-16-9 wp-has-aspect-ratio\"><div class=\"wp-block-embed__wrapper\">\n<iframe loading=\"lazy\" title=\"The Long Walk (2025) Official Trailer - Cooper Hoffman, David Jonsson\" width=\"840\" height=\"473\" src=\"https:\/\/www.youtube.com\/embed\/vAtUHeMQ1F8?feature=oembed\" frameborder=\"0\" allow=\"accelerometer; autoplay; clipboard-write; encrypted-media; gyroscope; picture-in-picture; web-share\" referrerpolicy=\"strict-origin-when-cross-origin\" allowfullscreen><\/iframe>\n<\/div><\/figure>\n\n\n\n<p>Con la creciente popularidad de las pel\u00edculas de superh\u00e9roes, <a href=\"https:\/\/www.sensacine.com.mx\/noticias\/noticia-1000079208\/\">las palabras de King<\/a> generan un debate significativo sobre la responsabilidad de los creadores de contenido en la representaci\u00f3n de la violencia. <strong>Los fans y cr\u00edticos por igual est\u00e1n a la expectativa de c\u00f3mo estas preocupaciones se reflejar\u00e1n<\/strong> no solo en las adaptaciones de King, sino tambi\u00e9n en futuras producciones de la industria del entretenimiento.<\/p>\n","protected":false},"excerpt":{"rendered":"<p>Stephen King, el renombrado autor de novelas de terror, ha expresado recientemente sus preocupaciones sobre la representaci\u00f3n de la violencia en las pel\u00edculas de superh\u00e9roes de Hollywood. En una entrevista con The Times UK, King critic\u00f3 a las producciones de Marvel y DC por mostrar destrucci\u00f3n masiva en sus historias sin ilustrar las repercusiones humanas &hellip; <a href=\"https:\/\/cms-articles.softonic.io\/es\/stephen-king-esta-contra-la-violencia-de-marvel-y-dc-si-ese-stephen-king\/\" class=\"more-link\">Continue reading<span class=\"screen-reader-text\"> &#8220;Stephen King est\u00e1 contra la violencia de Marvel y DC. S\u00ed, ese Stephen King&#8221;<\/span><\/a><\/p>\n","protected":false},"author":9317,"featured_media":395092,"comment_status":"closed","ping_status":"closed","sticky":false,"template":"","format":"standard","meta":{"footnotes":"","wpcf-pageviews":0},"categories":[9317],"tags":[10776,10935,10777],"usertag":[],"vertical":[],"content-category":[],"class_list":["post-395091","post","type-post","status-publish","format-standard","has-post-thumbnail","hentry","category-news","tag-dc","tag-stephen-king","tag-superheroes"],"aioseo_notices":[],"_links":{"self":[{"href":"https:\/\/cms-articles.softonic.io\/es\/wp-json\/wp\/v2\/posts\/395091","targetHints":{"allow":["GET"]}}],"collection":[{"href":"https:\/\/cms-articles.softonic.io\/es\/wp-json\/wp\/v2\/posts"}],"about":[{"href":"https:\/\/cms-articles.softonic.io\/es\/wp-json\/wp\/v2\/types\/post"}],"author":[{"embeddable":true,"href":"https:\/\/cms-articles.softonic.io\/es\/wp-json\/wp\/v2\/users\/9317"}],"replies":[{"embeddable":true,"href":"https:\/\/cms-articles.softonic.io\/es\/wp-json\/wp\/v2\/comments?post=395091"}],"version-history":[{"count":1,"href":"https:\/\/cms-articles.softonic.io\/es\/wp-json\/wp\/v2\/posts\/395091\/revisions"}],"predecessor-version":[{"id":395093,"href":"https:\/\/cms-articles.softonic.io\/es\/wp-json\/wp\/v2\/posts\/395091\/revisions\/395093"}],"wp:featuredmedia":[{"embeddable":true,"href":"https:\/\/cms-articles.softonic.io\/es\/wp-json\/wp\/v2\/media\/395092"}],"wp:attachment":[{"href":"https:\/\/cms-articles.softonic.io\/es\/wp-json\/wp\/v2\/media?parent=395091"}],"wp:term":[{"taxonomy":"category","embeddable":true,"href":"https:\/\/cms-articles.softonic.io\/es\/wp-json\/wp\/v2\/categories?post=395091"},{"taxonomy":"post_tag","embeddable":true,"href":"https:\/\/cms-articles.softonic.io\/es\/wp-json\/wp\/v2\/tags?post=395091"},{"taxonomy":"usertag","embeddable":true,"href":"https:\/\/cms-articles.softonic.io\/es\/wp-json\/wp\/v2\/usertag?post=395091"},{"taxonomy":"vertical","embeddable":true,"href":"https:\/\/cms-articles.softonic.io\/es\/wp-json\/wp\/v2\/vertical?post=395091"},{"taxonomy":"content-category","embeddable":true,"href":"https:\/\/cms-articles.softonic.io\/es\/wp-json\/wp\/v2\/content-category?post=395091"}],"curies":[{"name":"wp","href":"https:\/\/api.w.org\/{rel}","templated":true}]}}