{"id":396218,"date":"2025-09-17T13:05:00","date_gmt":"2025-09-17T11:05:00","guid":{"rendered":"https:\/\/cms-articles.softonic.io\/es\/?p=396218"},"modified":"2025-09-18T08:11:21","modified_gmt":"2025-09-18T06:11:21","slug":"vuelve-el-spinoff-universitario-de-la-serie-de-superheroes-mas-gamberra-con-una-segunda-temporada-que-promete-aun-mas-accion-e-ironia","status":"publish","type":"post","link":"https:\/\/cms-articles.softonic.io\/es\/vuelve-el-spinoff-universitario-de-la-serie-de-superheroes-mas-gamberra-con-una-segunda-temporada-que-promete-aun-mas-accion-e-ironia\/","title":{"rendered":"Vuelve el spinoff universitario de la serie de superh\u00e9roes m\u00e1s gamberra con una segunda temporada que promete a\u00fan m\u00e1s acci\u00f3n e iron\u00eda"},"content":{"rendered":"\n<p>La serie de superh\u00e9roes derivada de The Boys, conocida como Gen V, <a href=\"https:\/\/www.softonic.com\/articulos\/temporada-2-gen-v-spinoff\">regresa despu\u00e9s de dos a\u00f1os de espera desde su primera temporada<\/a>. <strong>La segunda temporada se ha estrenado el 17 de septiembre de 2023 a las 9 de la ma\u00f1ana hora peninsular de Espa\u00f1a exclusivamente para suscriptores de Prime Video<\/strong>.<\/p>\n\n\n\n<h2 class=\"wp-block-heading\">Una serie repleta de sarcasmo, pol\u00edtica y humor negro<\/h2>\n\n\n\n<p>Desde su debut, Gen V ha atra\u00eddo a un p\u00fablico entusiasta, destac\u00e1ndose por su enfoque \u00fanico en la juventud de los superh\u00e9roes y explorando temas sociales paralelos a la popular serie principal. <strong>Esta nueva entrega consta de un total de ocho episodios, cada uno prometiendo continuar la narrativa llena de acci\u00f3n, iron\u00eda y cr\u00edticas al mundo de los superh\u00e9roes que ya consagr\u00f3 a The Boys<\/strong>.<\/p>\n\n\n\n<p>La primera temporada recibi\u00f3 elogios por su enfoque audaz, ofreciendo una mezcla de humor negro, drama y cr\u00edtica social. <strong>Se espera que la segunda temporada expanda a\u00fan m\u00e1s este universo, profundizando en el desarrollo de los personajes y las complejidades del poder y la moralidad en un mundo dominado por superhumanos<\/strong>. Los fan\u00e1ticos han estado ansiosos por novedades sobre la trama, y aunque las sinopsis detalladas a\u00fan no han sido reveladas, la anticipaci\u00f3n se ha mantenido alta. Se rumorea que la temporada incluir\u00e1 giros inesperados y nuevas alianzas, aunque estos detalles permanecen en el \u00e1mbito de la especulaci\u00f3n.<\/p>\n\n\n\n<figure class=\"wp-block-embed is-type-video is-provider-youtube wp-block-embed-youtube wp-embed-aspect-16-9 wp-has-aspect-ratio\"><div class=\"wp-block-embed__wrapper\">\n<iframe loading=\"lazy\" title=\"Gen V Temporada 2 - Tr\u00e1iler Oficial | Prime Video Espa\u00f1a\" width=\"840\" height=\"473\" src=\"https:\/\/www.youtube.com\/embed\/copWVIi-wGA?feature=oembed\" frameborder=\"0\" allow=\"accelerometer; autoplay; clipboard-write; encrypted-media; gyroscope; picture-in-picture; web-share\" referrerpolicy=\"strict-origin-when-cross-origin\" allowfullscreen><\/iframe>\n<\/div><\/figure>\n\n\n\n<p>Con esta nueva temporada, Gen V no solo busca atraer a los seguidores de The Boys, <strong>sino tambi\u00e9n captar la atenci\u00f3n de nuevos espectadores, consolidando as\u00ed su lugar en el competitivo panorama de las series de superh\u00e9roes en plataformas de streaming<\/strong>. El retorno de Gen V se alinea con tendencias en la industria que contin\u00faan impulsando la narrativa de superh\u00e9roes en diversas direcciones creativas.<\/p>\n\n\n<div class=\"sc-card-program\">\r\n  <div class=\"sc-card-program__body\">\r\n    <div class=\"sc-card-program__row clearfix\">\r\n      <div class=\"sc-card-program__col-logo\">\r\n        <img decoding=\"async\" class=\"sc-card-program__img\" src=\"https:\/\/images.sftcdn.net\/images\/t_app-icon-s\/p\/c162012f-3d10-436b-a6b5-fde423154d8c\/3464089414\/amazon-prime-video-download-amazon-prime-video.jpg\" alt=\"Amazon Prime Video\" width=\"100px\" height=\"100px\">\r\n      <\/div>\r\n      <div class=\"sc-card-program__col-title\">\r\n        <span class=\"sc-card-program__title\">Amazon Prime Video<\/span>\r\n        <a class=\"sc-card-program__button sc-card-program-internal\" href=\"https:\/\/amazon-prime-video.softonic.com\/\" target=\"_self\" rel=\"noopener noreferrer\">DESCARGAR<\/a>\r\n      <\/div>\r\n      <div class=\"sc-card-program__col-rating\">\r\n        <svg class=\"rating-score__content\" xmlns=\"http:\/\/www.w3.org\/2000\/svg\" version=\"1.1\" x=\"0\" y=\"0\" viewbox=\"0 0 50 50\" enable-background=\"new 0 0 50 50\" xml:space=\"preserve\"><path class=\"rating-score__background rating-score--good\" fill=\"none\" stroke-width=\"6\" stroke-miterlimit=\"10\" d=\"M40 40c8.3-8.3 8.3-21.7 0-30s-21.7-8.3-30 0 -8.3 21.7 0 30\"><\/path><path class=\"rating-score__value rating-score__value--0\" fill=\"none\" stroke-width=\"6\" stroke-dashoffset=\"0\" stroke-miterlimit=\"10\" d=\"M40 40c8.3-8.3 8.3-21.7 0-30s-21.7-8.3-30 0 -8.3 21.7 0 30\"><\/path><text class=\"rating-score__number\" content=\"\" text-anchor=\"middle\" transform=\"matrix(1 0 0 1 25 31.0837)\" data-auto=\"app-user-score\"><\/text><\/svg>\r\n      <\/div>\r\n    <\/div>\r\n    <div class=\"sc-card-program__row\">\r\n      <span class=\"sc-card-program__description\"><\/span>\r\n    <\/div>\r\n    <div class=\"sc-card-program__row\">\r\n      <img decoding=\"async\" class=\"sc-card-program__bigpic\" src=\"\" onerror=\"this.style.display='none'\">\r\n    <\/div>\r\n    <a class=\"sc-card-program__link track-link sc-card-program-internal\" href=\"https:\/\/amazon-prime-video.softonic.com\/\" target=\"_self\" rel=\"noopener noreferrer\"><\/a>\r\n  <\/div>\r\n<\/div>\n","protected":false},"excerpt":{"rendered":"<p>La serie de superh\u00e9roes derivada de The Boys, conocida como Gen V, regresa despu\u00e9s de dos a\u00f1os de espera desde su primera temporada. La segunda temporada se ha estrenado el 17 de septiembre de 2023 a las 9 de la ma\u00f1ana hora peninsular de Espa\u00f1a exclusivamente para suscriptores de Prime Video. Una serie repleta de &hellip; <a href=\"https:\/\/cms-articles.softonic.io\/es\/vuelve-el-spinoff-universitario-de-la-serie-de-superheroes-mas-gamberra-con-una-segunda-temporada-que-promete-aun-mas-accion-e-ironia\/\" class=\"more-link\">Continue reading<span class=\"screen-reader-text\"> &#8220;Vuelve el spinoff universitario de la serie de superh\u00e9roes m\u00e1s gamberra con una segunda temporada que promete a\u00fan m\u00e1s acci\u00f3n e iron\u00eda&#8221;<\/span><\/a><\/p>\n","protected":false},"author":9318,"featured_media":396249,"comment_status":"closed","ping_status":"closed","sticky":false,"template":"","format":"standard","meta":{"footnotes":"","wpcf-pageviews":0},"categories":[9317],"tags":[9388,11183,17738,12068,9535,12023,11758],"usertag":[],"vertical":[],"content-category":[14557],"class_list":["post-396218","post","type-post","status-publish","format-standard","has-post-thumbnail","hentry","category-news","tag-amazon","tag-amazon-prime-video-2","tag-gen-v","tag-politica","tag-streaming","tag-temporada-2","tag-the-boys","content-category-streaming-videos"],"aioseo_notices":[],"_links":{"self":[{"href":"https:\/\/cms-articles.softonic.io\/es\/wp-json\/wp\/v2\/posts\/396218","targetHints":{"allow":["GET"]}}],"collection":[{"href":"https:\/\/cms-articles.softonic.io\/es\/wp-json\/wp\/v2\/posts"}],"about":[{"href":"https:\/\/cms-articles.softonic.io\/es\/wp-json\/wp\/v2\/types\/post"}],"author":[{"embeddable":true,"href":"https:\/\/cms-articles.softonic.io\/es\/wp-json\/wp\/v2\/users\/9318"}],"replies":[{"embeddable":true,"href":"https:\/\/cms-articles.softonic.io\/es\/wp-json\/wp\/v2\/comments?post=396218"}],"version-history":[{"count":2,"href":"https:\/\/cms-articles.softonic.io\/es\/wp-json\/wp\/v2\/posts\/396218\/revisions"}],"predecessor-version":[{"id":396250,"href":"https:\/\/cms-articles.softonic.io\/es\/wp-json\/wp\/v2\/posts\/396218\/revisions\/396250"}],"wp:featuredmedia":[{"embeddable":true,"href":"https:\/\/cms-articles.softonic.io\/es\/wp-json\/wp\/v2\/media\/396249"}],"wp:attachment":[{"href":"https:\/\/cms-articles.softonic.io\/es\/wp-json\/wp\/v2\/media?parent=396218"}],"wp:term":[{"taxonomy":"category","embeddable":true,"href":"https:\/\/cms-articles.softonic.io\/es\/wp-json\/wp\/v2\/categories?post=396218"},{"taxonomy":"post_tag","embeddable":true,"href":"https:\/\/cms-articles.softonic.io\/es\/wp-json\/wp\/v2\/tags?post=396218"},{"taxonomy":"usertag","embeddable":true,"href":"https:\/\/cms-articles.softonic.io\/es\/wp-json\/wp\/v2\/usertag?post=396218"},{"taxonomy":"vertical","embeddable":true,"href":"https:\/\/cms-articles.softonic.io\/es\/wp-json\/wp\/v2\/vertical?post=396218"},{"taxonomy":"content-category","embeddable":true,"href":"https:\/\/cms-articles.softonic.io\/es\/wp-json\/wp\/v2\/content-category?post=396218"}],"curies":[{"name":"wp","href":"https:\/\/api.w.org\/{rel}","templated":true}]}}