{"id":396889,"date":"2025-09-23T21:51:35","date_gmt":"2025-09-23T19:51:35","guid":{"rendered":"https:\/\/cms-articles.softonic.io\/es\/?p=396889"},"modified":"2025-09-24T09:17:24","modified_gmt":"2025-09-24T07:17:24","slug":"la-emotiva-pelicula-que-italia-mandara-a-los-oscar","status":"publish","type":"post","link":"https:\/\/cms-articles.softonic.io\/es\/la-emotiva-pelicula-que-italia-mandara-a-los-oscar\/","title":{"rendered":"La emotiva pel\u00edcula que Italia mandar\u00e1 a los Oscar"},"content":{"rendered":"\n<p><strong>Italia ha seleccionado &#8216;Familia&#8217; como su candidata para el Oscar a la Mejor Pel\u00edcula Internacional en la 98\u00aa edici\u00f3n de los Premios de la Academia<\/strong>. Este drama biogr\u00e1fico, dirigido por Francesco Costabile, representa una apuesta significativa para el pa\u00eds, dado su enfoque en temas sociales y personales complejos.<\/p>\n\n\n\n<h2 class=\"wp-block-heading\">La gran competencia en Mejor Pel\u00edcula Extranjera<\/h2>\n\n\n\n<p>La pel\u00edcula, que ha generado expectativas en el \u00e1mbito cinematogr\u00e1fico internacional, es<strong> co-escrita por Costabile junto a Vittorio Moroni y Andriano Chiarelli.<\/strong> Se basa en las memorias de Luigi Celeste, tituladas &#8216;No ser\u00e1 siempre as\u00ed&#8217;, donde se explora su juventud marcada por el extremismo pol\u00edtico y experiencias de violencia dom\u00e9stica. Este enfoque en una narrativa personal y violenta ofrece una mirada profunda a la radicalizaci\u00f3n y sus efectos en la vida familiar, lo que a\u00f1ade una capa de complejidad a la historia.<\/p>\n\n\n\n<p>El trabajo de Costabile ha sido aclamado por diversos cr\u00edticos, quienes destacan la manera en que aborda temas delicados y universales, como la identidad, el sufrimiento y el arrepentimiento<strong>. &#8216;Familia&#8217; no solo busca destacar en la gala de los Oscars, sino que tambi\u00e9n plantea preguntas cruciales sobre la sociedad contempor\u00e1nea<\/strong> y las cicatrices que dejan las ideolog\u00edas extremas.<\/p>\n\n\n\n<p>En un momento en que el cine internacional est\u00e1 experimentando un resurgimiento de historias aut\u00e9nticas y significativas, la selecci\u00f3n de Italia para este galard\u00f3n subraya la relevancia del arte en el di\u00e1logo social.<strong> La pel\u00edcula comenzar\u00e1 su recorrido por festivales y plataformas, generando una mezcla de inter\u00e9s y expectaci\u00f3n entre audiencias y cr\u00edticos por igual.<\/strong><\/p>\n\n\n\n<figure class=\"wp-block-embed is-type-video is-provider-youtube wp-block-embed-youtube wp-embed-aspect-16-9 wp-has-aspect-ratio\"><div class=\"wp-block-embed__wrapper\">\n<iframe loading=\"lazy\" title=\"FAMILIA (2024) | Trailer ufficiale del film di Francesco Costabile\" width=\"840\" height=\"473\" src=\"https:\/\/www.youtube.com\/embed\/iVY-8wUz5LM?feature=oembed\" frameborder=\"0\" allow=\"accelerometer; autoplay; clipboard-write; encrypted-media; gyroscope; picture-in-picture; web-share\" referrerpolicy=\"strict-origin-when-cross-origin\" allowfullscreen><\/iframe>\n<\/div><\/figure>\n\n\n\n<p>Mientras los ojos del mundo se centran en la pr\u00f3xima ceremonia, <strong>&#8216;Familia&#8217; tiene la oportunidad de convertirse en un faro de discusi\u00f3n sobre cuestiones que afectan a muchas sociedades actuales<\/strong>, haci\u00e9ndola no solo una obra cinematogr\u00e1fica, sino un evento cultural significativo.<\/p>\n\n\n\n<p><\/p>\n","protected":false},"excerpt":{"rendered":"<p>Italia ha seleccionado &#8216;Familia&#8217; como su candidata para el Oscar a la Mejor Pel\u00edcula Internacional en la 98\u00aa edici\u00f3n de los Premios de la Academia. Este drama biogr\u00e1fico, dirigido por Francesco Costabile, representa una apuesta significativa para el pa\u00eds, dado su enfoque en temas sociales y personales complejos. La gran competencia en Mejor Pel\u00edcula Extranjera &hellip; <a href=\"https:\/\/cms-articles.softonic.io\/es\/la-emotiva-pelicula-que-italia-mandara-a-los-oscar\/\" class=\"more-link\">Continue reading<span class=\"screen-reader-text\"> &#8220;La emotiva pel\u00edcula que Italia mandar\u00e1 a los Oscar&#8221;<\/span><\/a><\/p>\n","protected":false},"author":9317,"featured_media":396890,"comment_status":"closed","ping_status":"closed","sticky":false,"template":"","format":"standard","meta":{"footnotes":"","wpcf-pageviews":0},"categories":[9317],"tags":[26248,26249,25936],"usertag":[],"vertical":[],"content-category":[],"class_list":["post-396889","post","type-post","status-publish","format-standard","has-post-thumbnail","hentry","category-news","tag-familia","tag-italia-oscars","tag-mejor-pelicula-extranjera"],"aioseo_notices":[],"_links":{"self":[{"href":"https:\/\/cms-articles.softonic.io\/es\/wp-json\/wp\/v2\/posts\/396889","targetHints":{"allow":["GET"]}}],"collection":[{"href":"https:\/\/cms-articles.softonic.io\/es\/wp-json\/wp\/v2\/posts"}],"about":[{"href":"https:\/\/cms-articles.softonic.io\/es\/wp-json\/wp\/v2\/types\/post"}],"author":[{"embeddable":true,"href":"https:\/\/cms-articles.softonic.io\/es\/wp-json\/wp\/v2\/users\/9317"}],"replies":[{"embeddable":true,"href":"https:\/\/cms-articles.softonic.io\/es\/wp-json\/wp\/v2\/comments?post=396889"}],"version-history":[{"count":1,"href":"https:\/\/cms-articles.softonic.io\/es\/wp-json\/wp\/v2\/posts\/396889\/revisions"}],"predecessor-version":[{"id":396891,"href":"https:\/\/cms-articles.softonic.io\/es\/wp-json\/wp\/v2\/posts\/396889\/revisions\/396891"}],"wp:featuredmedia":[{"embeddable":true,"href":"https:\/\/cms-articles.softonic.io\/es\/wp-json\/wp\/v2\/media\/396890"}],"wp:attachment":[{"href":"https:\/\/cms-articles.softonic.io\/es\/wp-json\/wp\/v2\/media?parent=396889"}],"wp:term":[{"taxonomy":"category","embeddable":true,"href":"https:\/\/cms-articles.softonic.io\/es\/wp-json\/wp\/v2\/categories?post=396889"},{"taxonomy":"post_tag","embeddable":true,"href":"https:\/\/cms-articles.softonic.io\/es\/wp-json\/wp\/v2\/tags?post=396889"},{"taxonomy":"usertag","embeddable":true,"href":"https:\/\/cms-articles.softonic.io\/es\/wp-json\/wp\/v2\/usertag?post=396889"},{"taxonomy":"vertical","embeddable":true,"href":"https:\/\/cms-articles.softonic.io\/es\/wp-json\/wp\/v2\/vertical?post=396889"},{"taxonomy":"content-category","embeddable":true,"href":"https:\/\/cms-articles.softonic.io\/es\/wp-json\/wp\/v2\/content-category?post=396889"}],"curies":[{"name":"wp","href":"https:\/\/api.w.org\/{rel}","templated":true}]}}