{"id":397242,"date":"2025-09-26T16:11:11","date_gmt":"2025-09-26T14:11:11","guid":{"rendered":"https:\/\/cms-articles.softonic.io\/es\/?p=397242"},"modified":"2025-09-26T16:11:14","modified_gmt":"2025-09-26T14:11:14","slug":"jennifer-lawrence-no-duda-en-calificar-la-matanza-de-palestina-como-genocidio","status":"publish","type":"post","link":"https:\/\/cms-articles.softonic.io\/es\/jennifer-lawrence-no-duda-en-calificar-la-matanza-de-palestina-como-genocidio\/","title":{"rendered":"Jennifer Lawrence no duda en calificar la matanza de Palestina como &#8220;genocidio&#8221;"},"content":{"rendered":"\n<p class=\"wp-block-paragraph\"><a href=\"https:\/\/www.3djuegos.lat\/cine-y-tv\/debi-hacerle-caso-jennifer-lawrence-se-arrepiente-haber-participado-esta-pelicula-ciencia-ficcion-a-pesar-advertencias\">Jennifer Lawrence<\/a> se pronunci\u00f3 en\u00e9rgicamente sobre la situaci\u00f3n en Palestina durante su presencia en el Festival de Cine de San Sebasti\u00e1n, donde present\u00f3 su nueva pel\u00edcula Die My Love y recibi\u00f3 el prestigioso Premio Donostia. En una conferencia de prensa celebrada el pasado viernes, la ganadora del \u00d3scar <strong>no dud\u00f3 en calificar la situaci\u00f3n actual en la regi\u00f3n como &#8220;un genocidio&#8221;<\/strong>, en respuesta a preguntas sobre el conflicto.<\/p>\n\n\n\n<h2 class=\"wp-block-heading\">Dilo, reina<\/h2>\n\n\n\n<p class=\"wp-block-paragraph\">La actriz, quien ha estado en el ojo p\u00fablico por su activismo, enfatiz\u00f3 la gravedad de los acontecimientos en Palestina, <strong>manifestando que &#8220;lo que est\u00e1 sucediendo no es menos que un genocidio&#8221;.<\/strong> Sus declaraciones han resonado en un momento cr\u00edtico, donde las tensiones en el Medio Oriente han sido objeto de extensas coberturas medi\u00e1ticas y debates p\u00fablicos.<\/p>\n\n\n\n<p class=\"wp-block-paragraph\">El Festival de Cine de San Sebasti\u00e1n, conocido por su compromiso con el reconocimiento del talento cinematogr\u00e1fico y art\u00edstico, ha otorgado el Premio Donostia a Lawrence como una distinci\u00f3n a su carrera y sus contribuciones a la industria del cine. Durante su visita, adem\u00e1s de discutir su nuevo proyecto, que aborda tem\u00e1ticas profundas y complejas, <a href=\"https:\/\/www.sensacine.com\/noticias\/cine\/noticia-1000010549\/\">la actriz no eludi\u00f3 el deber de hablar<\/a><strong> sobre cuestiones sociales y humanitarias que la preocupan.<\/strong><\/p>\n\n\n\n<figure class=\"wp-block-embed is-type-video is-provider-youtube wp-block-embed-youtube wp-embed-aspect-16-9 wp-has-aspect-ratio\"><div class=\"wp-block-embed__wrapper\">\n<iframe loading=\"lazy\" title=\"DIE MY LOVE | Official Teaser Trailer | In Theaters November\" width=\"840\" height=\"473\" src=\"https:\/\/www.youtube.com\/embed\/8Y6yG4SgFew?feature=oembed\" frameborder=\"0\" allow=\"accelerometer; autoplay; clipboard-write; encrypted-media; gyroscope; picture-in-picture; web-share\" referrerpolicy=\"strict-origin-when-cross-origin\" allowfullscreen><\/iframe>\n<\/div><\/figure>\n\n\n\n<p class=\"wp-block-paragraph\">A medida que la conversaci\u00f3n sobre el conflicto se intensifica en los c\u00edrculos internacionales, <strong>las declaraciones de Lawrence representan un ejemplo del impacto que pueden tener las figuras p\u00fablicas en el discurso social<\/strong>. Su valor al abordar estos temas sensibles a\u00f1ade una capa adicional a su presencia en el festival, que se ha centrado no solo en el entretenimiento, sino tambi\u00e9n en conversaciones cr\u00edticas sobre la realidad contempor\u00e1nea.<\/p>\n","protected":false},"excerpt":{"rendered":"<p>Jennifer Lawrence se pronunci\u00f3 en\u00e9rgicamente sobre la situaci\u00f3n en Palestina durante su presencia en el Festival de Cine de San Sebasti\u00e1n, donde present\u00f3 su nueva pel\u00edcula Die My Love y recibi\u00f3 el prestigioso Premio Donostia. En una conferencia de prensa celebrada el pasado viernes, la ganadora del \u00d3scar no dud\u00f3 en calificar la situaci\u00f3n actual &hellip; <a href=\"https:\/\/cms-articles.softonic.io\/es\/jennifer-lawrence-no-duda-en-calificar-la-matanza-de-palestina-como-genocidio\/\" class=\"more-link\">Continue reading<span class=\"screen-reader-text\"> &#8220;Jennifer Lawrence no duda en calificar la matanza de Palestina como &#8220;genocidio&#8221;&#8221;<\/span><\/a><\/p>\n","protected":false},"author":9317,"featured_media":397243,"comment_status":"closed","ping_status":"closed","sticky":false,"template":"","format":"standard","meta":{"footnotes":"","wpcf-pageviews":0},"categories":[9317],"tags":[25012,19224],"usertag":[],"vertical":[],"content-category":[],"class_list":["post-397242","post","type-post","status-publish","format-standard","has-post-thumbnail","hentry","category-news","tag-jennifer-lawrence","tag-palestina"],"aioseo_notices":[],"_links":{"self":[{"href":"https:\/\/cms-articles.softonic.io\/es\/wp-json\/wp\/v2\/posts\/397242","targetHints":{"allow":["GET"]}}],"collection":[{"href":"https:\/\/cms-articles.softonic.io\/es\/wp-json\/wp\/v2\/posts"}],"about":[{"href":"https:\/\/cms-articles.softonic.io\/es\/wp-json\/wp\/v2\/types\/post"}],"author":[{"embeddable":true,"href":"https:\/\/cms-articles.softonic.io\/es\/wp-json\/wp\/v2\/users\/9317"}],"replies":[{"embeddable":true,"href":"https:\/\/cms-articles.softonic.io\/es\/wp-json\/wp\/v2\/comments?post=397242"}],"version-history":[{"count":1,"href":"https:\/\/cms-articles.softonic.io\/es\/wp-json\/wp\/v2\/posts\/397242\/revisions"}],"predecessor-version":[{"id":397245,"href":"https:\/\/cms-articles.softonic.io\/es\/wp-json\/wp\/v2\/posts\/397242\/revisions\/397245"}],"wp:featuredmedia":[{"embeddable":true,"href":"https:\/\/cms-articles.softonic.io\/es\/wp-json\/wp\/v2\/media\/397243"}],"wp:attachment":[{"href":"https:\/\/cms-articles.softonic.io\/es\/wp-json\/wp\/v2\/media?parent=397242"}],"wp:term":[{"taxonomy":"category","embeddable":true,"href":"https:\/\/cms-articles.softonic.io\/es\/wp-json\/wp\/v2\/categories?post=397242"},{"taxonomy":"post_tag","embeddable":true,"href":"https:\/\/cms-articles.softonic.io\/es\/wp-json\/wp\/v2\/tags?post=397242"},{"taxonomy":"usertag","embeddable":true,"href":"https:\/\/cms-articles.softonic.io\/es\/wp-json\/wp\/v2\/usertag?post=397242"},{"taxonomy":"vertical","embeddable":true,"href":"https:\/\/cms-articles.softonic.io\/es\/wp-json\/wp\/v2\/vertical?post=397242"},{"taxonomy":"content-category","embeddable":true,"href":"https:\/\/cms-articles.softonic.io\/es\/wp-json\/wp\/v2\/content-category?post=397242"}],"curies":[{"name":"wp","href":"https:\/\/api.w.org\/{rel}","templated":true}]}}