{"id":397707,"date":"2025-10-01T16:00:49","date_gmt":"2025-10-01T14:00:49","guid":{"rendered":"https:\/\/cms-articles.softonic.io\/es\/?p=397707"},"modified":"2025-10-02T11:05:16","modified_gmt":"2025-10-02T09:05:16","slug":"el-documental-sobre-el-mejor-director-de-cine-vivo-ya-tiene-un-espectacular-trailer","status":"publish","type":"post","link":"https:\/\/cms-articles.softonic.io\/es\/el-documental-sobre-el-mejor-director-de-cine-vivo-ya-tiene-un-espectacular-trailer\/","title":{"rendered":"El documental sobre el mejor director de cine vivo ya tiene un espectacular tr\u00e1iler"},"content":{"rendered":"\n<p class=\"wp-block-paragraph\">Apple TV+ <strong>ha lanzado el tr\u00e1iler de su <a href=\"https:\/\/www.sensacine.com\/noticias\/series\/noticia-1000082689\/\">nueva serie<\/a> documental titulada Mr. Scorsese<\/strong>, dirigida por Rebecca Miller y centrada en la emblem\u00e1tica figura del cine, Martin Scorsese. Este documental de cinco partes ofrece una mirada profunda a la vida y carrera de un director, guionista y productor que ha sido nominado a 11 premios Oscar a lo largo de su trayectoria.<\/p>\n\n\n\n<h2 class=\"wp-block-heading\">Marty, siempre el mejor<\/h2>\n\n\n\n<p class=\"wp-block-paragraph\">Mr. Scorsese se presentar\u00e1 en el pr\u00f3ximo Festival de Cine de Nueva York, donde <strong>se exhibir\u00e1 en la secci\u00f3n Spotlight, un espacio que resalta obras de alto perfil<\/strong> en el \u00e1mbito cinematogr\u00e1fico. Este evento ser\u00e1 la premiere mundial de la serie, que se llevar\u00e1 a cabo el s\u00e1bado, consolidando as\u00ed a\u00fan m\u00e1s el estatus de Scorsese en el panorama cinematogr\u00e1fico de la ciudad que lo vio nacer.<\/p>\n\n\n\n<p class=\"wp-block-paragraph\">El lanzamiento oficial de la serie est\u00e1 programado para el 17 de octubre en la plataforma de streaming Apple TV+. Con esta producci\u00f3n, Apple TV+ busca no solo rendir homenaje a <a href=\"https:\/\/www.sensacine.com\/noticias\/cine\/noticia-1000083539\/\">uno de los cineastas m\u00e1s influyentes de la historia<\/a>, sino tambi\u00e9n <strong>atraer a una audiencia que valora tanto la calidad del contenido como la exploraci\u00f3n de temas significativos<\/strong> en la industria del cine.<\/p>\n\n\n\n<figure class=\"wp-block-embed is-type-video is-provider-youtube wp-block-embed-youtube wp-embed-aspect-16-9 wp-has-aspect-ratio\"><div class=\"wp-block-embed__wrapper\">\n<iframe loading=\"lazy\" title=\"Mr. Scorsese \u2014 First Look | Apple TV+\" width=\"840\" height=\"473\" src=\"https:\/\/www.youtube.com\/embed\/DBlEQHcXAJY?feature=oembed\" frameborder=\"0\" allow=\"accelerometer; autoplay; clipboard-write; encrypted-media; gyroscope; picture-in-picture; web-share\" referrerpolicy=\"strict-origin-when-cross-origin\" allowfullscreen><\/iframe>\n<\/div><\/figure>\n\n\n\n<p class=\"wp-block-paragraph\">La serie promete ofrecer a los espectadores una exploraci\u00f3n \u00edntima de la obra de Scorsese, as\u00ed como su impacto en el cine contempor\u00e1neo. Con el respaldo de la direcci\u00f3n de Miller y <strong>la riqueza narrativa que ha caracterizado a las obras de Scorsese<\/strong>, Mr. Scorsese se perfila como un esencial para los amantes del cine y de la cultura pop.<\/p>\n\n\n\n<p class=\"wp-block-paragraph\">Las expectativas son altas, y los aficionados al cine est\u00e1n ansiosos por ver c\u00f3mo se retratar\u00e1 a este ic\u00f3nico director en un formato tan \u00edntimo y revelador. <strong>Esta serie podr\u00eda convertirse en un referente en la representaci\u00f3n de artistas<\/strong> a trav\u00e9s del formato documental.<\/p>\n","protected":false},"excerpt":{"rendered":"<p>Apple TV+ ha lanzado el tr\u00e1iler de su nueva serie documental titulada Mr. Scorsese, dirigida por Rebecca Miller y centrada en la emblem\u00e1tica figura del cine, Martin Scorsese. Este documental de cinco partes ofrece una mirada profunda a la vida y carrera de un director, guionista y productor que ha sido nominado a 11 premios &hellip; <a href=\"https:\/\/cms-articles.softonic.io\/es\/el-documental-sobre-el-mejor-director-de-cine-vivo-ya-tiene-un-espectacular-trailer\/\" class=\"more-link\">Continue reading<span class=\"screen-reader-text\"> &#8220;El documental sobre el mejor director de cine vivo ya tiene un espectacular tr\u00e1iler&#8221;<\/span><\/a><\/p>\n","protected":false},"author":9317,"featured_media":397708,"comment_status":"closed","ping_status":"closed","sticky":false,"template":"","format":"standard","meta":{"footnotes":"","wpcf-pageviews":0},"categories":[9317],"tags":[11211],"usertag":[],"vertical":[],"content-category":[],"class_list":["post-397707","post","type-post","status-publish","format-standard","has-post-thumbnail","hentry","category-news","tag-martin-scorsese"],"aioseo_notices":[],"_links":{"self":[{"href":"https:\/\/cms-articles.softonic.io\/es\/wp-json\/wp\/v2\/posts\/397707","targetHints":{"allow":["GET"]}}],"collection":[{"href":"https:\/\/cms-articles.softonic.io\/es\/wp-json\/wp\/v2\/posts"}],"about":[{"href":"https:\/\/cms-articles.softonic.io\/es\/wp-json\/wp\/v2\/types\/post"}],"author":[{"embeddable":true,"href":"https:\/\/cms-articles.softonic.io\/es\/wp-json\/wp\/v2\/users\/9317"}],"replies":[{"embeddable":true,"href":"https:\/\/cms-articles.softonic.io\/es\/wp-json\/wp\/v2\/comments?post=397707"}],"version-history":[{"count":1,"href":"https:\/\/cms-articles.softonic.io\/es\/wp-json\/wp\/v2\/posts\/397707\/revisions"}],"predecessor-version":[{"id":397709,"href":"https:\/\/cms-articles.softonic.io\/es\/wp-json\/wp\/v2\/posts\/397707\/revisions\/397709"}],"wp:featuredmedia":[{"embeddable":true,"href":"https:\/\/cms-articles.softonic.io\/es\/wp-json\/wp\/v2\/media\/397708"}],"wp:attachment":[{"href":"https:\/\/cms-articles.softonic.io\/es\/wp-json\/wp\/v2\/media?parent=397707"}],"wp:term":[{"taxonomy":"category","embeddable":true,"href":"https:\/\/cms-articles.softonic.io\/es\/wp-json\/wp\/v2\/categories?post=397707"},{"taxonomy":"post_tag","embeddable":true,"href":"https:\/\/cms-articles.softonic.io\/es\/wp-json\/wp\/v2\/tags?post=397707"},{"taxonomy":"usertag","embeddable":true,"href":"https:\/\/cms-articles.softonic.io\/es\/wp-json\/wp\/v2\/usertag?post=397707"},{"taxonomy":"vertical","embeddable":true,"href":"https:\/\/cms-articles.softonic.io\/es\/wp-json\/wp\/v2\/vertical?post=397707"},{"taxonomy":"content-category","embeddable":true,"href":"https:\/\/cms-articles.softonic.io\/es\/wp-json\/wp\/v2\/content-category?post=397707"}],"curies":[{"name":"wp","href":"https:\/\/api.w.org\/{rel}","templated":true}]}}