{"id":401029,"date":"2025-11-05T17:50:00","date_gmt":"2025-11-05T16:50:00","guid":{"rendered":"https:\/\/cms-articles.softonic.io\/es\/?p=401029"},"modified":"2025-11-05T18:22:50","modified_gmt":"2025-11-05T17:22:50","slug":"esta-mitica-pelicula-de-aventuras-de-brendan-fraser-y-rachel-weisz-recibira-una-secuela-20-anos-mas-tarde","status":"publish","type":"post","link":"https:\/\/cms-articles.softonic.io\/es\/esta-mitica-pelicula-de-aventuras-de-brendan-fraser-y-rachel-weisz-recibira-una-secuela-20-anos-mas-tarde\/","title":{"rendered":"Esta m\u00edtica pel\u00edcula de aventuras de Brendan Fraser y Rachel Weisz recibir\u00e1 una secuela 20 a\u00f1os m\u00e1s tarde"},"content":{"rendered":"\n<p>La espera ha terminado para los fan\u00e1ticos de La Momia, ya que se ha confirmado que Brendan Fraser y Rachel Weisz se reunir\u00e1n para protagonizar <a href=\"https:\/\/www.softonic.com\/articulos\/llega-a-disney-la-pelicula-de-aventuras-mas-iconica-de-los-90s\">la cuarta entrega de la saga<\/a>, diecisiete a\u00f1os despu\u00e9s de La tumba del emperador Drag\u00f3n. La noticia ha sido respaldada por varias fuentes estadounidenses, y <strong>aunque los detalles sobre la trama son escasos, se anticipa que la historia abordar\u00e1 c\u00f3mo los ic\u00f3nicos personajes de Rick O&#8217;Connell y Evelyn Carnahan han cambiado con el paso del tiempo<\/strong>.<\/p>\n\n\n\n<h2 class=\"wp-block-heading\">La Momia vuelve<\/h2>\n\n\n\n<p>La direcci\u00f3n del proyecto estar\u00e1 a cargo de Matt Bettinelli-Olpin y Tyler Gillett, conocidos por su trabajo en Scream y Ready or Not. <strong>Aunque este t\u00e1ndem tiene un perfil predominantemente vinculado al cine de terror, se espera que adapten su estilo a la naturaleza familiar y de aventura que caracteriza a la saga de La Momia<\/strong>. Dada la larga ausencia de Fraser y Weisz en estos papeles, es probable que la narrativa explore temas de envejecimiento y la nostalgia por las aventuras pasadas.<\/p>\n\n\n\n<figure class=\"wp-block-embed is-type-video is-provider-youtube wp-block-embed-youtube wp-embed-aspect-16-9 wp-has-aspect-ratio\"><div class=\"wp-block-embed__wrapper\">\n<iframe loading=\"lazy\" title=\"La momia - Trailer espa\u00f1ol (HD)\" width=\"840\" height=\"473\" src=\"https:\/\/www.youtube.com\/embed\/8gUqc0Dn94w?feature=oembed\" frameborder=\"0\" allow=\"accelerometer; autoplay; clipboard-write; encrypted-media; gyroscope; picture-in-picture; web-share\" referrerpolicy=\"strict-origin-when-cross-origin\" allowfullscreen><\/iframe>\n<\/div><\/figure>\n\n\n\n<p>El regreso de La Momia hab\u00eda estado en el aire durante a\u00f1os, especialmente despu\u00e9s del intento fallido de Universal Pictures de relanzar la franquicia con una adaptaci\u00f3n de terror en 2017. <strong>Aquel proyecto, que cont\u00f3 con Tom Cruise como protagonista, no logr\u00f3 captar la atenci\u00f3n del p\u00fablico, lo que llev\u00f3 a los estudios a replantear su enfoque<\/strong>. Ahora, con esta nueva entrega, Universal parece buscar un regreso a las ra\u00edces de la franquicia.<\/p>\n\n\n\n<p>Aparte de esta pel\u00edcula, tambi\u00e9n se est\u00e1 desarrollando otro proyecto cinematogr\u00e1fico titulado The Resurrected, que se estrenar\u00e1 en 2026. <strong>Aunque no estar\u00e1 directamente relacionado con la nueva entrega de La Momia, presenta una trama intrigante sobre el regreso de una hija y su conexi\u00f3n con una momia egipcia<\/strong>. Este nuevo enfoque podr\u00eda sugerir una diversificaci\u00f3n dentro del universo de La Momia, atrayendo tanto a nuevos como a viejos aficionados a las aventuras de estos emblem\u00e1ticos personajes.<\/p>\n\n\n<div class=\"sc-card-program\">\r\n  <div class=\"sc-card-program__body\">\r\n    <div class=\"sc-card-program__row clearfix\">\r\n      <div class=\"sc-card-program__col-logo\">\r\n        <img decoding=\"async\" class=\"sc-card-program__img\" src=\"https:\/\/images.sftcdn.net\/images\/t_app-icon-s\/p\/bb71af8a-96bf-11e6-8279-00163ec9f5fa\/1690710143\/netflix-Download-Netflix.jpg\" alt=\"Netflix\" width=\"100px\" height=\"100px\">\r\n      <\/div>\r\n      <div class=\"sc-card-program__col-title\">\r\n        <span class=\"sc-card-program__title\">Netflix<\/span>\r\n        <a class=\"sc-card-program__button sc-card-program-internal\" href=\"https:\/\/netflix.softonic.com\" target=\"_self\" rel=\"noopener noreferrer\">DESCARGAR<\/a>\r\n      <\/div>\r\n      <div class=\"sc-card-program__col-rating\">\r\n        <svg class=\"rating-score__content\" xmlns=\"http:\/\/www.w3.org\/2000\/svg\" version=\"1.1\" x=\"0\" y=\"0\" viewbox=\"0 0 50 50\" enable-background=\"new 0 0 50 50\" xml:space=\"preserve\"><path class=\"rating-score__background rating-score--good\" fill=\"none\" stroke-width=\"6\" stroke-miterlimit=\"10\" d=\"M40 40c8.3-8.3 8.3-21.7 0-30s-21.7-8.3-30 0 -8.3 21.7 0 30\"><\/path><path class=\"rating-score__value rating-score__value--0\" fill=\"none\" stroke-width=\"6\" stroke-dashoffset=\"0\" stroke-miterlimit=\"10\" d=\"M40 40c8.3-8.3 8.3-21.7 0-30s-21.7-8.3-30 0 -8.3 21.7 0 30\"><\/path><text class=\"rating-score__number\" content=\"\" text-anchor=\"middle\" transform=\"matrix(1 0 0 1 25 31.0837)\" data-auto=\"app-user-score\"><\/text><\/svg>\r\n      <\/div>\r\n    <\/div>\r\n    <div class=\"sc-card-program__row\">\r\n      <span class=\"sc-card-program__description\"><\/span>\r\n    <\/div>\r\n    <div class=\"sc-card-program__row\">\r\n      <img decoding=\"async\" class=\"sc-card-program__bigpic\" src=\"\" onerror=\"this.style.display='none'\">\r\n    <\/div>\r\n    <a class=\"sc-card-program__link track-link sc-card-program-internal\" href=\"https:\/\/netflix.softonic.com\" target=\"_self\" rel=\"noopener noreferrer\"><\/a>\r\n  <\/div>\r\n<\/div>\n","protected":false},"excerpt":{"rendered":"<p>La espera ha terminado para los fan\u00e1ticos de La Momia, ya que se ha confirmado que Brendan Fraser y Rachel Weisz se reunir\u00e1n para protagonizar la cuarta entrega de la saga, diecisiete a\u00f1os despu\u00e9s de La tumba del emperador Drag\u00f3n. La noticia ha sido respaldada por varias fuentes estadounidenses, y aunque los detalles sobre la &hellip; <a href=\"https:\/\/cms-articles.softonic.io\/es\/esta-mitica-pelicula-de-aventuras-de-brendan-fraser-y-rachel-weisz-recibira-una-secuela-20-anos-mas-tarde\/\" class=\"more-link\">Continue reading<span class=\"screen-reader-text\"> &#8220;Esta m\u00edtica pel\u00edcula de aventuras de Brendan Fraser y Rachel Weisz recibir\u00e1 una secuela 20 a\u00f1os m\u00e1s tarde&#8221;<\/span><\/a><\/p>\n","protected":false},"author":9318,"featured_media":401106,"comment_status":"closed","ping_status":"closed","sticky":false,"template":"","format":"standard","meta":{"footnotes":"","wpcf-pageviews":0},"categories":[9317],"tags":[10524,28349,19557,28350,22079,20030,28312,12579,28352,28351],"usertag":[],"vertical":[],"content-category":[14557],"class_list":["post-401029","post","type-post","status-publish","format-standard","has-post-thumbnail","hentry","category-news","tag-brendan-fraser","tag-evelyn-carnahan","tag-la-momia","tag-matt-bettinelli-olpin","tag-rachel-weisz","tag-ready-or-not","tag-rick-oconnell","tag-scream","tag-the-resurrected","tag-tyler-gillett","content-category-streaming-videos"],"aioseo_notices":[],"_links":{"self":[{"href":"https:\/\/cms-articles.softonic.io\/es\/wp-json\/wp\/v2\/posts\/401029","targetHints":{"allow":["GET"]}}],"collection":[{"href":"https:\/\/cms-articles.softonic.io\/es\/wp-json\/wp\/v2\/posts"}],"about":[{"href":"https:\/\/cms-articles.softonic.io\/es\/wp-json\/wp\/v2\/types\/post"}],"author":[{"embeddable":true,"href":"https:\/\/cms-articles.softonic.io\/es\/wp-json\/wp\/v2\/users\/9318"}],"replies":[{"embeddable":true,"href":"https:\/\/cms-articles.softonic.io\/es\/wp-json\/wp\/v2\/comments?post=401029"}],"version-history":[{"count":2,"href":"https:\/\/cms-articles.softonic.io\/es\/wp-json\/wp\/v2\/posts\/401029\/revisions"}],"predecessor-version":[{"id":401127,"href":"https:\/\/cms-articles.softonic.io\/es\/wp-json\/wp\/v2\/posts\/401029\/revisions\/401127"}],"wp:featuredmedia":[{"embeddable":true,"href":"https:\/\/cms-articles.softonic.io\/es\/wp-json\/wp\/v2\/media\/401106"}],"wp:attachment":[{"href":"https:\/\/cms-articles.softonic.io\/es\/wp-json\/wp\/v2\/media?parent=401029"}],"wp:term":[{"taxonomy":"category","embeddable":true,"href":"https:\/\/cms-articles.softonic.io\/es\/wp-json\/wp\/v2\/categories?post=401029"},{"taxonomy":"post_tag","embeddable":true,"href":"https:\/\/cms-articles.softonic.io\/es\/wp-json\/wp\/v2\/tags?post=401029"},{"taxonomy":"usertag","embeddable":true,"href":"https:\/\/cms-articles.softonic.io\/es\/wp-json\/wp\/v2\/usertag?post=401029"},{"taxonomy":"vertical","embeddable":true,"href":"https:\/\/cms-articles.softonic.io\/es\/wp-json\/wp\/v2\/vertical?post=401029"},{"taxonomy":"content-category","embeddable":true,"href":"https:\/\/cms-articles.softonic.io\/es\/wp-json\/wp\/v2\/content-category?post=401029"}],"curies":[{"name":"wp","href":"https:\/\/api.w.org\/{rel}","templated":true}]}}