{"id":404573,"date":"2025-12-17T15:36:30","date_gmt":"2025-12-17T14:36:30","guid":{"rendered":"https:\/\/cms-articles.softonic.io\/es\/?p=404573"},"modified":"2025-12-17T16:08:52","modified_gmt":"2025-12-17T15:08:52","slug":"melania-trump-protagoniza-su-propio-documental-y-ya-tenemos-su-trailer-si-de-verdad","status":"publish","type":"post","link":"https:\/\/cms-articles.softonic.io\/es\/melania-trump-protagoniza-su-propio-documental-y-ya-tenemos-su-trailer-si-de-verdad\/","title":{"rendered":"Melania Trump protagoniza su propio documental, y ya tenemos su tr\u00e1iler. S\u00ed, de verdad"},"content":{"rendered":"\n<p class=\"wp-block-paragraph\">El documental titulado Melania, <strong>que explorar\u00e1 la vida y carrera de Melania Trump, se estrenar\u00e1 en cines de todo el mundo el 30 de enero de 2026<\/strong>. Este proyecto ha generado expectaci\u00f3n desde su anuncio, y el lanzamiento del tr\u00e1iler el pasado mi\u00e9rcoles ha intensificado el inter\u00e9s del p\u00fablico. <a href=\"https:\/\/www.softonic.com\/articulos\/ya-tenemos-fecha-para-el-estreno-de-este-documental-que-seguro-traera-polemica\" title=\"\">Melania Trump<\/a> comparti\u00f3 el tr\u00e1iler a trav\u00e9s de su cuenta de X, donde invita a la audiencia a conocer m\u00e1s sobre su vida, afirmando: <em>&#8220;Todos quieren saber, as\u00ed que aqu\u00ed est\u00e1&#8221;.<\/em><\/p>\n\n\n\n<h2 class=\"wp-block-heading\">La primera dama. O algo as\u00ed.<\/h2>\n\n\n\n<p class=\"wp-block-paragraph\">El tr\u00e1iler presenta una narrativa que sugiere que la ex primera dama se siente preparada para revelar su historia personal, un relato que ha estado rodeado de misterio y especulaciones a lo largo de los a\u00f1os. Con el trasfondo de su experiencia en la Casa Blanca y su vida como figura p\u00fablica, <strong>el documental promete explorar temas que van desde su infancia en Eslovenia<\/strong> hasta su papel como primera dama de los Estados Unidos, as\u00ed como sus intereses y pasiones personales.<\/p>\n\n\n\n<p class=\"wp-block-paragraph\">El lanzamiento del tr\u00e1iler tambi\u00e9n ha sido impulsado por un notable uso de las redes sociales, un medio que Melania ha utilizado para comunicarse directamente con su audiencia. <strong>Este enfoque a trav\u00e9s de plataformas digitales permite anticipar una campa\u00f1a de promoci\u00f3n activa<\/strong> que podr\u00eda incluir entrevistas y eventos previos al estreno global. A medida que la fecha se acerca, es probable que surjan m\u00e1s detalles sobre el contenido y los temas que se abordar\u00e1n en el documental.<\/p>\n\n\n\n<figure class=\"wp-block-embed is-type-video is-provider-youtube wp-block-embed-youtube wp-embed-aspect-16-9 wp-has-aspect-ratio\"><div class=\"wp-block-embed__wrapper\">\n<iframe loading=\"lazy\" title=\"MELANIA | Official Trailer\" width=\"840\" height=\"473\" src=\"https:\/\/www.youtube.com\/embed\/dxXJAqOU00g?feature=oembed\" frameborder=\"0\" allow=\"accelerometer; autoplay; clipboard-write; encrypted-media; gyroscope; picture-in-picture; web-share\" referrerpolicy=\"strict-origin-when-cross-origin\" allowfullscreen><\/iframe>\n<\/div><\/figure>\n\n\n\n<p class=\"wp-block-paragraph\">El aumento de inter\u00e9s en biograf\u00edas de figuras p\u00fablicas y documentales personales sugiere que el p\u00fablico <strong>demanda relatos m\u00e1s profundos y adecuados sobre sus vidas, y Melania se posiciona dentro de esta tendencia<\/strong>. Con la promesa de explorar todo lo que siempre quisiste saber, este documental podr\u00eda ser un importante punto de discusi\u00f3n en el panorama cultural y medi\u00e1tico en 2026.<\/p>\n","protected":false},"excerpt":{"rendered":"<p>El documental titulado Melania, que explorar\u00e1 la vida y carrera de Melania Trump, se estrenar\u00e1 en cines de todo el mundo el 30 de enero de 2026. Este proyecto ha generado expectaci\u00f3n desde su anuncio, y el lanzamiento del tr\u00e1iler el pasado mi\u00e9rcoles ha intensificado el inter\u00e9s del p\u00fablico. Melania Trump comparti\u00f3 el tr\u00e1iler a &hellip; <a href=\"https:\/\/cms-articles.softonic.io\/es\/melania-trump-protagoniza-su-propio-documental-y-ya-tenemos-su-trailer-si-de-verdad\/\" class=\"more-link\">Continue reading<span class=\"screen-reader-text\"> &#8220;Melania Trump protagoniza su propio documental, y ya tenemos su tr\u00e1iler. S\u00ed, de verdad&#8221;<\/span><\/a><\/p>\n","protected":false},"author":9317,"featured_media":404574,"comment_status":"closed","ping_status":"closed","sticky":false,"template":"","format":"standard","meta":{"footnotes":"","wpcf-pageviews":0},"categories":[9317],"tags":[13287,27086],"usertag":[],"vertical":[],"content-category":[],"class_list":["post-404573","post","type-post","status-publish","format-standard","has-post-thumbnail","hentry","category-news","tag-documental","tag-melania-trump"],"aioseo_notices":[],"_links":{"self":[{"href":"https:\/\/cms-articles.softonic.io\/es\/wp-json\/wp\/v2\/posts\/404573","targetHints":{"allow":["GET"]}}],"collection":[{"href":"https:\/\/cms-articles.softonic.io\/es\/wp-json\/wp\/v2\/posts"}],"about":[{"href":"https:\/\/cms-articles.softonic.io\/es\/wp-json\/wp\/v2\/types\/post"}],"author":[{"embeddable":true,"href":"https:\/\/cms-articles.softonic.io\/es\/wp-json\/wp\/v2\/users\/9317"}],"replies":[{"embeddable":true,"href":"https:\/\/cms-articles.softonic.io\/es\/wp-json\/wp\/v2\/comments?post=404573"}],"version-history":[{"count":1,"href":"https:\/\/cms-articles.softonic.io\/es\/wp-json\/wp\/v2\/posts\/404573\/revisions"}],"predecessor-version":[{"id":404575,"href":"https:\/\/cms-articles.softonic.io\/es\/wp-json\/wp\/v2\/posts\/404573\/revisions\/404575"}],"wp:featuredmedia":[{"embeddable":true,"href":"https:\/\/cms-articles.softonic.io\/es\/wp-json\/wp\/v2\/media\/404574"}],"wp:attachment":[{"href":"https:\/\/cms-articles.softonic.io\/es\/wp-json\/wp\/v2\/media?parent=404573"}],"wp:term":[{"taxonomy":"category","embeddable":true,"href":"https:\/\/cms-articles.softonic.io\/es\/wp-json\/wp\/v2\/categories?post=404573"},{"taxonomy":"post_tag","embeddable":true,"href":"https:\/\/cms-articles.softonic.io\/es\/wp-json\/wp\/v2\/tags?post=404573"},{"taxonomy":"usertag","embeddable":true,"href":"https:\/\/cms-articles.softonic.io\/es\/wp-json\/wp\/v2\/usertag?post=404573"},{"taxonomy":"vertical","embeddable":true,"href":"https:\/\/cms-articles.softonic.io\/es\/wp-json\/wp\/v2\/vertical?post=404573"},{"taxonomy":"content-category","embeddable":true,"href":"https:\/\/cms-articles.softonic.io\/es\/wp-json\/wp\/v2\/content-category?post=404573"}],"curies":[{"name":"wp","href":"https:\/\/api.w.org\/{rel}","templated":true}]}}