{"id":406073,"date":"2026-01-06T12:45:00","date_gmt":"2026-01-06T11:45:00","guid":{"rendered":"https:\/\/cms-articles.softonic.io\/es\/?p=406073"},"modified":"2026-01-06T12:53:25","modified_gmt":"2026-01-06T11:53:25","slug":"los-que-estan-a-cargo-de-la-franquicia-deus-ex-son-psicopatas-segun-la-voz-de-su-personaje-protagonista","status":"publish","type":"post","link":"https:\/\/cms-articles.softonic.io\/es\/los-que-estan-a-cargo-de-la-franquicia-deus-ex-son-psicopatas-segun-la-voz-de-su-personaje-protagonista\/","title":{"rendered":"Los que est\u00e1n a cargo de la franquicia Deus Ex son psic\u00f3patas, seg\u00fan la voz de su personaje protagonista"},"content":{"rendered":"\n<p>Elias Toufexis, conocido por su destacado trabajo como la voz de Adam Jensen en la ic\u00f3nica serie Deus Ex, ha generado controversia al afirmar que <a href=\"https:\/\/www.softonic.com\/articulos\/2026-tampoco-sera-el-ano-en-el-que-vuelva-esta-esperadisima-saga\">no habr\u00e1 un nuevo juego de la franquicia<\/a> en el futuro cercano. A<strong> pesar de ser parte fundamental de Deus Ex: Human Revolution y Deus Ex: Mankind Divided, Toufexis comparti\u00f3 en un mensaje en Twitter que no se espera un regreso al universo de Jensen, mencionando que &#8220;los que est\u00e1n a cargo son psic\u00f3patas&#8221;<\/strong>. Sin embargo, aclar\u00f3 que su comentario era en tono de broma y que es sorprendente que esperen tanto para desarrollar un nuevo t\u00edtulo de esta famosa serie.<\/p>\n\n\n\n<h2 class=\"wp-block-heading\">Toufexis no est\u00e1 contento de c\u00f3mo se ha tratado a la franquicia<\/h2>\n\n\n\n<p>En una entrevista con PC Gamer,<strong> el actor explic\u00f3 que propuso a Eidos Montreal un proyecto de serie animada, indicando su experiencia previa en el desarrollo de series animadas y sugiriendo que la franquicia tiene mucho potencial a\u00fan sin explorar<\/strong>, pero recibi\u00f3 una respuesta negativa. La situaci\u00f3n es desalentadora para los aficionados de Deus Ex que esperaban una continuaci\u00f3n de la saga, aunque Toufexis tiene otros proyectos en marcha.<\/p>\n\n\n\n<figure class=\"wp-block-embed is-type-video is-provider-youtube wp-block-embed-youtube wp-embed-aspect-16-9 wp-has-aspect-ratio\"><div class=\"wp-block-embed__wrapper\">\n<iframe loading=\"lazy\" title=\"Deus Ex: Mankind Divided - Launch Trailer\" width=\"840\" height=\"473\" src=\"https:\/\/www.youtube.com\/embed\/CfV01sTqB68?feature=oembed\" frameborder=\"0\" allow=\"accelerometer; autoplay; clipboard-write; encrypted-media; gyroscope; picture-in-picture; web-share\" referrerpolicy=\"strict-origin-when-cross-origin\" allowfullscreen><\/iframe>\n<\/div><\/figure>\n\n\n\n<p>En el \u00e1mbito de los videojuegos, Toufexis tiene un papel destacado en t\u00edtulos recientes como The Outer Worlds 2, as\u00ed como en el juego Hell Is Us y MindsEye. <strong>Tambi\u00e9n se encuentra trabajando como director de voz para Marathon, el pr\u00f3ximo t\u00edtulo de Bungie, donde dar\u00e1 vida a los personajes Void y Rook<\/strong>. A pesar de un lanzamiento inicial complicado en 2025, el equipo de desarrollo ha prometido mejoras significativas y est\u00e1 abierto a recibir retroalimentaci\u00f3n de los jugadores. Toufexis mostr\u00f3 confianza en el producto final, elogiando la construcci\u00f3n del mundo, la narrativa y la actuaci\u00f3n.<\/p>\n\n\n\n<p>Con Marathon programado para un lanzamiento en marzo de 2026, aunque sin una fecha espec\u00edfica, los aficionados a la saga esperan que 2027 pueda ser el a\u00f1o que traiga de regreso a Deus Ex. <strong>Por ahora, parece que los jugadores tendr\u00e1n que esperar un poco m\u00e1s para retornar a ese universo tan querido<\/strong>.<\/p>\n\n\n<div class=\"sc-card-program\">\r\n  <div class=\"sc-card-program__body\">\r\n    <div class=\"sc-card-program__row clearfix\">\r\n      <div class=\"sc-card-program__col-logo\">\r\n        <img decoding=\"async\" class=\"sc-card-program__img\" src=\"https:\/\/images.sftcdn.net\/images\/t_app-icon-s\/p\/3047d89c-96d0-11e6-8546-00163ed833e7\/2505233623\/steam-download.jpg\" alt=\"Steam\" width=\"100px\" height=\"100px\">\r\n      <\/div>\r\n      <div class=\"sc-card-program__col-title\">\r\n        <span class=\"sc-card-program__title\">Steam<\/span>\r\n        <a class=\"sc-card-program__button sc-card-program-internal\" href=\"https:\/\/steam.softonic.com\/\" target=\"_self\" rel=\"noopener noreferrer\">DESCARGAR<\/a>\r\n      <\/div>\r\n      <div class=\"sc-card-program__col-rating\">\r\n        <svg class=\"rating-score__content\" xmlns=\"http:\/\/www.w3.org\/2000\/svg\" version=\"1.1\" x=\"0\" y=\"0\" viewbox=\"0 0 50 50\" enable-background=\"new 0 0 50 50\" xml:space=\"preserve\"><path class=\"rating-score__background rating-score--good\" fill=\"none\" stroke-width=\"6\" stroke-miterlimit=\"10\" d=\"M40 40c8.3-8.3 8.3-21.7 0-30s-21.7-8.3-30 0 -8.3 21.7 0 30\"><\/path><path class=\"rating-score__value rating-score__value--0\" fill=\"none\" stroke-width=\"6\" stroke-dashoffset=\"0\" stroke-miterlimit=\"10\" d=\"M40 40c8.3-8.3 8.3-21.7 0-30s-21.7-8.3-30 0 -8.3 21.7 0 30\"><\/path><text class=\"rating-score__number\" content=\"\" text-anchor=\"middle\" transform=\"matrix(1 0 0 1 25 31.0837)\" data-auto=\"app-user-score\"><\/text><\/svg>\r\n      <\/div>\r\n    <\/div>\r\n    <div class=\"sc-card-program__row\">\r\n      <span class=\"sc-card-program__description\"><\/span>\r\n    <\/div>\r\n    <div class=\"sc-card-program__row\">\r\n      <img decoding=\"async\" class=\"sc-card-program__bigpic\" src=\"\" onerror=\"this.style.display='none'\">\r\n    <\/div>\r\n    <a class=\"sc-card-program__link track-link sc-card-program-internal\" href=\"https:\/\/steam.softonic.com\/\" target=\"_self\" rel=\"noopener noreferrer\"><\/a>\r\n  <\/div>\r\n<\/div>\n","protected":false},"excerpt":{"rendered":"<p>Elias Toufexis, conocido por su destacado trabajo como la voz de Adam Jensen en la ic\u00f3nica serie Deus Ex, ha generado controversia al afirmar que no habr\u00e1 un nuevo juego de la franquicia en el futuro cercano. A pesar de ser parte fundamental de Deus Ex: Human Revolution y Deus Ex: Mankind Divided, Toufexis comparti\u00f3 &hellip; <a href=\"https:\/\/cms-articles.softonic.io\/es\/los-que-estan-a-cargo-de-la-franquicia-deus-ex-son-psicopatas-segun-la-voz-de-su-personaje-protagonista\/\" class=\"more-link\">Continue reading<span class=\"screen-reader-text\"> &#8220;Los que est\u00e1n a cargo de la franquicia Deus Ex son psic\u00f3patas, seg\u00fan la voz de su personaje protagonista&#8221;<\/span><\/a><\/p>\n","protected":false},"author":9318,"featured_media":328195,"comment_status":"closed","ping_status":"closed","sticky":false,"template":"","format":"standard","meta":{"footnotes":"","wpcf-pageviews":0},"categories":[9320,9317],"tags":[11157,15539,31210,31020,31214,31211,17359,16131,31212,23686,16573],"usertag":[],"vertical":[],"content-category":[14105],"class_list":["post-406073","post","type-post","status-publish","format-standard","has-post-thumbnail","hentry","category-gaming","category-news","tag-bungie","tag-deus-ex","tag-deus-ex-human-revolution","tag-deus-ex-mankind-divided","tag-eidos-montreal","tag-elias-toufexis","tag-hell-is-us","tag-mindseye","tag-psicopatas","tag-serie-animada","tag-the-outer-worlds-2","content-category-juegos"],"aioseo_notices":[],"_links":{"self":[{"href":"https:\/\/cms-articles.softonic.io\/es\/wp-json\/wp\/v2\/posts\/406073","targetHints":{"allow":["GET"]}}],"collection":[{"href":"https:\/\/cms-articles.softonic.io\/es\/wp-json\/wp\/v2\/posts"}],"about":[{"href":"https:\/\/cms-articles.softonic.io\/es\/wp-json\/wp\/v2\/types\/post"}],"author":[{"embeddable":true,"href":"https:\/\/cms-articles.softonic.io\/es\/wp-json\/wp\/v2\/users\/9318"}],"replies":[{"embeddable":true,"href":"https:\/\/cms-articles.softonic.io\/es\/wp-json\/wp\/v2\/comments?post=406073"}],"version-history":[{"count":2,"href":"https:\/\/cms-articles.softonic.io\/es\/wp-json\/wp\/v2\/posts\/406073\/revisions"}],"predecessor-version":[{"id":406098,"href":"https:\/\/cms-articles.softonic.io\/es\/wp-json\/wp\/v2\/posts\/406073\/revisions\/406098"}],"wp:featuredmedia":[{"embeddable":true,"href":"https:\/\/cms-articles.softonic.io\/es\/wp-json\/wp\/v2\/media\/328195"}],"wp:attachment":[{"href":"https:\/\/cms-articles.softonic.io\/es\/wp-json\/wp\/v2\/media?parent=406073"}],"wp:term":[{"taxonomy":"category","embeddable":true,"href":"https:\/\/cms-articles.softonic.io\/es\/wp-json\/wp\/v2\/categories?post=406073"},{"taxonomy":"post_tag","embeddable":true,"href":"https:\/\/cms-articles.softonic.io\/es\/wp-json\/wp\/v2\/tags?post=406073"},{"taxonomy":"usertag","embeddable":true,"href":"https:\/\/cms-articles.softonic.io\/es\/wp-json\/wp\/v2\/usertag?post=406073"},{"taxonomy":"vertical","embeddable":true,"href":"https:\/\/cms-articles.softonic.io\/es\/wp-json\/wp\/v2\/vertical?post=406073"},{"taxonomy":"content-category","embeddable":true,"href":"https:\/\/cms-articles.softonic.io\/es\/wp-json\/wp\/v2\/content-category?post=406073"}],"curies":[{"name":"wp","href":"https:\/\/api.w.org\/{rel}","templated":true}]}}