{"id":406198,"date":"2026-01-07T17:48:47","date_gmt":"2026-01-07T16:48:47","guid":{"rendered":"https:\/\/cms-articles.softonic.io\/es\/?p=406198"},"modified":"2026-01-08T08:18:42","modified_gmt":"2026-01-08T07:18:42","slug":"vuelve-la-bronca-definitiva-en-netflix-y-ya-sabemos-su-fecha-de-estreno","status":"publish","type":"post","link":"https:\/\/cms-articles.softonic.io\/es\/vuelve-la-bronca-definitiva-en-netflix-y-ya-sabemos-su-fecha-de-estreno\/","title":{"rendered":"Vuelve la bronca definitiva en Netflix, y ya sabemos su fecha de estreno"},"content":{"rendered":"\n<p class=\"wp-block-paragraph\">Netflix ha anunciado oficialmente que <strong>la segunda temporada de su aclamada serie <a href=\"https:\/\/www.softonic.com\/articulos\/netflix-volvera-a-meterse-en-una-bronca-con-la-segunda-temporada-de-una-de-sus-mejores-series\" title=\"\">Bronca<\/a> se estrenar\u00e1 el 2 de abril de 2026<\/strong>. Este anuncio se realiz\u00f3 como parte de la programaci\u00f3n presentada por la plataforma para el pr\u00f3ximo a\u00f1o, generando gran expectaci\u00f3n entre los seguidores de la serie.<\/p>\n\n\n\n<h2 class=\"wp-block-heading\">Va a haber bronca<\/h2>\n\n\n\n<p class=\"wp-block-paragraph\">Bronca, que ha recibido elogios tanto de la cr\u00edtica como del p\u00fablico, contar\u00e1 nuevamente con un reparto estelar que incluye a <strong>Oscar Isaac, Carey Mulligan, Charles Melton y Cailee Spaeny<\/strong>. La elecci\u00f3n de estos actores refuerza el compromiso de Netflix con la calidad y profundidad narrativa que ha caracterizado a la serie durante su primera temporada.<\/p>\n\n\n\n<p class=\"wp-block-paragraph\">La confirmaci\u00f3n de una segunda temporada lleg\u00f3 en octubre, cuando Netflix expres\u00f3 su deseo de continuar con la producci\u00f3n de esta serie antol\u00f3gica, cuyas complejas tramas exploran temas de rivalidad y redenci\u00f3n entre personajes diversos. <strong>La mezcla de g\u00e9neros que Bronca ofrece ha resonado con una amplia audiencia<\/strong>, lo que la convierte en una de las propuestas m\u00e1s interesantes de la plataforma.<\/p>\n\n\n\n<figure class=\"wp-block-embed is-type-video is-provider-youtube wp-block-embed-youtube wp-embed-aspect-16-9 wp-has-aspect-ratio\"><div class=\"wp-block-embed__wrapper\">\n<iframe loading=\"lazy\" title=\"BEEF | Sneak Peek Exclusive Clip: The Inciting Incident | Netflix\" width=\"840\" height=\"473\" src=\"https:\/\/www.youtube.com\/embed\/0WEYoGJJYVk?feature=oembed\" frameborder=\"0\" allow=\"accelerometer; autoplay; clipboard-write; encrypted-media; gyroscope; picture-in-picture; web-share\" referrerpolicy=\"strict-origin-when-cross-origin\" allowfullscreen><\/iframe>\n<\/div><\/figure>\n\n\n\n<p class=\"wp-block-paragraph\">Desde su lanzamiento inicial, <strong>Bronca ha logrado destacarse en un entorno saturado de contenido<\/strong>, gracias a su enfoque \u00fanico y su enfoque en la psicolog\u00eda de los personajes. La combinaci\u00f3n de un guion bien elaborado y actuaciones sobresalientes ha establecido el est\u00e1ndar de lo que se espera en esta segunda entrega.<\/p>\n","protected":false},"excerpt":{"rendered":"<p>Netflix ha anunciado oficialmente que la segunda temporada de su aclamada serie Bronca se estrenar\u00e1 el 2 de abril de 2026. Este anuncio se realiz\u00f3 como parte de la programaci\u00f3n presentada por la plataforma para el pr\u00f3ximo a\u00f1o, generando gran expectaci\u00f3n entre los seguidores de la serie. Va a haber bronca Bronca, que ha recibido &hellip; <a href=\"https:\/\/cms-articles.softonic.io\/es\/vuelve-la-bronca-definitiva-en-netflix-y-ya-sabemos-su-fecha-de-estreno\/\" class=\"more-link\">Continue reading<span class=\"screen-reader-text\"> &#8220;Vuelve la bronca definitiva en Netflix, y ya sabemos su fecha de estreno&#8221;<\/span><\/a><\/p>\n","protected":false},"author":9317,"featured_media":406199,"comment_status":"closed","ping_status":"closed","sticky":false,"template":"","format":"standard","meta":{"footnotes":"","wpcf-pageviews":0},"categories":[9317],"tags":[11040,9355],"usertag":[],"vertical":[],"content-category":[],"class_list":["post-406198","post","type-post","status-publish","format-standard","has-post-thumbnail","hentry","category-news","tag-beef","tag-netflix"],"aioseo_notices":[],"_links":{"self":[{"href":"https:\/\/cms-articles.softonic.io\/es\/wp-json\/wp\/v2\/posts\/406198","targetHints":{"allow":["GET"]}}],"collection":[{"href":"https:\/\/cms-articles.softonic.io\/es\/wp-json\/wp\/v2\/posts"}],"about":[{"href":"https:\/\/cms-articles.softonic.io\/es\/wp-json\/wp\/v2\/types\/post"}],"author":[{"embeddable":true,"href":"https:\/\/cms-articles.softonic.io\/es\/wp-json\/wp\/v2\/users\/9317"}],"replies":[{"embeddable":true,"href":"https:\/\/cms-articles.softonic.io\/es\/wp-json\/wp\/v2\/comments?post=406198"}],"version-history":[{"count":1,"href":"https:\/\/cms-articles.softonic.io\/es\/wp-json\/wp\/v2\/posts\/406198\/revisions"}],"predecessor-version":[{"id":406200,"href":"https:\/\/cms-articles.softonic.io\/es\/wp-json\/wp\/v2\/posts\/406198\/revisions\/406200"}],"wp:featuredmedia":[{"embeddable":true,"href":"https:\/\/cms-articles.softonic.io\/es\/wp-json\/wp\/v2\/media\/406199"}],"wp:attachment":[{"href":"https:\/\/cms-articles.softonic.io\/es\/wp-json\/wp\/v2\/media?parent=406198"}],"wp:term":[{"taxonomy":"category","embeddable":true,"href":"https:\/\/cms-articles.softonic.io\/es\/wp-json\/wp\/v2\/categories?post=406198"},{"taxonomy":"post_tag","embeddable":true,"href":"https:\/\/cms-articles.softonic.io\/es\/wp-json\/wp\/v2\/tags?post=406198"},{"taxonomy":"usertag","embeddable":true,"href":"https:\/\/cms-articles.softonic.io\/es\/wp-json\/wp\/v2\/usertag?post=406198"},{"taxonomy":"vertical","embeddable":true,"href":"https:\/\/cms-articles.softonic.io\/es\/wp-json\/wp\/v2\/vertical?post=406198"},{"taxonomy":"content-category","embeddable":true,"href":"https:\/\/cms-articles.softonic.io\/es\/wp-json\/wp\/v2\/content-category?post=406198"}],"curies":[{"name":"wp","href":"https:\/\/api.w.org\/{rel}","templated":true}]}}