{"id":406371,"date":"2026-01-09T17:25:00","date_gmt":"2026-01-09T16:25:00","guid":{"rendered":"https:\/\/cms-articles.softonic.io\/es\/?p=406371"},"modified":"2026-01-09T17:25:13","modified_gmt":"2026-01-09T16:25:13","slug":"matt-damon-ha-adelgazado-tanto-para-la-odisea-de-nolan-que-ha-llegado-a-pensar-lo-mismo-que-durante-la-adolescencia","status":"publish","type":"post","link":"https:\/\/cms-articles.softonic.io\/es\/matt-damon-ha-adelgazado-tanto-para-la-odisea-de-nolan-que-ha-llegado-a-pensar-lo-mismo-que-durante-la-adolescencia\/","title":{"rendered":"Matt Damon ha adelgazado tanto para La Odisea de Nolan que ha llegado a pensar lo mismo que durante la adolescencia"},"content":{"rendered":"\n<p>Matt Damon ha experimentado una transformaci\u00f3n f\u00edsica significativa para interpretar a Odiseo en <a href=\"https:\/\/www.softonic.com\/articulos\/ya-puedes-ver-el-trailer-del-proximo-bombazo-de-nolan\">la esperada pel\u00edcula La odisea, dirigida por Christopher Nolan<\/a>, que se estrenar\u00e1 en cines el pr\u00f3ximo 17 de julio. <strong>En su tercera colaboraci\u00f3n con Nolan, tras Interstellar y Oppenheimer, Damon revel\u00f3 que adelgaz\u00f3 tanto que logr\u00f3 alcanzar el mismo peso que ten\u00eda durante su adolescencia, un proceso que describi\u00f3 como uno de los m\u00e1s exigentes de su carrera<\/strong>. Durante su participaci\u00f3n en el podcast New Heights, el actor comparti\u00f3 c\u00f3mo mantuvo una estricta disciplina alimenticia y se someti\u00f3 a un intenso r\u00e9gimen de entrenamiento.<\/p>\n\n\n\n<h2 class=\"wp-block-heading\">Un desaf\u00edo f\u00edsico cuestionable<\/h2>\n\n\n\n<p>La producci\u00f3n de La odisea no solo ha sido un desaf\u00edo f\u00edsico para Damon, sino tambi\u00e9n un hito t\u00e9cnico en la historia del cine. <strong>Esta pel\u00edcula es la primera de Hollywood completamente filmada en IMAX, lo que requiri\u00f3 la construcci\u00f3n de estructuras gigantes alrededor de las c\u00e1maras y un innovador sistema de espejos para facilitar las tomas de di\u00e1logos<\/strong>. Nolan ten\u00eda el objetivo claro de realizar una pel\u00edcula 100 % en IMAX, un desaf\u00edo que exigi\u00f3 un gran trabajo del equipo, incluyendo al director de fotograf\u00eda Hoyte van Hoytema, quien realiz\u00f3 pruebas de sonido inusuales para hacer posibles las tomas en primer plano.<\/p>\n\n\n\n<figure class=\"wp-block-embed is-type-video is-provider-youtube wp-block-embed-youtube wp-embed-aspect-16-9 wp-has-aspect-ratio\"><div class=\"wp-block-embed__wrapper\">\n<iframe loading=\"lazy\" title=\"The Odyssey | Official Trailer\" width=\"840\" height=\"473\" src=\"https:\/\/www.youtube.com\/embed\/Mzw2ttJD2qQ?feature=oembed\" frameborder=\"0\" allow=\"accelerometer; autoplay; clipboard-write; encrypted-media; gyroscope; picture-in-picture; web-share\" referrerpolicy=\"strict-origin-when-cross-origin\" allowfullscreen><\/iframe>\n<\/div><\/figure>\n\n\n\n<p>El rodaje tuvo lugar en impresionantes locaciones como Grecia, Islandia y Marruecos, lo que sum\u00f3 un valor escenogr\u00e1fico inigualable al filme. <strong>Damon se mostr\u00f3 entusiasta al recordar la experiencia, haciendo hincapi\u00e9 en lo cualitativo del equipo de producci\u00f3n y la dedicaci\u00f3n del elenco<\/strong>. \u201cNadie tiene derecho a rodar aqu\u00ed\u201d, brome\u00f3 sobre las locaciones, subrayando la exclusividad del trabajo realizado. Con un esfuerzo colectivo notable, el equipo termin\u00f3 la filmaci\u00f3n antes de lo previsto, creando una experiencia inolvidable que promete dejar huella en la cinematograf\u00eda moderna.<\/p>\n\n\n<div class=\"sc-card-program\">\r\n  <div class=\"sc-card-program__body\">\r\n    <div class=\"sc-card-program__row clearfix\">\r\n      <div class=\"sc-card-program__col-logo\">\r\n        <img decoding=\"async\" class=\"sc-card-program__img\" src=\"https:\/\/images.sftcdn.net\/images\/t_app-icon-s\/p\/c162012f-3d10-436b-a6b5-fde423154d8c\/3464089414\/amazon-prime-video-download-amazon-prime-video.jpg\" alt=\"Amazon Prime Video\" width=\"100px\" height=\"100px\">\r\n      <\/div>\r\n      <div class=\"sc-card-program__col-title\">\r\n        <span class=\"sc-card-program__title\">Amazon Prime Video<\/span>\r\n        <a class=\"sc-card-program__button sc-card-program-internal\" href=\"https:\/\/amazon-prime-video.softonic.com\/\" target=\"_self\" rel=\"noopener noreferrer\">DESCARGAR<\/a>\r\n      <\/div>\r\n      <div class=\"sc-card-program__col-rating\">\r\n        <svg class=\"rating-score__content\" xmlns=\"http:\/\/www.w3.org\/2000\/svg\" version=\"1.1\" x=\"0\" y=\"0\" viewbox=\"0 0 50 50\" enable-background=\"new 0 0 50 50\" xml:space=\"preserve\"><path class=\"rating-score__background rating-score--good\" fill=\"none\" stroke-width=\"6\" stroke-miterlimit=\"10\" d=\"M40 40c8.3-8.3 8.3-21.7 0-30s-21.7-8.3-30 0 -8.3 21.7 0 30\"><\/path><path class=\"rating-score__value rating-score__value--0\" fill=\"none\" stroke-width=\"6\" stroke-dashoffset=\"0\" stroke-miterlimit=\"10\" d=\"M40 40c8.3-8.3 8.3-21.7 0-30s-21.7-8.3-30 0 -8.3 21.7 0 30\"><\/path><text class=\"rating-score__number\" content=\"\" text-anchor=\"middle\" transform=\"matrix(1 0 0 1 25 31.0837)\" data-auto=\"app-user-score\"><\/text><\/svg>\r\n      <\/div>\r\n    <\/div>\r\n    <div class=\"sc-card-program__row\">\r\n      <span class=\"sc-card-program__description\"><\/span>\r\n    <\/div>\r\n    <div class=\"sc-card-program__row\">\r\n      <img decoding=\"async\" class=\"sc-card-program__bigpic\" src=\"\" onerror=\"this.style.display='none'\">\r\n    <\/div>\r\n    <a class=\"sc-card-program__link track-link sc-card-program-internal\" href=\"https:\/\/amazon-prime-video.softonic.com\/\" target=\"_self\" rel=\"noopener noreferrer\"><\/a>\r\n  <\/div>\r\n<\/div>\n","protected":false},"excerpt":{"rendered":"<p>Matt Damon ha experimentado una transformaci\u00f3n f\u00edsica significativa para interpretar a Odiseo en la esperada pel\u00edcula La odisea, dirigida por Christopher Nolan, que se estrenar\u00e1 en cines el pr\u00f3ximo 17 de julio. En su tercera colaboraci\u00f3n con Nolan, tras Interstellar y Oppenheimer, Damon revel\u00f3 que adelgaz\u00f3 tanto que logr\u00f3 alcanzar el mismo peso que ten\u00eda &hellip; <a href=\"https:\/\/cms-articles.softonic.io\/es\/matt-damon-ha-adelgazado-tanto-para-la-odisea-de-nolan-que-ha-llegado-a-pensar-lo-mismo-que-durante-la-adolescencia\/\" class=\"more-link\">Continue reading<span class=\"screen-reader-text\"> &#8220;Matt Damon ha adelgazado tanto para La Odisea de Nolan que ha llegado a pensar lo mismo que durante la adolescencia&#8221;<\/span><\/a><\/p>\n","protected":false},"author":9318,"featured_media":405143,"comment_status":"closed","ping_status":"closed","sticky":false,"template":"","format":"standard","meta":{"footnotes":"","wpcf-pageviews":0},"categories":[9317],"tags":[12273,21037,31627,31622,31628,22779,31626,24792,21040,31623,31629,31625,31624],"usertag":[],"vertical":[],"content-category":[14557],"class_list":["post-406371","post","type-post","status-publish","format-standard","has-post-thumbnail","hentry","category-news","tag-adaptacion","tag-christopher-nolan","tag-disciplina-alimenticia","tag-entrenamiento-intensivo","tag-equipo-de-produccion","tag-la-odisea","tag-locaciones-de-cine","tag-matt-damon","tag-nolan","tag-pelicula-imax","tag-perdida-de-peso","tag-rodaje-en-grecia","tag-transformacion-fisica","content-category-streaming-videos"],"aioseo_notices":[],"_links":{"self":[{"href":"https:\/\/cms-articles.softonic.io\/es\/wp-json\/wp\/v2\/posts\/406371","targetHints":{"allow":["GET"]}}],"collection":[{"href":"https:\/\/cms-articles.softonic.io\/es\/wp-json\/wp\/v2\/posts"}],"about":[{"href":"https:\/\/cms-articles.softonic.io\/es\/wp-json\/wp\/v2\/types\/post"}],"author":[{"embeddable":true,"href":"https:\/\/cms-articles.softonic.io\/es\/wp-json\/wp\/v2\/users\/9318"}],"replies":[{"embeddable":true,"href":"https:\/\/cms-articles.softonic.io\/es\/wp-json\/wp\/v2\/comments?post=406371"}],"version-history":[{"count":2,"href":"https:\/\/cms-articles.softonic.io\/es\/wp-json\/wp\/v2\/posts\/406371\/revisions"}],"predecessor-version":[{"id":406470,"href":"https:\/\/cms-articles.softonic.io\/es\/wp-json\/wp\/v2\/posts\/406371\/revisions\/406470"}],"wp:featuredmedia":[{"embeddable":true,"href":"https:\/\/cms-articles.softonic.io\/es\/wp-json\/wp\/v2\/media\/405143"}],"wp:attachment":[{"href":"https:\/\/cms-articles.softonic.io\/es\/wp-json\/wp\/v2\/media?parent=406371"}],"wp:term":[{"taxonomy":"category","embeddable":true,"href":"https:\/\/cms-articles.softonic.io\/es\/wp-json\/wp\/v2\/categories?post=406371"},{"taxonomy":"post_tag","embeddable":true,"href":"https:\/\/cms-articles.softonic.io\/es\/wp-json\/wp\/v2\/tags?post=406371"},{"taxonomy":"usertag","embeddable":true,"href":"https:\/\/cms-articles.softonic.io\/es\/wp-json\/wp\/v2\/usertag?post=406371"},{"taxonomy":"vertical","embeddable":true,"href":"https:\/\/cms-articles.softonic.io\/es\/wp-json\/wp\/v2\/vertical?post=406371"},{"taxonomy":"content-category","embeddable":true,"href":"https:\/\/cms-articles.softonic.io\/es\/wp-json\/wp\/v2\/content-category?post=406371"}],"curies":[{"name":"wp","href":"https:\/\/api.w.org\/{rel}","templated":true}]}}