{"id":407212,"date":"2026-01-16T15:55:00","date_gmt":"2026-01-16T14:55:00","guid":{"rendered":"https:\/\/cms-articles.softonic.io\/es\/?p=407212"},"modified":"2026-01-16T15:55:34","modified_gmt":"2026-01-16T14:55:34","slug":"george-r-r-martin-afirma-que-ha-roto-relaciones-con-el-showrunner-de-la-casa-del-dragon","status":"publish","type":"post","link":"https:\/\/cms-articles.softonic.io\/es\/george-r-r-martin-afirma-que-ha-roto-relaciones-con-el-showrunner-de-la-casa-del-dragon\/","title":{"rendered":"George R.R. Martin afirma que ha roto relaciones con el showrunner de La Casa del Drag\u00f3n"},"content":{"rendered":"\n<p>George R.R. Martin, el c\u00e9lebre creador del universo de Canci\u00f3n de Hielo y Fuego, ha expresado su creciente desconexi\u00f3n con la serie precuela La Casa del Drag\u00f3n. En una reciente entrevista con The Hollywood Reporter, <strong>Martin describi\u00f3 <\/strong><a href=\"https:\/\/www.softonic.com\/articulos\/george-rr-martin-se-lleva-tan-mal-con-el-director-de-la-casa-del-dragon-que-califica-su-relacion-como-miserable\">su relaci\u00f3n con el showrunner Ryan Condal como abismal<\/a><strong>, sugiriendo un distanciamiento significativo en su colaboraci\u00f3n creativa<\/strong>.<\/p>\n\n\n\n<h2 class=\"wp-block-heading\">Razones m\u00e1s que justificables para el descontento<\/h2>\n\n\n\n<p>Martin revel\u00f3 que al inicio de su relaci\u00f3n, ambos trabajaban en conjunto, con \u00e9l revisando guiones y ofreciendo sugerencias que, inicialmente, eran bien recibidas. Sin embargo, <strong>esta din\u00e1mica cambi\u00f3 con la llegada de la segunda temporada, momento en el que Condal dej\u00f3 de escuchar sus propuestas, lo que result\u00f3 en una sensaci\u00f3n de frustraci\u00f3n para el autor<\/strong>. La situaci\u00f3n se deterior\u00f3 hasta que HBO le solicit\u00f3 canalizar sus comentarios a trav\u00e9s de la cadena, lo que increment\u00f3 la tensi\u00f3n entre Martin y el equipo creativo.<\/p>\n\n\n\n<p>El punto culminante de este conflicto ocurri\u00f3 en 2024, cuando Martin critic\u00f3 p\u00fablicamente ciertos cambios en la adaptaci\u00f3n de Fuego y Sangre, calific\u00e1ndolos de t\u00f3xicos.<strong> Aunque el post fue retirado tras una llamada de ejecutivos nerviosos, el da\u00f1o ya estaba hecho<\/strong>. Martin lleg\u00f3 a declarar en una reuni\u00f3n virtual que esta ya no es mi historia, lo que subraya su desapego actual.<\/p>\n\n\n\n<figure class=\"wp-block-embed is-type-video is-provider-youtube wp-block-embed-youtube wp-embed-aspect-16-9 wp-has-aspect-ratio\"><div class=\"wp-block-embed__wrapper\">\n<iframe loading=\"lazy\" title=\"La Casa del Drag\u00f3n | Tr\u00e1iler Oficial | 17 de junio\" width=\"840\" height=\"473\" src=\"https:\/\/www.youtube.com\/embed\/B0ZYLjTTEM0?feature=oembed\" frameborder=\"0\" allow=\"accelerometer; autoplay; clipboard-write; encrypted-media; gyroscope; picture-in-picture; web-share\" referrerpolicy=\"strict-origin-when-cross-origin\" allowfullscreen><\/iframe>\n<\/div><\/figure>\n\n\n\n<p>A pesar de su desencanto con La Casa del Drag\u00f3n, <strong>Martin ha mostrado un renovado entusiasmo por El Caballero de los Siete Reinos, una serie basada en sus relatos sobre Dunk y Egg<\/strong>. Aqu\u00ed, el escritor siente que se respeta la fidelidad al material original, un aspecto que \u00e9l considera emocionalmente crucial.<\/p>\n\n\n\n<p>Por otro lado, la creaci\u00f3n de Vientos de Invierno, la continuaci\u00f3n de Juego de Tronos, acumula m\u00e1s de una d\u00e9cada de retraso. Martin admite estar lidiando con un proceso de escritura complicado, <strong>pero rechaza la idea de que otro autor complete su saga<\/strong>. En su mente, no terminarla ser\u00eda un fracaso personal.<\/p>\n\n\n<div class=\"sc-card-program\">\r\n  <div class=\"sc-card-program__body\">\r\n    <div class=\"sc-card-program__row clearfix\">\r\n      <div class=\"sc-card-program__col-logo\">\r\n        <img decoding=\"async\" class=\"sc-card-program__img\" src=\"https:\/\/images.sftcdn.net\/images\/t_app-icon-s\/p\/a2f73840-9b6e-11e6-a5b8-00163ec9f5fa\/3184479294\/hbo-max-logo\" alt=\"Max\" width=\"100px\" height=\"100px\">\r\n      <\/div>\r\n      <div class=\"sc-card-program__col-title\">\r\n        <span class=\"sc-card-program__title\">Max<\/span>\r\n        <a class=\"sc-card-program__button sc-card-program-internal\" href=\"https:\/\/hbo-max.softonic.com\/android\" target=\"_self\" rel=\"noopener noreferrer\">DESCARGAR<\/a>\r\n      <\/div>\r\n      <div class=\"sc-card-program__col-rating\">\r\n        <svg class=\"rating-score__content\" xmlns=\"http:\/\/www.w3.org\/2000\/svg\" version=\"1.1\" x=\"0\" y=\"0\" viewbox=\"0 0 50 50\" enable-background=\"new 0 0 50 50\" xml:space=\"preserve\"><path class=\"rating-score__background rating-score--good\" fill=\"none\" stroke-width=\"6\" stroke-miterlimit=\"10\" d=\"M40 40c8.3-8.3 8.3-21.7 0-30s-21.7-8.3-30 0 -8.3 21.7 0 30\"><\/path><path class=\"rating-score__value rating-score__value--0\" fill=\"none\" stroke-width=\"6\" stroke-dashoffset=\"0\" stroke-miterlimit=\"10\" d=\"M40 40c8.3-8.3 8.3-21.7 0-30s-21.7-8.3-30 0 -8.3 21.7 0 30\"><\/path><text class=\"rating-score__number\" content=\"\" text-anchor=\"middle\" transform=\"matrix(1 0 0 1 25 31.0837)\" data-auto=\"app-user-score\"><\/text><\/svg>\r\n      <\/div>\r\n    <\/div>\r\n    <div class=\"sc-card-program__row\">\r\n      <span class=\"sc-card-program__description\"><\/span>\r\n    <\/div>\r\n    <div class=\"sc-card-program__row\">\r\n      <img decoding=\"async\" class=\"sc-card-program__bigpic\" src=\"\" onerror=\"this.style.display='none'\">\r\n    <\/div>\r\n    <a class=\"sc-card-program__link track-link sc-card-program-internal\" href=\"https:\/\/hbo-max.softonic.com\/android\" target=\"_self\" rel=\"noopener noreferrer\"><\/a>\r\n  <\/div>\r\n<\/div>\n","protected":false},"excerpt":{"rendered":"<p>George R.R. Martin, el c\u00e9lebre creador del universo de Canci\u00f3n de Hielo y Fuego, ha expresado su creciente desconexi\u00f3n con la serie precuela La Casa del Drag\u00f3n. En una reciente entrevista con The Hollywood Reporter, Martin describi\u00f3 su relaci\u00f3n con el showrunner Ryan Condal como abismal, sugiriendo un distanciamiento significativo en su colaboraci\u00f3n creativa. Razones &hellip; <a href=\"https:\/\/cms-articles.softonic.io\/es\/george-r-r-martin-afirma-que-ha-roto-relaciones-con-el-showrunner-de-la-casa-del-dragon\/\" class=\"more-link\">Continue reading<span class=\"screen-reader-text\"> &#8220;George R.R. Martin afirma que ha roto relaciones con el showrunner de La Casa del Drag\u00f3n&#8221;<\/span><\/a><\/p>\n","protected":false},"author":9318,"featured_media":332392,"comment_status":"closed","ping_status":"closed","sticky":false,"template":"","format":"standard","meta":{"footnotes":"","wpcf-pageviews":0},"categories":[9317],"tags":[32096,28111,19974,32093,15482,9529,16954,32094,32095,25978],"usertag":[],"vertical":[],"content-category":[14557],"class_list":["post-407212","post","type-post","status-publish","format-standard","has-post-thumbnail","hentry","category-news","tag-adaptacion-hbo","tag-cancion-de-hielo-y-fuego-2","tag-el-caballero-de-los-siete-reinos","tag-fuego-y-sangre","tag-george-r-r-martin","tag-juego-de-tronos","tag-la-casa-del-dragon","tag-ryan-condal","tag-serie-precuela","tag-vientos-de-invierno","content-category-streaming-videos"],"aioseo_notices":[],"_links":{"self":[{"href":"https:\/\/cms-articles.softonic.io\/es\/wp-json\/wp\/v2\/posts\/407212","targetHints":{"allow":["GET"]}}],"collection":[{"href":"https:\/\/cms-articles.softonic.io\/es\/wp-json\/wp\/v2\/posts"}],"about":[{"href":"https:\/\/cms-articles.softonic.io\/es\/wp-json\/wp\/v2\/types\/post"}],"author":[{"embeddable":true,"href":"https:\/\/cms-articles.softonic.io\/es\/wp-json\/wp\/v2\/users\/9318"}],"replies":[{"embeddable":true,"href":"https:\/\/cms-articles.softonic.io\/es\/wp-json\/wp\/v2\/comments?post=407212"}],"version-history":[{"count":3,"href":"https:\/\/cms-articles.softonic.io\/es\/wp-json\/wp\/v2\/posts\/407212\/revisions"}],"predecessor-version":[{"id":407265,"href":"https:\/\/cms-articles.softonic.io\/es\/wp-json\/wp\/v2\/posts\/407212\/revisions\/407265"}],"wp:featuredmedia":[{"embeddable":true,"href":"https:\/\/cms-articles.softonic.io\/es\/wp-json\/wp\/v2\/media\/332392"}],"wp:attachment":[{"href":"https:\/\/cms-articles.softonic.io\/es\/wp-json\/wp\/v2\/media?parent=407212"}],"wp:term":[{"taxonomy":"category","embeddable":true,"href":"https:\/\/cms-articles.softonic.io\/es\/wp-json\/wp\/v2\/categories?post=407212"},{"taxonomy":"post_tag","embeddable":true,"href":"https:\/\/cms-articles.softonic.io\/es\/wp-json\/wp\/v2\/tags?post=407212"},{"taxonomy":"usertag","embeddable":true,"href":"https:\/\/cms-articles.softonic.io\/es\/wp-json\/wp\/v2\/usertag?post=407212"},{"taxonomy":"vertical","embeddable":true,"href":"https:\/\/cms-articles.softonic.io\/es\/wp-json\/wp\/v2\/vertical?post=407212"},{"taxonomy":"content-category","embeddable":true,"href":"https:\/\/cms-articles.softonic.io\/es\/wp-json\/wp\/v2\/content-category?post=407212"}],"curies":[{"name":"wp","href":"https:\/\/api.w.org\/{rel}","templated":true}]}}