{"id":412030,"date":"2026-02-27T17:17:51","date_gmt":"2026-02-27T16:17:51","guid":{"rendered":"https:\/\/cms-articles.softonic.io\/es\/?p=412030"},"modified":"2026-02-27T17:17:55","modified_gmt":"2026-02-27T16:17:55","slug":"spider-man-beyond-the-spider-verse-retrasa-su-estreno-por-el-perfeccionismo-de-sus-creadores","status":"publish","type":"post","link":"https:\/\/cms-articles.softonic.io\/es\/spider-man-beyond-the-spider-verse-retrasa-su-estreno-por-el-perfeccionismo-de-sus-creadores\/","title":{"rendered":"Spider-Man: Beyond the Spider-Verse retrasa su estreno por el perfeccionismo de sus creadores"},"content":{"rendered":"\n<p>El estreno de<strong> Spider-Man: Beyond the Spider-Verse ha sido reprogramado para el 18 de junio de 2027, tres a\u00f1os m\u00e1s tarde de lo que se hab\u00eda previsto <\/strong>inicialmente para 2024. Esta modificaci\u00f3n en la fecha de lanzamiento refleja la complejidad de la historia que los creadores, Phil Lord y Christopher Miller, han decidido desglosar en dos pel\u00edculas, en lugar de una \u00fanica secuela que seguir\u00eda a Spider-Man: Into the Spider-Verse. Seg\u00fan Miller, la historia no ten\u00eda una estructura convencional de principio, medio y fin, lo que llev\u00f3 a la decisi\u00f3n de expandirla a un segundo filme.<\/p>\n\n\n\n<h2 class=\"wp-block-heading\">Ellos mismos son sus cr\u00edticos m\u00e1s duros<\/h2>\n\n\n\n<p>Lord y Miller, los directores detr\u00e1s de las innovadoras pel\u00edculas animadas del Spider-Verse, <strong>han expresado que la presi\u00f3n que sienten proviene principalmente de su deseo de superar sus propias obras pasadas<\/strong>. <em>Nadie se presiona m\u00e1s que nosotros mismos<\/em>, afirma Miller. <em>Queremos crear algo que sienta que no has experimentado antes<\/em>. Este enfoque innovador implica un proceso creativo en el que se permite a todo el equipo experimentar y, en ocasiones, cometer errores en la b\u00fasqueda de nuevas ideas y narrativas.<\/p>\n\n\n\n<p>A pesar de los desaf\u00edos de producci\u00f3n, <strong>Lord subraya que el equipo est\u00e1 trabajando arduamente para asegurar que el resultado final cumpla con las altas expectativas <\/strong>establecidas por las entregas anteriores. <em>Es genial saber que est\u00e1n esforz\u00e1ndose al m\u00e1ximo<\/em>, comenta. <\/p>\n\n\n\n<figure class=\"wp-block-embed is-type-video is-provider-youtube wp-block-embed-youtube wp-embed-aspect-16-9 wp-has-aspect-ratio\"><div class=\"wp-block-embed__wrapper\">\n<iframe loading=\"lazy\" title=\"SPIDER-MAN: INTO THE SPIDER-VERSE - Official Trailer (HD)\" width=\"840\" height=\"473\" src=\"https:\/\/www.youtube.com\/embed\/g4Hbz2jLxvQ?feature=oembed\" frameborder=\"0\" allow=\"accelerometer; autoplay; clipboard-write; encrypted-media; gyroscope; picture-in-picture; web-share\" referrerpolicy=\"strict-origin-when-cross-origin\" allowfullscreen><\/iframe>\n<\/div><\/figure>\n\n\n\n<p>Este enfoque creativo y la metodolog\u00eda de trabajo parecen ser claves para el \u00e9xito de las pel\u00edculas, teniendo en cuenta que<strong> tanto Into the Spider-Verse como Across the Spider-Verse&#8221;han sido todo un \u00e9xito por la cr\u00edtica y el p\u00fablico<\/strong>, y no dudamos en que esta tambi\u00e9n lo ser\u00e1.<\/p>\n\n\n\n<p><\/p>\n","protected":false},"excerpt":{"rendered":"<p>El estreno de Spider-Man: Beyond the Spider-Verse ha sido reprogramado para el 18 de junio de 2027, tres a\u00f1os m\u00e1s tarde de lo que se hab\u00eda previsto inicialmente para 2024. Esta modificaci\u00f3n en la fecha de lanzamiento refleja la complejidad de la historia que los creadores, Phil Lord y Christopher Miller, han decidido desglosar en &hellip; <a href=\"https:\/\/cms-articles.softonic.io\/es\/spider-man-beyond-the-spider-verse-retrasa-su-estreno-por-el-perfeccionismo-de-sus-creadores\/\" class=\"more-link\">Continue reading<span class=\"screen-reader-text\"> &#8220;Spider-Man: Beyond the Spider-Verse retrasa su estreno por el perfeccionismo de sus creadores&#8221;<\/span><\/a><\/p>\n","protected":false},"author":9317,"featured_media":412031,"comment_status":"closed","ping_status":"closed","sticky":false,"template":"","format":"standard","meta":{"footnotes":"","wpcf-pageviews":0},"categories":[],"tags":[27773,23572,18377,9381,35457,26325,35456],"usertag":[],"vertical":[],"content-category":[],"class_list":["post-412030","post","type-post","status-publish","format-standard","has-post-thumbnail","hentry","tag-christopher-miller","tag-lod-and-miller","tag-phil-lord","tag-spider-man","tag-spider-man-animacion","tag-spider-man-beyond-the-spider-verse","tag-spiderverse"],"aioseo_notices":[],"_links":{"self":[{"href":"https:\/\/cms-articles.softonic.io\/es\/wp-json\/wp\/v2\/posts\/412030","targetHints":{"allow":["GET"]}}],"collection":[{"href":"https:\/\/cms-articles.softonic.io\/es\/wp-json\/wp\/v2\/posts"}],"about":[{"href":"https:\/\/cms-articles.softonic.io\/es\/wp-json\/wp\/v2\/types\/post"}],"author":[{"embeddable":true,"href":"https:\/\/cms-articles.softonic.io\/es\/wp-json\/wp\/v2\/users\/9317"}],"replies":[{"embeddable":true,"href":"https:\/\/cms-articles.softonic.io\/es\/wp-json\/wp\/v2\/comments?post=412030"}],"version-history":[{"count":1,"href":"https:\/\/cms-articles.softonic.io\/es\/wp-json\/wp\/v2\/posts\/412030\/revisions"}],"predecessor-version":[{"id":412032,"href":"https:\/\/cms-articles.softonic.io\/es\/wp-json\/wp\/v2\/posts\/412030\/revisions\/412032"}],"wp:featuredmedia":[{"embeddable":true,"href":"https:\/\/cms-articles.softonic.io\/es\/wp-json\/wp\/v2\/media\/412031"}],"wp:attachment":[{"href":"https:\/\/cms-articles.softonic.io\/es\/wp-json\/wp\/v2\/media?parent=412030"}],"wp:term":[{"taxonomy":"category","embeddable":true,"href":"https:\/\/cms-articles.softonic.io\/es\/wp-json\/wp\/v2\/categories?post=412030"},{"taxonomy":"post_tag","embeddable":true,"href":"https:\/\/cms-articles.softonic.io\/es\/wp-json\/wp\/v2\/tags?post=412030"},{"taxonomy":"usertag","embeddable":true,"href":"https:\/\/cms-articles.softonic.io\/es\/wp-json\/wp\/v2\/usertag?post=412030"},{"taxonomy":"vertical","embeddable":true,"href":"https:\/\/cms-articles.softonic.io\/es\/wp-json\/wp\/v2\/vertical?post=412030"},{"taxonomy":"content-category","embeddable":true,"href":"https:\/\/cms-articles.softonic.io\/es\/wp-json\/wp\/v2\/content-category?post=412030"}],"curies":[{"name":"wp","href":"https:\/\/api.w.org\/{rel}","templated":true}]}}