{"id":413407,"date":"2026-03-13T19:36:04","date_gmt":"2026-03-13T18:36:04","guid":{"rendered":"https:\/\/cms-articles.softonic.io\/es\/?p=413407"},"modified":"2026-03-13T19:36:07","modified_gmt":"2026-03-13T18:36:07","slug":"un-actor-de-la-voz-de-hind-no-podra-ir-a-los-oscar-por-culpa-de-donald-trump","status":"publish","type":"post","link":"https:\/\/cms-articles.softonic.io\/es\/un-actor-de-la-voz-de-hind-no-podra-ir-a-los-oscar-por-culpa-de-donald-trump\/","title":{"rendered":"Un actor de &#8216;La voz de Hind&#8217; no podr\u00e1 ir a los \u00d3scar por culpa de Donald Trump"},"content":{"rendered":"\n<p>El docudrama La voz de Hind, dirigido por Kaouther Ben Hania, ha sido nominado a la categor\u00eda de mejor pel\u00edcula internacional en la pr\u00f3xima ceremonia de los <a href=\"https:\/\/www.softonic.com\/articulos\/los-oscar-tendran-sorpresas-para-todos-si-incluyendo-reencuentros-preciosos\" title=\"\">Premios Oscar<\/a>. <strong>Este reconocimiento no solo subraya la calidad cinematogr\u00e1fica de la obra<\/strong>, sino que tambi\u00e9n pone de relieve la relevancia de las historias que emergen de contextos de conflicto, mostrando la lucha y la esperanza en medio de la adversidad.<\/p>\n\n\n\n<h2 class=\"wp-block-heading\">\u00bfOscars? No para ti<\/h2>\n\n\n\n<p>La pel\u00edcula se centra en la historia desgarradora de un operador de centro de llamadas que intenta ayudar a Hind Rajab, una ni\u00f1a palestina de cinco a\u00f1os, mientras se encuentra atrapada en un autom\u00f3vil bajo fuego. <strong>La narrativa refleja no solo el sufrimiento de los ciudadanos atrapados en situaciones de guerra<\/strong>, sino tambi\u00e9n la desesperaci\u00f3n de aquellos que intentan brindar ayuda en medio del caos.<\/p>\n\n\n\n<p>A pesar de esta notable nominaci\u00f3n, <strong>uno de los protagonistas del filme, Motaz Malhees, no podr\u00e1 asistir a la ceremonia de los Oscars<\/strong>. Su ausencia ha suscitado inter\u00e9s entre los seguidores de la historia, quienes quiz\u00e1s esperaban ver a los actores involucrados en este conmovedor relato en la alfombra roja. La participaci\u00f3n de artistas de regiones afectadas por conflictos en eventos internacionales como los Oscars puede ser fundamental para dar visibilidad a las narrativas que suelen quedar en la sombra.<\/p>\n\n\n\n<figure class=\"wp-block-embed is-type-video is-provider-youtube wp-block-embed-youtube wp-embed-aspect-16-9 wp-has-aspect-ratio\"><div class=\"wp-block-embed__wrapper\">\n<iframe loading=\"lazy\" title=\"THE VOICE OF HIND RAJAB | Official Trailer | In Theaters December 17\" width=\"840\" height=\"473\" src=\"https:\/\/www.youtube.com\/embed\/JkeKrG0YONQ?feature=oembed\" frameborder=\"0\" allow=\"accelerometer; autoplay; clipboard-write; encrypted-media; gyroscope; picture-in-picture; web-share\" referrerpolicy=\"strict-origin-when-cross-origin\" allowfullscreen><\/iframe>\n<\/div><\/figure>\n\n\n\n<p>Con La voz de Hind, <strong>Ben Hania logra abrir un espacio para el di\u00e1logo sobre la situaci\u00f3n en Palestina y el impacto de la guerra en los m\u00e1s vulnerables<\/strong>, ofreciendo una perspectiva \u00edntima y emocional que resuena con el p\u00fablico global. La ceremonia, que se llevar\u00e1 a cabo el pr\u00f3ximo domingo, ser\u00e1 un momento clave para el cine internacional, donde la diversidad de voces y experiencias tomadas de situaciones complejas como la que presenta el docudrama ser\u00e1, sin duda, objeto de atenci\u00f3n.<\/p>\n","protected":false},"excerpt":{"rendered":"<p>El docudrama La voz de Hind, dirigido por Kaouther Ben Hania, ha sido nominado a la categor\u00eda de mejor pel\u00edcula internacional en la pr\u00f3xima ceremonia de los Premios Oscar. Este reconocimiento no solo subraya la calidad cinematogr\u00e1fica de la obra, sino que tambi\u00e9n pone de relieve la relevancia de las historias que emergen de contextos &hellip; <a href=\"https:\/\/cms-articles.softonic.io\/es\/un-actor-de-la-voz-de-hind-no-podra-ir-a-los-oscar-por-culpa-de-donald-trump\/\" class=\"more-link\">Continue reading<span class=\"screen-reader-text\"> &#8220;Un actor de &#8216;La voz de Hind&#8217; no podr\u00e1 ir a los \u00d3scar por culpa de Donald Trump&#8221;<\/span><\/a><\/p>\n","protected":false},"author":9317,"featured_media":413408,"comment_status":"closed","ping_status":"closed","sticky":false,"template":"","format":"standard","meta":{"footnotes":"","wpcf-pageviews":0},"categories":[9317],"tags":[27175,25185],"usertag":[],"vertical":[],"content-category":[],"class_list":["post-413407","post","type-post","status-publish","format-standard","has-post-thumbnail","hentry","category-news","tag-la-voz-de-hind","tag-oscars-2026"],"aioseo_notices":[],"_links":{"self":[{"href":"https:\/\/cms-articles.softonic.io\/es\/wp-json\/wp\/v2\/posts\/413407","targetHints":{"allow":["GET"]}}],"collection":[{"href":"https:\/\/cms-articles.softonic.io\/es\/wp-json\/wp\/v2\/posts"}],"about":[{"href":"https:\/\/cms-articles.softonic.io\/es\/wp-json\/wp\/v2\/types\/post"}],"author":[{"embeddable":true,"href":"https:\/\/cms-articles.softonic.io\/es\/wp-json\/wp\/v2\/users\/9317"}],"replies":[{"embeddable":true,"href":"https:\/\/cms-articles.softonic.io\/es\/wp-json\/wp\/v2\/comments?post=413407"}],"version-history":[{"count":1,"href":"https:\/\/cms-articles.softonic.io\/es\/wp-json\/wp\/v2\/posts\/413407\/revisions"}],"predecessor-version":[{"id":413409,"href":"https:\/\/cms-articles.softonic.io\/es\/wp-json\/wp\/v2\/posts\/413407\/revisions\/413409"}],"wp:featuredmedia":[{"embeddable":true,"href":"https:\/\/cms-articles.softonic.io\/es\/wp-json\/wp\/v2\/media\/413408"}],"wp:attachment":[{"href":"https:\/\/cms-articles.softonic.io\/es\/wp-json\/wp\/v2\/media?parent=413407"}],"wp:term":[{"taxonomy":"category","embeddable":true,"href":"https:\/\/cms-articles.softonic.io\/es\/wp-json\/wp\/v2\/categories?post=413407"},{"taxonomy":"post_tag","embeddable":true,"href":"https:\/\/cms-articles.softonic.io\/es\/wp-json\/wp\/v2\/tags?post=413407"},{"taxonomy":"usertag","embeddable":true,"href":"https:\/\/cms-articles.softonic.io\/es\/wp-json\/wp\/v2\/usertag?post=413407"},{"taxonomy":"vertical","embeddable":true,"href":"https:\/\/cms-articles.softonic.io\/es\/wp-json\/wp\/v2\/vertical?post=413407"},{"taxonomy":"content-category","embeddable":true,"href":"https:\/\/cms-articles.softonic.io\/es\/wp-json\/wp\/v2\/content-category?post=413407"}],"curies":[{"name":"wp","href":"https:\/\/api.w.org\/{rel}","templated":true}]}}