{"id":415237,"date":"2026-04-01T11:42:02","date_gmt":"2026-04-01T09:42:02","guid":{"rendered":"https:\/\/cms-articles.softonic.io\/es\/?p=415237"},"modified":"2026-04-01T15:20:25","modified_gmt":"2026-04-01T13:20:25","slug":"todo-lo-que-tienes-que-saber-sobre-artemis-ii-volvemos-a-la-luna","status":"publish","type":"post","link":"https:\/\/cms-articles.softonic.io\/es\/todo-lo-que-tienes-que-saber-sobre-artemis-ii-volvemos-a-la-luna\/","title":{"rendered":"Todo lo que tienes que saber sobre Artemis II: hoy volvemos a la Luna"},"content":{"rendered":"\n<p class=\"wp-block-paragraph\">Hoy es uno de los d\u00edas m\u00e1s importantes de la historia aeroespacial. Hoy, 1 de abril de 2026, <a href=\"https:\/\/www.softonic.com\/articulos\/luna-espera-nuevos-turistas-primera-mujer-historia\" title=\"la NASA va a mandar a cuatro astronautas a que vean la cara oculta de la Luna.\">la NASA va a mandar a cuatro astronautas a que vean la cara oculta de la Luna.<\/a><\/p>\n\n\n\n<p class=\"wp-block-paragraph\">El d\u00eda de hoy entrar\u00e1 en los libros de historia, justo despu\u00e9s de otros grandes hitos de la carrera aeroespacial (pisar la Luna est\u00e1 claro que sigue siendo el mayor logro hasta la fecha, estate tranquilo, Neil Armstrong).<\/p>\n\n\n\n<h2 class=\"wp-block-heading\">Todo lo que sabemos de la misi\u00f3n Artemis II<\/h2>\n\n\n\n<p class=\"wp-block-paragraph\">La cuenta atr\u00e1s ya ha comenzado en el Centro Espacial Kennedy para el despegue de Artemis II, que llevar\u00e1 a cuatro astronautas a <strong>dar la vuelta a la Luna y regresar en la primera misi\u00f3n lunar tripulada desde 1972.<\/strong><\/p>\n\n\n\n<p class=\"wp-block-paragraph\">Tras una reuni\u00f3n del equipo de gesti\u00f3n de la misi\u00f3n celebrada el lunes, el administrador adjunto de la NASA, Amit Kshatriya, afirm\u00f3 que Artemis II est\u00e1 lista para su lanzamiento este mi\u00e9rcoles.<\/p>\n\n\n\n<p class=\"wp-block-paragraph\">El tiempo es ahora el \u00fanico posible obst\u00e1culo. <strong>La previsi\u00f3n indica un 80 % de probabilidades de condiciones favorables<\/strong>, siendo las principales preocupaciones la nubosidad y la posibilidad de vientos fuertes, se\u00f1al\u00f3 la NASA.<\/p>\n\n\n\n<figure class=\"wp-block-embed is-type-rich is-provider-twitter wp-block-embed-twitter\"><div class=\"wp-block-embed__wrapper\">\n<blockquote class=\"twitter-tweet\" data-width=\"550\" data-dnt=\"true\"><p lang=\"es\" dir=\"ltr\"><a href=\"https:\/\/twitter.com\/hashtag\/Artemis?src=hash&amp;ref_src=twsrc%5Etfw\">#Artemis<\/a> II: as\u00ed es la misi\u00f3n que parte rumbo a la <a href=\"https:\/\/twitter.com\/hashtag\/Luna?src=hash&amp;ref_src=twsrc%5Etfw\">#Luna<\/a> 50 a\u00f1os despu\u00e9s.<br><br>4 astronautas viajaran 800.000 km en una misi\u00f3n que ofrecer\u00e1 una nueva imagen de nuestro sat\u00e9lite y mucha informaci\u00f3n. En el horizonte, un objetivo ambicioso: crear una base lunar.<a href=\"https:\/\/t.co\/pkjVL2oVb3\">https:\/\/t.co\/pkjVL2oVb3<\/a> <a href=\"https:\/\/t.co\/ANXrdQG3Ul\">pic.twitter.com\/ANXrdQG3Ul<\/a><\/p>&mdash; Sara Garc\u00eda Alonso (@Astro_SaraG) <a href=\"https:\/\/twitter.com\/Astro_SaraG\/status\/2038562720648147420?ref_src=twsrc%5Etfw\">March 30, 2026<\/a><\/blockquote><script async src=\"https:\/\/platform.twitter.com\/widgets.js\" charset=\"utf-8\"><\/script>\n<\/div><\/figure>\n\n\n\n<h2 class=\"wp-block-heading\">\u00bfCu\u00e1ndo se lanzar\u00e1 Artemis II?<\/h2>\n\n\n\n<p class=\"wp-block-paragraph\">A las 18:24 (22:24 GMT) del mi\u00e9rcoles, se abrir\u00e1 una ventana de dos horas para que la misi\u00f3n Artemis II despegue desde el Centro Espacial Kennedy en Florida.<\/p>\n\n\n\n<p class=\"wp-block-paragraph\"><strong>La ventana de lanzamiento permanecer\u00e1 abierta hasta el 6 de abril durante dos horas cada d\u00eda tras la puesta de sol.<\/strong> La misi\u00f3n solo podr\u00e1 lanzarse cuando la Luna, las trayectorias orbitales, el tiempo y la rotaci\u00f3n de la Tierra se alineen de forma segura.<\/p>\n\n\n\n<p class=\"wp-block-paragraph\"><a href=\"https:\/\/www.softonic.com\/articulos\/malas-noticias-desde-la-nasa-vuelven-a-retrasar-la-mision-de-vuelta-a-la-luna\" title=\"Artemis II ha sufrido dos retrasos importantes que la han alejado de su ventana de lanzamiento original a principios de 2026.\">Artemis II ha sufrido dos retrasos importantes que la han alejado de su ventana de lanzamiento original a principios de 2026.<\/a><\/p>\n\n\n\n<p class=\"wp-block-paragraph\">A principios de febrero, se suspendi\u00f3 el primer intento tras detectarse una fuga de hidr\u00f3geno l\u00edquido durante una cuenta atr\u00e1s de prueba.<\/p>\n\n\n\n<p class=\"wp-block-paragraph\">Un segundo intento de lanzamiento a principios de marzo se cancel\u00f3 cuando los ingenieros descubrieron un problema de flujo de helio en la etapa superior del cohete.<\/p>\n\n\n\n<figure class=\"wp-block-embed is-type-video is-provider-youtube wp-block-embed-youtube wp-embed-aspect-4-3 wp-has-aspect-ratio\"><div class=\"wp-block-embed__wrapper\">\n<iframe loading=\"lazy\" title=\"NASA&#039;s Artemis II Live Views from Kennedy Space Center\" width=\"840\" height=\"630\" src=\"https:\/\/www.youtube.com\/embed\/NaJklsJonD4?feature=oembed\" frameborder=\"0\" allow=\"accelerometer; autoplay; clipboard-write; encrypted-media; gyroscope; picture-in-picture; web-share\" referrerpolicy=\"strict-origin-when-cross-origin\" allowfullscreen><\/iframe>\n<\/div><\/figure>\n\n\n\n<h2 class=\"wp-block-heading\">C\u00f3mo ver el lanzamiento<\/h2>\n\n\n\n<p class=\"wp-block-paragraph\">La NASA retransmitir\u00e1 el lanzamiento en directo a trav\u00e9s de <a href=\"https:\/\/www.youtube.com\/watch?v=NaJklsJonD4\" target=\"_blank\" rel=\"noopener nofollow\" title=\"\">YouTube<\/a>, donde ya se ha podido ver el Artemis II desde su salida del edificio de ensamblaje de veh\u00edculos hasta la plataforma de lanzamiento 39.<\/p>\n\n\n\n<h2 class=\"wp-block-heading\">\u00bfQu\u00e9 es el programa Artemis de la NASA?<\/h2>\n\n\n\n<p class=\"wp-block-paragraph\">El programa Artemis es <strong>la misi\u00f3n de varias d\u00e9cadas de la NASA para llevar de nuevo al ser humano a la Luna por primera vez desde 1972<\/strong>, establecer all\u00ed una base a largo plazo y, en \u00faltima instancia, hacer posible futuras misiones tripuladas a Marte.<\/p>\n\n\n\n<p class=\"wp-block-paragraph\">El programa se divide actualmente en cinco misiones: Artemis I, II, III, IV y V.<\/p>\n\n\n\n<p class=\"wp-block-paragraph\">Artemis I fue el vuelo de prueba inaugural sin tripulaci\u00f3n, que se lanz\u00f3 el 16 de noviembre de 2022 y dur\u00f3 25 d\u00edas. Coloc\u00f3 con \u00e9xito la nave espacial Ori\u00f3n en la \u00f3rbita terrestre y proporcion\u00f3 datos cruciales para Artemis II.<\/p>\n\n\n\n<figure class=\"wp-block-embed is-type-rich is-provider-twitter wp-block-embed-twitter\"><div class=\"wp-block-embed__wrapper\">\n<blockquote class=\"twitter-tweet\" data-width=\"550\" data-dnt=\"true\"><p lang=\"en\" dir=\"ltr\">The weather&#39;s looking good for tomorrow&#39;s Artemis II launch, and our teams are getting the rocket ready for liftoff!<br><br>Read the latest updates on our mission around the Moon: <a href=\"https:\/\/t.co\/doIjUqa1cx\">https:\/\/t.co\/doIjUqa1cx<\/a> <a href=\"https:\/\/t.co\/TtoI6FIkvl\">pic.twitter.com\/TtoI6FIkvl<\/a><\/p>&mdash; NASA (@NASA) <a href=\"https:\/\/twitter.com\/NASA\/status\/2039093247495000079?ref_src=twsrc%5Etfw\">March 31, 2026<\/a><\/blockquote><script async src=\"https:\/\/platform.twitter.com\/widgets.js\" charset=\"utf-8\"><\/script>\n<\/div><\/figure>\n\n\n\n<h2 class=\"wp-block-heading\">\u00bfQu\u00e9 es Artemis II?<\/h2>\n\n\n\n<p class=\"wp-block-paragraph\">Artemis II es la primera misi\u00f3n tripulada del programa Artemis. Mientras que Artemis I fue una misi\u00f3n de prueba no tripulada que solo transportaba maniqu\u00edes y sensores, Artemis II marcar\u00e1 la primera vez desde 1972 que los astronautas viajar\u00e1n m\u00e1s all\u00e1 de la \u00f3rbita terrestre baja.<\/p>\n\n\n\n<h2 class=\"wp-block-heading\">\u00bfAterrizar\u00e1 Artemis II en la Luna?<\/h2>\n\n\n\n<p class=\"wp-block-paragraph\">No. La tripulaci\u00f3n de cuatro personas no aterrizar\u00e1 en la Luna, sino que realizar\u00e1 un sobrevuelo lunar, dando una vuelta alrededor de la cara oculta de la Luna antes de regresar a la Tierra.<\/p>\n\n\n\n<h2 class=\"wp-block-heading\">\u00bfCu\u00e1l es el objetivo del programa Artemis?<\/h2>\n\n\n\n<p class=\"wp-block-paragraph\">En esencia, Artemis II es una misi\u00f3n de validaci\u00f3n de sistemas. La NASA utilizar\u00e1 el vuelo para probar los sistemas de soporte vital, la navegaci\u00f3n, los enlaces de comunicaci\u00f3n y el rendimiento general de la nave espacial Ori\u00f3n en el espacio profundo con una tripulaci\u00f3n a bordo, condiciones que no pueden reproducirse por completo en la Tierra.<\/p>\n\n\n\n<p class=\"wp-block-paragraph\">Si tiene \u00e9xito, Artemis II allanar\u00e1 el camino para Artemis III, una misi\u00f3n tripulada en \u00f3rbita terrestre baja; luego Artemis IV, cuyo objetivo es llevar a los astronautas a la Luna; y futuras misiones que podr\u00edan establecer una presencia humana sostenida m\u00e1s all\u00e1 de la Tierra.<\/p>\n\n\n\n<h2 class=\"wp-block-heading\">\u00bfEn qu\u00e9 se diferencia Artemisa de Apolo?<\/h2>\n\n\n\n<p class=\"wp-block-paragraph\">En la mitolog\u00eda griega, <strong>Artemisa es la hermana gemela de Apolo y la diosa de la Luna.<\/strong> El nombre simboliza la conexi\u00f3n del programa con las misiones lunares originales de Apolo, que tuvieron lugar entre 1961 y 1972.<\/p>\n\n\n\n<p class=\"wp-block-paragraph\">La m\u00e1s destacada de las misiones Apolo fue la Apolo 11, cuando, el 20 de julio de 1969, Neil Armstrong y Buzz Aldrin se convirtieron en los primeros seres humanos en pisar la superficie lunar.<\/p>\n\n\n\n<p class=\"wp-block-paragraph\">La \u00faltima misi\u00f3n fue la Apolo 17, cuando Eugene Cernan y Harrison Schmitt abandonaron la superficie lunar el 14 de diciembre de 1972, convirti\u00e9ndose en las \u00faltimas personas en pisar la Luna.<\/p>\n\n\n\n<figure class=\"wp-block-embed is-type-video is-provider-youtube wp-block-embed-youtube wp-embed-aspect-16-9 wp-has-aspect-ratio\"><div class=\"wp-block-embed__wrapper\">\n<iframe loading=\"lazy\" title=\"Around the Moon for All Humanity: Artemis II (Official Launch Trailer)\" width=\"840\" height=\"473\" src=\"https:\/\/www.youtube.com\/embed\/Vg-EQ7MOu6I?feature=oembed\" frameborder=\"0\" allow=\"accelerometer; autoplay; clipboard-write; encrypted-media; gyroscope; picture-in-picture; web-share\" referrerpolicy=\"strict-origin-when-cross-origin\" allowfullscreen><\/iframe>\n<\/div><\/figure>\n\n\n\n<h2 class=\"wp-block-heading\">\u00bfQui\u00e9nes son los astronautas de Artemis II?<\/h2>\n\n\n\n<p class=\"wp-block-paragraph\"><a href=\"https:\/\/www.softonic.com\/articulos\/luna-espera-nuevos-turistas-primera-mujer-historia\" title=\"La misi\u00f3n contar\u00e1 con cuatro astronautas:\">La misi\u00f3n contar\u00e1 con cuatro astronautas:<\/a><\/p>\n\n\n\n<p class=\"wp-block-paragraph\"><strong>Reid Wiseman, 50 a\u00f1os, comandante: <\/strong>Este veterano de la NASA y antiguo comandante de la Estaci\u00f3n Espacial Internacional lidera la misi\u00f3n Artemis II. Piloto de pruebas convertido en astronauta, cuenta con liderazgo y una amplia experiencia en vuelos espaciales.<\/p>\n\n\n\n<p class=\"wp-block-paragraph\"><strong>Victor Glover, de 49 a\u00f1os, piloto: <\/strong>Este aviador de la Marina de los Estados Unidos es el primer astronauta negro asignado a una misi\u00f3n lunar y vol\u00f3 en la SpaceX Crew-1.<\/p>\n\n\n\n<p class=\"wp-block-paragraph\"><strong>Christina Koch, de 47 a\u00f1os, especialista de misi\u00f3n: <\/strong>La poseedora del r\u00e9cord del vuelo espacial individual m\u00e1s largo realizado por una mujer, con 328 d\u00edas, es una veterana de m\u00faltiples paseos espaciales y cuenta con experiencia cient\u00edfica y en misiones en el espacio profundo.<\/p>\n\n\n\n<p class=\"wp-block-paragraph\"><strong>Jeremy Hansen, 50 a\u00f1os, especialista de misi\u00f3n: <\/strong>El primer canadiense que viajar\u00e1 a la Luna es un antiguo piloto de caza y representa la colaboraci\u00f3n internacional en la exploraci\u00f3n del espacio profundo.<\/p>\n\n\n\n<h2 class=\"wp-block-heading\">\u00bfPor qu\u00e9 vuelve la NASA a la Luna?<\/h2>\n\n\n\n<p class=\"wp-block-paragraph\">La misi\u00f3n refleja objetivos m\u00e1s amplios a largo plazo. La NASA planea establecer una presencia humana sostenida en la Luna y sus alrededores, especialmente cerca del polo sur lunar, donde se cree que existe agua en forma de hielo.<\/p>\n\n\n\n<p class=\"wp-block-paragraph\">Esto se considera un paso previo hacia futuras misiones tripuladas a Marte. Al mismo tiempo, Artemis se desarrolla en un contexto geopol\u00edtico m\u00e1s amplio, ya que Estados Unidos busca mantener el liderazgo en la exploraci\u00f3n espacial en medio de una competencia creciente, especialmente por parte de China.<\/p>\n\n\n\n<h2 class=\"wp-block-heading\">\u00bfCu\u00e1ndo ser\u00e1n las pr\u00f3ximas misiones Artemis?<\/h2>\n\n\n\n<p class=\"wp-block-paragraph\"><strong>Artemis III en 2027:<\/strong> <a href=\"https:\/\/www.softonic.com\/articulos\/la-nasa-prueba-hasta-200-escenarios-de-acoplamiento-diferentes-para-la-mision-artemis-3\" title=\"La NASA ha revisado recientemente el perfil de la misi\u00f3n Artemis III.\">La NASA ha revisado recientemente el perfil de la misi\u00f3n Artemis III.<\/a> La misi\u00f3n, prevista para el pr\u00f3ximo a\u00f1o, ya no aterrizar\u00e1 en la Luna, sino que enviar\u00e1 una tripulaci\u00f3n a la \u00f3rbita terrestre baja, donde se pondr\u00e1n a prueba las operaciones integradas entre la nave espacial Ori\u00f3n y uno o ambos m\u00f3dulos de aterrizaje comerciales de SpaceX y Blue Origin.<\/p>\n\n\n\n<p class=\"wp-block-paragraph\"><strong>Artemis IV a principios de 2028: <\/strong>La misi\u00f3n ser\u00e1 el primer alunizaje tripulado desde el Apolo 17. La NASA tiene previsto enviar a su tripulaci\u00f3n a la \u00f3rbita lunar y a dos de sus astronautas al polo sur lunar.<\/p>\n\n\n\n<p class=\"wp-block-paragraph\"><strong>Artemis V a finales de 2028:<\/strong> Con esta misi\u00f3n, la NASA planea un segundo alunizaje tripulado y el inicio de una base lunar.<\/p>\n","protected":false},"excerpt":{"rendered":"<p>Hoy es uno de los d\u00edas m\u00e1s importantes de la historia aeroespacial. Hoy, 1 de abril de 2026, la NASA va a mandar a cuatro astronautas a que vean la cara oculta de la Luna. El d\u00eda de hoy entrar\u00e1 en los libros de historia, justo despu\u00e9s de otros grandes hitos de la carrera aeroespacial &hellip; <a href=\"https:\/\/cms-articles.softonic.io\/es\/todo-lo-que-tienes-que-saber-sobre-artemis-ii-volvemos-a-la-luna\/\" class=\"more-link\">Continue reading<span class=\"screen-reader-text\"> &#8220;Todo lo que tienes que saber sobre Artemis II: hoy volvemos a la Luna&#8221;<\/span><\/a><\/p>\n","protected":false},"author":9265,"featured_media":281042,"comment_status":"closed","ping_status":"closed","sticky":false,"template":"","format":"standard","meta":{"footnotes":"","wpcf-pageviews":0},"categories":[9317],"tags":[],"usertag":[],"vertical":[],"content-category":[],"class_list":["post-415237","post","type-post","status-publish","format-standard","has-post-thumbnail","hentry","category-news"],"aioseo_notices":[],"_links":{"self":[{"href":"https:\/\/cms-articles.softonic.io\/es\/wp-json\/wp\/v2\/posts\/415237","targetHints":{"allow":["GET"]}}],"collection":[{"href":"https:\/\/cms-articles.softonic.io\/es\/wp-json\/wp\/v2\/posts"}],"about":[{"href":"https:\/\/cms-articles.softonic.io\/es\/wp-json\/wp\/v2\/types\/post"}],"author":[{"embeddable":true,"href":"https:\/\/cms-articles.softonic.io\/es\/wp-json\/wp\/v2\/users\/9265"}],"replies":[{"embeddable":true,"href":"https:\/\/cms-articles.softonic.io\/es\/wp-json\/wp\/v2\/comments?post=415237"}],"version-history":[{"count":2,"href":"https:\/\/cms-articles.softonic.io\/es\/wp-json\/wp\/v2\/posts\/415237\/revisions"}],"predecessor-version":[{"id":415239,"href":"https:\/\/cms-articles.softonic.io\/es\/wp-json\/wp\/v2\/posts\/415237\/revisions\/415239"}],"wp:featuredmedia":[{"embeddable":true,"href":"https:\/\/cms-articles.softonic.io\/es\/wp-json\/wp\/v2\/media\/281042"}],"wp:attachment":[{"href":"https:\/\/cms-articles.softonic.io\/es\/wp-json\/wp\/v2\/media?parent=415237"}],"wp:term":[{"taxonomy":"category","embeddable":true,"href":"https:\/\/cms-articles.softonic.io\/es\/wp-json\/wp\/v2\/categories?post=415237"},{"taxonomy":"post_tag","embeddable":true,"href":"https:\/\/cms-articles.softonic.io\/es\/wp-json\/wp\/v2\/tags?post=415237"},{"taxonomy":"usertag","embeddable":true,"href":"https:\/\/cms-articles.softonic.io\/es\/wp-json\/wp\/v2\/usertag?post=415237"},{"taxonomy":"vertical","embeddable":true,"href":"https:\/\/cms-articles.softonic.io\/es\/wp-json\/wp\/v2\/vertical?post=415237"},{"taxonomy":"content-category","embeddable":true,"href":"https:\/\/cms-articles.softonic.io\/es\/wp-json\/wp\/v2\/content-category?post=415237"}],"curies":[{"name":"wp","href":"https:\/\/api.w.org\/{rel}","templated":true}]}}