{"id":417737,"date":"2026-04-28T00:59:18","date_gmt":"2026-04-27T22:59:18","guid":{"rendered":"https:\/\/cms-articles.softonic.io\/es\/?p=417737"},"modified":"2026-04-28T01:18:36","modified_gmt":"2026-04-27T23:18:36","slug":"esta-es-la-nueva-directora-del-festival-de-cine-de-san-sebastian","status":"publish","type":"post","link":"https:\/\/cms-articles.softonic.io\/es\/esta-es-la-nueva-directora-del-festival-de-cine-de-san-sebastian\/","title":{"rendered":"Esta es la nueva directora del Festival de Cine de San Sebasti\u00e1n"},"content":{"rendered":"\n<p><strong>Maialen Beloki ha sido designada como la nueva directora del Festival de Cine de San Sebasti\u00e1n, <\/strong>sucediendo a Jos\u00e9 Luis Rebordinos, quien ha liderado el evento durante varios a\u00f1os. La transici\u00f3n se llevar\u00e1 a cabo cuando Rebordinos se retire a finales de este a\u00f1o, y Beloki asumir\u00e1 oficialmente el cargo en enero de 2027.<\/p>\n\n\n\n<h2 class=\"wp-block-heading\">La nueva era del festival<\/h2>\n\n\n\n<p>Desde 2016, Beloki ha desempe\u00f1ado el papel de directora adjunta del festival, lo que le ha permitido acumular una valiosa experiencia en la gesti\u00f3n de uno de los eventos cinematogr\u00e1ficos m\u00e1s prestigiosos de Europa. Su trayectoria dentro del festival ha sido reconocida por su<strong> compromiso y su enfoque innovador, que han contribuido al crecimiento y la relevancia del certamen en el panorama internacional del cine.<\/strong><\/p>\n\n\n\n<p><strong>Beloki ha manifestado su entusiasmo por asumir el nuevo desaf\u00edo y ha expresado su deseo de continuar fortaleciendo la identidad del festival, <\/strong>al mismo tiempo que atrae a un p\u00fablico m\u00e1s diverso y abre espacios para nuevas voces en la industria cinematogr\u00e1fica. Su nombramiento refleja un compromiso con la continuidad y la evoluci\u00f3n del festival, al tiempo que busca mantener su posici\u00f3n como un escaparate clave para el cine contempor\u00e1neo.<\/p>\n\n\n\n<figure class=\"wp-block-image size-full\"><img loading=\"lazy\" decoding=\"async\" width=\"720\" height=\"404\" src=\"https:\/\/articles-img.sftcdn.net\/sft\/articles\/auto-mapping-folder\/sites\/2\/2026\/04\/sansebas2.jpg?GoogleAccessId=wp-stateless%40kubertonic.iam.gserviceaccount.com&#038;Expires=1777600044&#038;Signature=SlhXpK%2BRweBiL7fpgWkMMDoU6BDXrtXxAaMF5UF%2Bc93jxr7%2BfkyE2pqQ7kCtxRDKRJ53GzN2%2BOnrdwOjNRfpoejhcxWdQpBdJLXRinGI7DebnPs018vZeKVutCWNdVd3sNZALqhtZYSJxSTjwG%2FXToytT6lO5h%2Fxc%2B1a5766SMlSOC%2By57zCFBaxLiaLlm%2FdjOneargIX04gI59JKg08wWk0MSiZzeRjZXPGebC4lxJ3Abx0MoY%2FKq5%2F8C2%2Fp%2FHvHoDBEPw5Jxt9Nx913jXg%2BTvYR1K0FawUh2g3D8boSxjUYdPBeM3ARkc5qWFkvhgfRu%2BkTYD1qmSx%2FFl2c5W7sA%3D%3D\" alt=\"\" class=\"wp-image-417739\"\/><\/figure>\n\n\n\n<p>El Festival de Cine de San Sebasti\u00e1n, que se celebrar\u00e1 en su pr\u00f3xima edici\u00f3n en septiembre, se encuentra en un periodo de importantes cambios<strong>. La llegada de Beloki como directora pone de relieve la importancia de la inclusi\u00f3n de mujeres en los cargos de liderazgo dentro de la industria cinematogr\u00e1fica<\/strong>, un tema que ha cobrado relevancia en los \u00faltimos a\u00f1os. Con su experiencia y visi\u00f3n, Maialen Beloki es vista como una figura capaz de llevar el festival hacia nuevas alturas, adapt\u00e1ndose a los desaf\u00edos contempor\u00e1neos y las nuevas tendencias del cine global.<\/p>\n","protected":false},"excerpt":{"rendered":"<p>Maialen Beloki ha sido designada como la nueva directora del Festival de Cine de San Sebasti\u00e1n, sucediendo a Jos\u00e9 Luis Rebordinos, quien ha liderado el evento durante varios a\u00f1os. La transici\u00f3n se llevar\u00e1 a cabo cuando Rebordinos se retire a finales de este a\u00f1o, y Beloki asumir\u00e1 oficialmente el cargo en enero de 2027. La &hellip; <a href=\"https:\/\/cms-articles.softonic.io\/es\/esta-es-la-nueva-directora-del-festival-de-cine-de-san-sebastian\/\" class=\"more-link\">Continue reading<span class=\"screen-reader-text\"> &#8220;Esta es la nueva directora del Festival de Cine de San Sebasti\u00e1n&#8221;<\/span><\/a><\/p>\n","protected":false},"author":9317,"featured_media":417738,"comment_status":"closed","ping_status":"closed","sticky":false,"template":"","format":"standard","meta":{"footnotes":"","wpcf-pageviews":0},"categories":[9317],"tags":[39577,39576,11549,39575,23432],"usertag":[],"vertical":[],"content-category":[],"class_list":["post-417737","post","type-post","status-publish","format-standard","has-post-thumbnail","hentry","category-news","tag-festival-cine","tag-festival-san-sebastian","tag-festivales","tag-maialen-beloki","tag-san-sebastian"],"aioseo_notices":[],"_links":{"self":[{"href":"https:\/\/cms-articles.softonic.io\/es\/wp-json\/wp\/v2\/posts\/417737","targetHints":{"allow":["GET"]}}],"collection":[{"href":"https:\/\/cms-articles.softonic.io\/es\/wp-json\/wp\/v2\/posts"}],"about":[{"href":"https:\/\/cms-articles.softonic.io\/es\/wp-json\/wp\/v2\/types\/post"}],"author":[{"embeddable":true,"href":"https:\/\/cms-articles.softonic.io\/es\/wp-json\/wp\/v2\/users\/9317"}],"replies":[{"embeddable":true,"href":"https:\/\/cms-articles.softonic.io\/es\/wp-json\/wp\/v2\/comments?post=417737"}],"version-history":[{"count":1,"href":"https:\/\/cms-articles.softonic.io\/es\/wp-json\/wp\/v2\/posts\/417737\/revisions"}],"predecessor-version":[{"id":417740,"href":"https:\/\/cms-articles.softonic.io\/es\/wp-json\/wp\/v2\/posts\/417737\/revisions\/417740"}],"wp:featuredmedia":[{"embeddable":true,"href":"https:\/\/cms-articles.softonic.io\/es\/wp-json\/wp\/v2\/media\/417738"}],"wp:attachment":[{"href":"https:\/\/cms-articles.softonic.io\/es\/wp-json\/wp\/v2\/media?parent=417737"}],"wp:term":[{"taxonomy":"category","embeddable":true,"href":"https:\/\/cms-articles.softonic.io\/es\/wp-json\/wp\/v2\/categories?post=417737"},{"taxonomy":"post_tag","embeddable":true,"href":"https:\/\/cms-articles.softonic.io\/es\/wp-json\/wp\/v2\/tags?post=417737"},{"taxonomy":"usertag","embeddable":true,"href":"https:\/\/cms-articles.softonic.io\/es\/wp-json\/wp\/v2\/usertag?post=417737"},{"taxonomy":"vertical","embeddable":true,"href":"https:\/\/cms-articles.softonic.io\/es\/wp-json\/wp\/v2\/vertical?post=417737"},{"taxonomy":"content-category","embeddable":true,"href":"https:\/\/cms-articles.softonic.io\/es\/wp-json\/wp\/v2\/content-category?post=417737"}],"curies":[{"name":"wp","href":"https:\/\/api.w.org\/{rel}","templated":true}]}}