{"id":418162,"date":"2026-05-04T18:20:00","date_gmt":"2026-05-04T16:20:00","guid":{"rendered":"https:\/\/cms-articles.softonic.io\/es\/?p=418162"},"modified":"2026-05-05T01:23:34","modified_gmt":"2026-05-04T23:23:34","slug":"kenneth-branagh-le-gustaria-dirigir-otra-pelicula-del-superheroe-que-le-catapulto-al-exito","status":"publish","type":"post","link":"https:\/\/cms-articles.softonic.io\/es\/kenneth-branagh-le-gustaria-dirigir-otra-pelicula-del-superheroe-que-le-catapulto-al-exito\/","title":{"rendered":"Kenneth Branagh le gustar\u00eda dirigir otra pel\u00edcula del superh\u00e9roe que le catapult\u00f3 al \u00e9xito"},"content":{"rendered":"\n<p class=\"wp-block-paragraph\"><strong>El director Kenneth Branagh, conocido por su trabajo en la pel\u00edcula de Marvel Thor de 2011, ha expresado su inter\u00e9s en regresar al universo de los superh\u00e9roes<\/strong>. En una reciente entrevista con Business Insider, Branagh confes\u00f3 que hay una parte de \u00e9l que desear\u00eda finalizar lo que comenz\u00f3 con la adaptaci\u00f3n del personaje de Thor, lo que abre la puerta a <a href=\"https:\/\/www.softonic.com\/articulos\/thor-podria-volver-en-el-futuro-al-mcu-aunque-no-de-la-forma-que-le-conocemos\">la posibilidad de una secuela o un nuevo proyecto<\/a> dentro del mismo g\u00e9nero.<\/p>\n\n\n\n<h2 class=\"wp-block-heading\">Quiere volver al MCU<\/h2>\n\n\n\n<p class=\"wp-block-paragraph\">Branagh, quien se adentr\u00f3 en el mundo de los superh\u00e9roes con su interpretaci\u00f3n \u00fanica y profunda de Thor, ha dejado entrever que su experiencia en la realizaci\u00f3n de la pel\u00edcula fue profundamente gratificante.<strong> La historia de los dioses n\u00f3rdicos y sus conflictos en la Tierra reson\u00f3 en muchos fans, y el director mostr\u00f3 su aprecio por la narrativa que Marvel presenta<\/strong>. &#8220;A una parte de mi le encantar\u00eda concluirla&#8221;, coment\u00f3, sugiriendo que la historia del dios del trueno podr\u00eda no haber llegado a su conclusi\u00f3n definitiva.<\/p>\n\n\n\n<figure class=\"wp-block-embed is-type-video is-provider-youtube wp-block-embed-youtube wp-embed-aspect-16-9 wp-has-aspect-ratio\"><div class=\"wp-block-embed__wrapper\">\n<iframe loading=\"lazy\" title=\"Thor - Trailer (OFFICIAL)\" width=\"840\" height=\"473\" src=\"https:\/\/www.youtube.com\/embed\/JOddp-nlNvQ?feature=oembed\" frameborder=\"0\" allow=\"accelerometer; autoplay; clipboard-write; encrypted-media; gyroscope; picture-in-picture; web-share\" referrerpolicy=\"strict-origin-when-cross-origin\" allowfullscreen><\/iframe>\n<\/div><\/figure>\n\n\n\n<p class=\"wp-block-paragraph\">Si bien todav\u00eda no han surgido detalles concretos sobre un posible regreso, la idea de Branagh regresando al g\u00e9nero es emocionante para muchos seguidores de Marvel. <strong>La franquicia ha evolucionado enormemente desde el lanzamiento de Thor, ampliando su universo con numerosas pel\u00edculas y series en las que se han explorado diferentes h\u00e9roes y tramas<\/strong>. Si Branagh decidiera retomar su papel en este universo, podr\u00eda aportar una visi\u00f3n fresca y una direcci\u00f3n art\u00edstica que muchos consideran valiosa.<\/p>\n\n\n\n<p class=\"wp-block-paragraph\">Por el momento, todo esto se mantiene en el \u00e1mbito de las especulaciones, ya que no se ha anunciado oficialmente ning\u00fan proyecto que involucre a Branagh en el mundo de los superh\u00e9roes. Sin embargo, <strong>su disposici\u00f3n a considerar un regreso podr\u00eda abrir nuevas conversaciones entre los creativos de Marvel y ofrecer a los fans la oportunidad de ver su visi\u00f3n de nuevo en la pantalla grande<\/strong>.<\/p>\n\n\n<div class=\"sc-card-program\">\r\n  <div class=\"sc-card-program__body\">\r\n    <div class=\"sc-card-program__row clearfix\">\r\n      <div class=\"sc-card-program__col-logo\">\r\n        <img decoding=\"async\" class=\"sc-card-program__img\" src=\"https:\/\/images.sftcdn.net\/images\/t_app-icon-s\/p\/246b1fd4-6164-4c6f-9318-27e1cb587dc6\/489019137\/disney-plus-logo\" alt=\"Disney+\" width=\"100px\" height=\"100px\">\r\n      <\/div>\r\n      <div class=\"sc-card-program__col-title\">\r\n        <span class=\"sc-card-program__title\">Disney+<\/span>\r\n        <a class=\"sc-card-program__button sc-card-program-internal\" href=\"https:\/\/disney-plus.softonic.com\/iphone\" target=\"_self\" rel=\"noopener noreferrer\">DESCARGAR<\/a>\r\n      <\/div>\r\n      <div class=\"sc-card-program__col-rating\">\r\n        <svg class=\"rating-score__content\" xmlns=\"http:\/\/www.w3.org\/2000\/svg\" version=\"1.1\" x=\"0\" y=\"0\" viewbox=\"0 0 50 50\" enable-background=\"new 0 0 50 50\" xml:space=\"preserve\"><path class=\"rating-score__background rating-score--good\" fill=\"none\" stroke-width=\"6\" stroke-miterlimit=\"10\" d=\"M40 40c8.3-8.3 8.3-21.7 0-30s-21.7-8.3-30 0 -8.3 21.7 0 30\"><\/path><path class=\"rating-score__value rating-score__value--0\" fill=\"none\" stroke-width=\"6\" stroke-dashoffset=\"0\" stroke-miterlimit=\"10\" d=\"M40 40c8.3-8.3 8.3-21.7 0-30s-21.7-8.3-30 0 -8.3 21.7 0 30\"><\/path><text class=\"rating-score__number\" content=\"\" text-anchor=\"middle\" transform=\"matrix(1 0 0 1 25 31.0837)\" data-auto=\"app-user-score\"><\/text><\/svg>\r\n      <\/div>\r\n    <\/div>\r\n    <div class=\"sc-card-program__row\">\r\n      <span class=\"sc-card-program__description\"><\/span>\r\n    <\/div>\r\n    <div class=\"sc-card-program__row\">\r\n      <img decoding=\"async\" class=\"sc-card-program__bigpic\" src=\"\" onerror=\"this.style.display='none'\">\r\n    <\/div>\r\n    <a class=\"sc-card-program__link track-link sc-card-program-internal\" href=\"https:\/\/disney-plus.softonic.com\/iphone\" target=\"_self\" rel=\"noopener noreferrer\"><\/a>\r\n  <\/div>\r\n<\/div>\n","protected":false},"excerpt":{"rendered":"<p>El director Kenneth Branagh, conocido por su trabajo en la pel\u00edcula de Marvel Thor de 2011, ha expresado su inter\u00e9s en regresar al universo de los superh\u00e9roes. En una reciente entrevista con Business Insider, Branagh confes\u00f3 que hay una parte de \u00e9l que desear\u00eda finalizar lo que comenz\u00f3 con la adaptaci\u00f3n del personaje de Thor, &hellip; <a href=\"https:\/\/cms-articles.softonic.io\/es\/kenneth-branagh-le-gustaria-dirigir-otra-pelicula-del-superheroe-que-le-catapulto-al-exito\/\" class=\"more-link\">Continue reading<span class=\"screen-reader-text\"> &#8220;Kenneth Branagh le gustar\u00eda dirigir otra pel\u00edcula del superh\u00e9roe que le catapult\u00f3 al \u00e9xito&#8221;<\/span><\/a><\/p>\n","protected":false},"author":9318,"featured_media":392384,"comment_status":"closed","ping_status":"closed","sticky":false,"template":"","format":"standard","meta":{"footnotes":"","wpcf-pageviews":0},"categories":[9317],"tags":[39928,21141,9443,39932,39931,39933,39929,39930,13369,38654],"usertag":[],"vertical":[],"content-category":[14557],"class_list":["post-418162","post","type-post","status-publish","format-standard","has-post-thumbnail","hentry","category-news","tag-directores-de-cine","tag-kenneth-branagh","tag-marvel","tag-narrativa-de-marvel","tag-pelicula-de-thor","tag-proyectos-de-superheroes","tag-regreso-al-mcu","tag-secuela-de-thor","tag-thor","tag-universo-de-superheroes","content-category-streaming-videos"],"aioseo_notices":[],"_links":{"self":[{"href":"https:\/\/cms-articles.softonic.io\/es\/wp-json\/wp\/v2\/posts\/418162","targetHints":{"allow":["GET"]}}],"collection":[{"href":"https:\/\/cms-articles.softonic.io\/es\/wp-json\/wp\/v2\/posts"}],"about":[{"href":"https:\/\/cms-articles.softonic.io\/es\/wp-json\/wp\/v2\/types\/post"}],"author":[{"embeddable":true,"href":"https:\/\/cms-articles.softonic.io\/es\/wp-json\/wp\/v2\/users\/9318"}],"replies":[{"embeddable":true,"href":"https:\/\/cms-articles.softonic.io\/es\/wp-json\/wp\/v2\/comments?post=418162"}],"version-history":[{"count":2,"href":"https:\/\/cms-articles.softonic.io\/es\/wp-json\/wp\/v2\/posts\/418162\/revisions"}],"predecessor-version":[{"id":418222,"href":"https:\/\/cms-articles.softonic.io\/es\/wp-json\/wp\/v2\/posts\/418162\/revisions\/418222"}],"wp:featuredmedia":[{"embeddable":true,"href":"https:\/\/cms-articles.softonic.io\/es\/wp-json\/wp\/v2\/media\/392384"}],"wp:attachment":[{"href":"https:\/\/cms-articles.softonic.io\/es\/wp-json\/wp\/v2\/media?parent=418162"}],"wp:term":[{"taxonomy":"category","embeddable":true,"href":"https:\/\/cms-articles.softonic.io\/es\/wp-json\/wp\/v2\/categories?post=418162"},{"taxonomy":"post_tag","embeddable":true,"href":"https:\/\/cms-articles.softonic.io\/es\/wp-json\/wp\/v2\/tags?post=418162"},{"taxonomy":"usertag","embeddable":true,"href":"https:\/\/cms-articles.softonic.io\/es\/wp-json\/wp\/v2\/usertag?post=418162"},{"taxonomy":"vertical","embeddable":true,"href":"https:\/\/cms-articles.softonic.io\/es\/wp-json\/wp\/v2\/vertical?post=418162"},{"taxonomy":"content-category","embeddable":true,"href":"https:\/\/cms-articles.softonic.io\/es\/wp-json\/wp\/v2\/content-category?post=418162"}],"curies":[{"name":"wp","href":"https:\/\/api.w.org\/{rel}","templated":true}]}}