{"id":427185,"date":"2026-09-02T09:00:23","date_gmt":"2026-09-02T07:00:23","guid":{"rendered":"https:\/\/cms-articles.softonic.io\/es\/?p=427185"},"modified":"2026-09-02T09:00:26","modified_gmt":"2026-09-02T07:00:26","slug":"memorando-completo-john-ternus-ceo-apple","status":"publish","type":"post","link":"https:\/\/cms-articles.softonic.io\/es\/memorando-completo-john-ternus-ceo-apple\/","title":{"rendered":"El nuevo CEO de Apple se presenta as\u00ed a sus empleados"},"content":{"rendered":"\n<p class=\"wp-block-paragraph\">John Ternus ya es oficialmente el&nbsp;<a href=\"https:\/\/www.softonic.com\/articulos\/apple-ya-tiene-nuevo-ceo-john-ternus-releva-a-tim-cook\" target=\"_blank\" rel=\"nofollow noopener noreferrer\">nuevo CEO de Apple<\/a>&nbsp;y, tras el relevo de Tim Cook, ha querido dirigirse directamente a los empleados de la compa\u00f1\u00eda. Despu\u00e9s de 25 a\u00f1os en Cupertino, John empieza su nueva etapa con un memorando breve, pero completo y con un mensaje que el que tanto empleados como usuarios, sin duda, resonaremos.<\/p>\n\n\n\n<h2 class=\"wp-block-heading\">Un primer mensaje centrado en Tim Cook y en el equipo<\/h2>\n\n\n\n<p class=\"wp-block-paragraph\"><strong>Ternus dedica una parte muy importante de su mensaje a agradecer a Tim Cook<\/strong>&nbsp;todo lo que le ha aportado durante estos a\u00f1os, adem\u00e1s de sus conocimientos y experiencia durante la transici\u00f3n, y todo lo que ha aportado a la empresa.&nbsp;<\/p>\n\n\n\n<p class=\"wp-block-paragraph\">Ternus habla de Apple como \u201cla mejor compa\u00f1\u00eda del mundo\u201d y comenta lo que tenemos por delante. Menciona especialmente un \u201cenorme lanzamiento\u201d previsto para la pr\u00f3xima semana y agradece al equipo el trabajo de todos estos meses para hacerlo posible.&nbsp;<\/p>\n\n\n\n<p class=\"wp-block-paragraph\">Lo hemos visto ya en el memorando de&nbsp;<a href=\"https:\/\/www.softonic.com\/articulos\/carta-despedida-tim-cook\" target=\"_blank\" rel=\"nofollow noopener noreferrer\">despedida de Tim Cook<\/a>, y lo vemos ahora de nuevo con Ternus: el valor de los equipos en Apple ocupa el primer orden.&nbsp;<\/p>\n\n\n\n<h2 class=\"wp-block-heading\">Una transici\u00f3n que mira directamente al futuro<\/h2>\n\n\n\n<p class=\"wp-block-paragraph\">Tras los agradecimientos, Ternus nos habla de los productos que Apple ya est\u00e1 desarrollando y de aquellos que todav\u00eda est\u00e1n por imaginar y de c\u00f3mo el equipo crear\u00e1 conjuntamente a sus creaciones. Su creciente presencia p\u00fablica, que hemos visto en sus&nbsp;<a href=\"https:\/\/www.softonic.com\/articulos\/pikachu-visita-apple-park\" target=\"_blank\" rel=\"nofollow noopener noreferrer\">encuentros recientes en Apple Park<\/a>&nbsp;y en muchas keynotes no deber\u00eda distraernos del hecho de que John es, ante todo, una persona con larga experiencia en la creaci\u00f3n de nuevos productos.&nbsp;<\/p>\n\n\n\n<p class=\"wp-block-paragraph\">Con Tim Cook como presidente ejecutivo y Ternus tomando las riendas del d\u00eda a d\u00eda desde la perspectiva de un genial ingeniero de hardware,&nbsp;<strong>Apple entra en una nueva etapa muy interesante, y lo hace manteniendo una enorme continuidad<\/strong>. El primer mensaje de su nuevo CEO deja claro d\u00f3nde est\u00e1 el foco de atenci\u00f3n: las personas y los productos, presentes y futuros.&nbsp;<\/p>\n\n\n\n<p class=\"wp-block-paragraph\">El memorando completo, tal como lo&nbsp;<a href=\"https:\/\/9to5mac.com\/2026\/09\/01\/read-new-apple-ceo-john-ternuss-full-memo-to-employees\/\" target=\"_blank\" rel=\"nofollow noopener noreferrer\">recogen<\/a>&nbsp;en 9to5Mac, es el siguiente:<\/p>\n\n\n\n<p class=\"wp-block-paragraph\"><em>Equipo:<\/em><\/p>\n\n\n\n<p class=\"wp-block-paragraph\"><em>Hoy, en mi primer d\u00eda como CEO, quer\u00eda enviaros una breve nota para agradeceros a todos las c\u00e1lidas felicitaciones. Tambi\u00e9n quiero expresar mi profundo agradecimiento a Tim por transmitirme tantos de sus conocimientos y experiencia durante esta transici\u00f3n y, m\u00e1s importante todav\u00eda, por todo lo que ha aportado a Apple a lo largo de estos a\u00f1os. Hemos tenido la enorme suerte de contar con un CEO que ha liderado gui\u00e1ndose por sus valores y con tanta decencia y humanidad. Todos somos mejores gracias a ello, y estoy profundamente agradecido de que vaya a ser nuestro presidente ejecutivo.<\/em><\/p>\n\n\n\n<p class=\"wp-block-paragraph\"><em>Es un honor asumir este cargo en la que verdaderamente es la mejor compa\u00f1\u00eda del mundo, y estoy enormemente ilusionado con todo lo que tenemos preparado. La pr\u00f3xima semana tenemos un gran lanzamiento que va a ser fenomenal. Gracias por todo lo que hab\u00e9is hecho para hacerlo posible.<\/em><\/p>\n\n\n\n<p class=\"wp-block-paragraph\"><em>Estoy igual de ilusionado con todo lo que vendr\u00e1 despu\u00e9s, incluidos los incre\u00edbles productos que ya est\u00e1n en desarrollo y aquellos que todav\u00eda est\u00e1n por imaginar, que so\u00f1aremos y crearemos juntos. No hay mejor equipo en el mundo con el que quiera construir el futuro.<\/em><\/p>\n\n\n\n<p class=\"wp-block-paragraph\"><em>Habr\u00e1 m\u00e1s. Mientras tanto, \u00a1gracias por vuestro excelente trabajo!<\/em><\/p>\n\n\n\n<p class=\"wp-block-paragraph\"><em>John<\/em><\/p>\n","protected":false},"excerpt":{"rendered":"<p>John Ternus ya es oficialmente el&nbsp;nuevo CEO de Apple&nbsp;y, tras el relevo de Tim Cook, ha querido dirigirse directamente a los empleados de la compa\u00f1\u00eda. Despu\u00e9s de 25 a\u00f1os en Cupertino, John empieza su nueva etapa con un memorando breve, pero completo y con un mensaje que el que tanto empleados como usuarios, sin duda, &hellip; <a href=\"https:\/\/cms-articles.softonic.io\/es\/memorando-completo-john-ternus-ceo-apple\/\" class=\"more-link\">Continue reading<span class=\"screen-reader-text\"> &#8220;El nuevo CEO de Apple se presenta as\u00ed a sus empleados&#8221;<\/span><\/a><\/p>\n","protected":false},"author":9262,"featured_media":427186,"comment_status":"closed","ping_status":"closed","sticky":false,"template":"","format":"standard","meta":{"footnotes":"","wpcf-pageviews":0},"categories":[9317],"tags":[],"usertag":[],"vertical":[],"content-category":[],"class_list":["post-427185","post","type-post","status-publish","format-standard","has-post-thumbnail","hentry","category-news"],"aioseo_notices":[],"_links":{"self":[{"href":"https:\/\/cms-articles.softonic.io\/es\/wp-json\/wp\/v2\/posts\/427185","targetHints":{"allow":["GET"]}}],"collection":[{"href":"https:\/\/cms-articles.softonic.io\/es\/wp-json\/wp\/v2\/posts"}],"about":[{"href":"https:\/\/cms-articles.softonic.io\/es\/wp-json\/wp\/v2\/types\/post"}],"author":[{"embeddable":true,"href":"https:\/\/cms-articles.softonic.io\/es\/wp-json\/wp\/v2\/users\/9262"}],"replies":[{"embeddable":true,"href":"https:\/\/cms-articles.softonic.io\/es\/wp-json\/wp\/v2\/comments?post=427185"}],"version-history":[{"count":1,"href":"https:\/\/cms-articles.softonic.io\/es\/wp-json\/wp\/v2\/posts\/427185\/revisions"}],"predecessor-version":[{"id":427187,"href":"https:\/\/cms-articles.softonic.io\/es\/wp-json\/wp\/v2\/posts\/427185\/revisions\/427187"}],"wp:featuredmedia":[{"embeddable":true,"href":"https:\/\/cms-articles.softonic.io\/es\/wp-json\/wp\/v2\/media\/427186"}],"wp:attachment":[{"href":"https:\/\/cms-articles.softonic.io\/es\/wp-json\/wp\/v2\/media?parent=427185"}],"wp:term":[{"taxonomy":"category","embeddable":true,"href":"https:\/\/cms-articles.softonic.io\/es\/wp-json\/wp\/v2\/categories?post=427185"},{"taxonomy":"post_tag","embeddable":true,"href":"https:\/\/cms-articles.softonic.io\/es\/wp-json\/wp\/v2\/tags?post=427185"},{"taxonomy":"usertag","embeddable":true,"href":"https:\/\/cms-articles.softonic.io\/es\/wp-json\/wp\/v2\/usertag?post=427185"},{"taxonomy":"vertical","embeddable":true,"href":"https:\/\/cms-articles.softonic.io\/es\/wp-json\/wp\/v2\/vertical?post=427185"},{"taxonomy":"content-category","embeddable":true,"href":"https:\/\/cms-articles.softonic.io\/es\/wp-json\/wp\/v2\/content-category?post=427185"}],"curies":[{"name":"wp","href":"https:\/\/api.w.org\/{rel}","templated":true}]}}