{"id":108549,"date":"2014-10-29T14:41:52","date_gmt":"2014-10-29T13:41:52","guid":{"rendered":"http:\/\/onsoftware.softonic.fr\/?p=108549"},"modified":"2025-06-12T11:30:11","modified_gmt":"2025-06-12T10:30:11","slug":"occupysivens-twitter-openstreetmap-occupez-virtuellement-barrage-sivens","status":"publish","type":"post","link":"https:\/\/cms-articles.softonic.io\/fr\/occupysivens-twitter-openstreetmap-occupez-virtuellement-barrage-sivens\/","title":{"rendered":"#OccupySivens : occupez virtuellement le site du barrage de Sivens avec Twitter et OpenStreetMap"},"content":{"rendered":"<p>Le parti \u00e9cologiste EELV fait pression sur le gouvernement et le Conseil g\u00e9n\u00e9ral du Tarn pour obtenir l\u2019<strong>arr\u00eat des travaux<\/strong> sur le site du barrage de Sivens, situ\u00e9 pr\u00e8s de Gaillac dans le Tarn. Pour cela, il vient de cr\u00e9er une application web pour occuper virtuellement le site.<\/p>\n<p>Le parti Europe Ecologie\u00a0Les Verts veut faire le buzz en lan\u00e7ant le site <a title=\"occupysivens.fr\" href=\"http:\/\/occupysivens.fr\/\" target=\"_blank\" rel=\"noopener noreferrer\">occupysivens.fr<\/a>. Gr\u00e2ce \u00e0 un simple <a title=\"Application composite ou Mash-Up\" href=\"http:\/\/fr.wikipedia.org\/wiki\/Application_composite\" target=\"_blank\" rel=\"noopener noreferrer\">mash-up<\/a>, utilisant Twitter et OpenStreetMap, vous pouvez<strong> occuper symboliquement <\/strong>la <a title=\"ZAD du Testet\" href=\"http:\/\/tantquilyauradesbouilles.wordpress.com\/\" target=\"_blank\" rel=\"noopener noreferrer\">ZAD du Testet<\/a>.<\/p>\n<p>OccupySivens reprend la m\u00eame plateforme que celle d\u00e9ploy\u00e9e par <a title=\"Occupy4peace\" href=\"http:\/\/occupy4peace.org\/?lang=fr\" target=\"_blank\" rel=\"noopener noreferrer\">Occupy4peace<\/a>. <strong>Deux possibilit\u00e9s s&#8217;offrent \u00e0 vous<\/strong> pour \u00eatre pr\u00e9sent sur la carte : directement depuis le site en glissant le curseur vert pour se localiser sur la carte ou alors via Twitter en ajoutant le hastag #OccupySivens. Attention, pour que cela marche avec Twitter, il faut activer la localisation dans les param\u00e8tres de votre compte.<\/p>\n<p style=\"text-align: center\"><img loading=\"lazy\" decoding=\"async\" class=\"aligncenter size-large wp-image-108566\" title=\"occupysivens - rejoindre la manifestation\" src=\"https:\/\/articles-img.sftcdn.net\/sft\/articles\/auto-mapping-folder\/sites\/9\/2014\/10\/occupysivens-rejoindre-la-manifestation-389x500.jpg\" alt=\"occupysivens - rejoindre la manifestation\" width=\"389\" height=\"500\" srcset=\"https:\/\/articles-img.sftcdn.net\/auto-mapping-folder\/sites\/9\/2014\/10\/occupysivens-rejoindre-la-manifestation.jpg 389w, https:\/\/articles-img.sftcdn.net\/auto-mapping-folder\/sites\/9\/2014\/10\/occupysivens-rejoindre-la-manifestation-268x344.jpg 268w\" sizes=\"auto, (max-width: 389px) 100vw, 389px\" \/><\/p>\n<p>Plus de 1400 personnes ont d\u00e9j\u00e0 <strong>manifest\u00e9 leur indignation face \u00e0 ce projet<\/strong> et leur tristesse apr\u00e8s la mort d&#8217;un opposant, R\u00e9mi Fraisse, survenue dans la nuit du samedi 25 au dimanche 26 octobre 2014.<\/p>\n<p>Rappelons que la construction du barrage de Sivens a \u00e9t\u00e9 depuis longtemps un projet controvers\u00e9. L&#8217;opposition au projet s&#8217;est accentu\u00e9e <a title=\"Barrage de Sivens: les alertes des \u00e9colos ont \u00e9t\u00e9 ignor\u00e9es - article de M\u00e9diapart\" href=\"http:\/\/www.mediapart.fr\/article\/offert\/33322af80bbdd3534f13fbd5539bd4e4\" target=\"_self\" rel=\"noopener noreferrer\">depuis septembre dernier<\/a> avec l\u2019acc\u00e9l\u00e9ration des travaux et la multiplication des affrontements contre les forces de l&#8217;ordre. Depuis ce week-end, le barrage de Sivens est devenu un enjeu national apr\u00e8s le d\u00e9c\u00e8s d&#8217;un manifestant, R\u00e9mi Fraisse, et les violents affrontements survenus sur le site m\u00eame mais aussi \u00e0 Gaillac.<\/p>\n<p><em>Suivez-moi sur Twitter:<a href=\"https:\/\/twitter.com\/xophe\" target=\"_blank\" rel=\"noopener noreferrer\"> @xophe<\/a><\/em><\/p>\n","protected":false},"excerpt":{"rendered":"<p>Le parti \u00e9cologiste EELV fait pression sur le gouvernement et le Conseil g\u00e9n\u00e9ral du Tarn pour obtenir l\u2019arr\u00eat des travaux sur le site du barrage de Sivens, situ\u00e9 pr\u00e8s de Gaillac dans le Tarn. Pour cela, il vient de cr\u00e9er une application web pour occuper virtuellement le site. Le parti Europe Ecologie\u00a0Les Verts veut faire &hellip; <a href=\"https:\/\/cms-articles.softonic.io\/fr\/occupysivens-twitter-openstreetmap-occupez-virtuellement-barrage-sivens\/\" class=\"more-link\">Continue reading<span class=\"screen-reader-text\"> &#8220;#OccupySivens : occupez virtuellement le site du barrage de Sivens avec Twitter et OpenStreetMap&#8221;<\/span><\/a><\/p>\n","protected":false},"author":8018,"featured_media":108565,"comment_status":"open","ping_status":"open","sticky":false,"template":"","format":"standard","meta":{"footnotes":"","wpcf-pageviews":0},"categories":[1],"tags":[14504,14505,14502,3067,14503,177],"usertag":[],"vertical":[],"content-category":[],"class_list":["post-108549","post","type-post","status-publish","format-standard","has-post-thumbnail","hentry","category-uncategorized","tag-barrage-de-sivens","tag-eelv","tag-occupysivens","tag-openstreetmap","tag-sivens","tag-twitter"],"aioseo_notices":[],"_links":{"self":[{"href":"https:\/\/cms-articles.softonic.io\/fr\/wp-json\/wp\/v2\/posts\/108549","targetHints":{"allow":["GET"]}}],"collection":[{"href":"https:\/\/cms-articles.softonic.io\/fr\/wp-json\/wp\/v2\/posts"}],"about":[{"href":"https:\/\/cms-articles.softonic.io\/fr\/wp-json\/wp\/v2\/types\/post"}],"author":[{"embeddable":true,"href":"https:\/\/cms-articles.softonic.io\/fr\/wp-json\/wp\/v2\/users\/8018"}],"replies":[{"embeddable":true,"href":"https:\/\/cms-articles.softonic.io\/fr\/wp-json\/wp\/v2\/comments?post=108549"}],"version-history":[{"count":1,"href":"https:\/\/cms-articles.softonic.io\/fr\/wp-json\/wp\/v2\/posts\/108549\/revisions"}],"predecessor-version":[{"id":162740,"href":"https:\/\/cms-articles.softonic.io\/fr\/wp-json\/wp\/v2\/posts\/108549\/revisions\/162740"}],"wp:featuredmedia":[{"embeddable":true,"href":"https:\/\/cms-articles.softonic.io\/fr\/wp-json\/wp\/v2\/media\/108565"}],"wp:attachment":[{"href":"https:\/\/cms-articles.softonic.io\/fr\/wp-json\/wp\/v2\/media?parent=108549"}],"wp:term":[{"taxonomy":"category","embeddable":true,"href":"https:\/\/cms-articles.softonic.io\/fr\/wp-json\/wp\/v2\/categories?post=108549"},{"taxonomy":"post_tag","embeddable":true,"href":"https:\/\/cms-articles.softonic.io\/fr\/wp-json\/wp\/v2\/tags?post=108549"},{"taxonomy":"usertag","embeddable":true,"href":"https:\/\/cms-articles.softonic.io\/fr\/wp-json\/wp\/v2\/usertag?post=108549"},{"taxonomy":"vertical","embeddable":true,"href":"https:\/\/cms-articles.softonic.io\/fr\/wp-json\/wp\/v2\/vertical?post=108549"},{"taxonomy":"content-category","embeddable":true,"href":"https:\/\/cms-articles.softonic.io\/fr\/wp-json\/wp\/v2\/content-category?post=108549"}],"curies":[{"name":"wp","href":"https:\/\/api.w.org\/{rel}","templated":true}]}}