{"id":136326,"date":"2023-12-17T02:32:59","date_gmt":"2023-12-17T01:32:59","guid":{"rendered":"https:\/\/sftarticles.wpenginepowered.com\/es\/?p=321258"},"modified":"2025-06-12T11:11:19","modified_gmt":"2025-06-12T10:11:19","slug":"le-nouveau-thriller-espagnol-damazon-prime-video-qui-vous-captivera-des-son-premier-episode","status":"publish","type":"post","link":"https:\/\/cms-articles.softonic.io\/fr\/le-nouveau-thriller-espagnol-damazon-prime-video-qui-vous-captivera-des-son-premier-episode\/","title":{"rendered":"Le nouveau thriller espagnol d&#8217;Amazon Prime Video qui vous captivera d\u00e8s son premier \u00e9pisode."},"content":{"rendered":"\n<p>Il y a quelques jours, <strong>Los Farad, la derni\u00e8re grande superproduction espagnole qui cherche \u00e0 d\u00e9tr\u00f4ner les thrillers de la concurrence<\/strong> &#8211; comme Netflix ou <a href=\"https:\/\/fr.softonic.com\/articles\/max-demontre-sa-puissance-a-travers-les-images-de-ses-deux-spin-offs-les-plus-attendus\" target=\"_blank\" rel=\"noopener\" title=\"HBO Max\">HBO Max<\/a> &#8211; avec une proposition tr\u00e8s commerciale et qui vous accroche du d\u00e9but \u00e0 la fin. Avec le trafic d&#8217;armes comme th\u00e8me principal, la s\u00e9rie cherche \u00e0 \u00eatre l&#8217;une des plus s\u00e9rieuses et pleines d&#8217;action du paysage espagnol actuel.<\/p>\n\n\n<div class=\"sc-card-program\">\r\n  <div class=\"sc-card-program__body\">\r\n    <div class=\"sc-card-program__row clearfix\">\r\n      <div class=\"sc-card-program__col-logo\">\r\n        <img decoding=\"async\" class=\"sc-card-program__img\" src=\"https:\/\/images.sftcdn.net\/images\/t_app-icon-m\/p\/c162012f-3d10-436b-a6b5-fde423154d8c\/1515453778\/amazon-prime-video-Amazon%20Prime%20Video_logo.png\" alt=\"Amazon Prime Video\" width=\"100px\" height=\"100px\">\r\n      <\/div>\r\n      <div class=\"sc-card-program__col-title\">\r\n        <span class=\"sc-card-program__title\">Amazon Prime Video<\/span>\r\n        <a class=\"sc-card-program__button sc-card-program-internal\" href=\"https:\/\/amazon-prime-video.fr.softonic.com\/\" target=\"_self\" rel=\"noopener noreferrer\">T\u00c9L\u00c9CHARGER<\/a>\r\n      <\/div>\r\n      <div class=\"sc-card-program__col-rating\">\r\n        \r\n      <\/div>\r\n    <\/div>\r\n    <div class=\"sc-card-program__row\">\r\n      <span class=\"sc-card-program__description\"><\/span>\r\n    <\/div>\r\n    <div class=\"sc-card-program__row\">\r\n      <img decoding=\"async\" class=\"sc-card-program__bigpic\" src=\"\">\r\n    <\/div>\r\n    <a class=\"sc-card-program__link track-link sc-card-program-internal\" href=\"https:\/\/amazon-prime-video.fr.softonic.com\/\" target=\"_self\" rel=\"noopener noreferrer\"><\/a>\r\n  <\/div>\r\n<\/div>\n\n\n\n<p><strong>Les Farad nous transportent dans le Marbella et Malaga des ann\u00e9es quatre-vingt<\/strong>. Situ\u00e9 dans le Puerto Ban\u00fas des ann\u00e9es quatre-vingt, l&#8217;histoire suit Oskar, un gar\u00e7on qui r\u00eave d&#8217;ouvrir une salle de sport et se retrouve plong\u00e9 dans le monde fascinant de la Costa del Sol, avec son jet set, ses excentricit\u00e9s et sa g\u00e9opolitique. Oskar parvient \u00e0 tout cela gr\u00e2ce aux Farad, une famille qui lui offre un avenir, avec le m\u00e9tier le plus inattendu : le trafic d&#8217;armes.<\/p>\n\n\n\n<figure class=\"wp-block-embed is-type-video is-provider-youtube wp-block-embed-youtube wp-embed-aspect-16-9 wp-has-aspect-ratio\"><div class=\"wp-block-embed__wrapper\">\n<iframe loading=\"lazy\" title=\"Los Farad | Tr\u00e1iler Oficial | Prime Video Espa\u00f1a\" width=\"840\" height=\"473\" src=\"https:\/\/www.youtube.com\/embed\/TVwl16qZAhY?feature=oembed\" frameborder=\"0\" allow=\"accelerometer; autoplay; clipboard-write; encrypted-media; gyroscope; picture-in-picture; web-share\" allowfullscreen><\/iframe>\n<\/div><\/figure>\n\n\n\n<h2 class=\"wp-block-heading\">Un thriller espagnol de premier niveau<\/h2>\n\n\n\n<p>Le protagoniste principal de la s\u00e9rie n&#8217;est autre que <strong>Miguel Herr\u00e1n, connu pour son r\u00f4le de R\u00edo dans La Casa de Papel<\/strong>. \u00c0 ses c\u00f4t\u00e9s se trouve la spectaculaire Susana Abaitua, connue pour des films tels que <strong>Fou de toi<\/strong> et <em>Eres t\u00fa<\/em>. Tous deux sont \u00e0 la hauteur du reste des personnages excentriques de Marbella en ce moment. <\/p>\n\n\n\n<p><strong>Pedro Casablanc, Adam Jezierski, Nora Navas, Fernando Tejero, Amparo Pi\u00f1ero et Omar Ayuso<\/strong> sont d&#8217;autres visages connus et importants de la distribution. Sans aucun doute, ils sont tous splendides gr\u00e2ce \u00e0 la r\u00e9alisation de Mariano Barroso et Alejandro Hern\u00e1ndez, les cr\u00e9ateurs de la s\u00e9rie. Ils sont \u00e9galement dirig\u00e9s par Polo Men\u00e1rguez, un expert de l&#8217;industrie.<\/p>\n\n\n<div class=\"sc-card-program\">\r\n  <div class=\"sc-card-program__body\">\r\n    <div class=\"sc-card-program__row clearfix\">\r\n      <div class=\"sc-card-program__col-logo\">\r\n        <img decoding=\"async\" class=\"sc-card-program__img\" src=\"https:\/\/images.sftcdn.net\/images\/t_app-icon-m\/p\/c162012f-3d10-436b-a6b5-fde423154d8c\/1515453778\/amazon-prime-video-Amazon%20Prime%20Video_logo.png\" alt=\"Amazon Prime Video\" width=\"100px\" height=\"100px\">\r\n      <\/div>\r\n      <div class=\"sc-card-program__col-title\">\r\n        <span class=\"sc-card-program__title\">Amazon Prime Video<\/span>\r\n        <a class=\"sc-card-program__button sc-card-program-internal\" href=\"https:\/\/amazon-prime-video.fr.softonic.com\/\" target=\"_self\" rel=\"noopener noreferrer\">T\u00c9L\u00c9CHARGER<\/a>\r\n      <\/div>\r\n      <div class=\"sc-card-program__col-rating\">\r\n        \r\n      <\/div>\r\n    <\/div>\r\n    <div class=\"sc-card-program__row\">\r\n      <span class=\"sc-card-program__description\"><\/span>\r\n    <\/div>\r\n    <div class=\"sc-card-program__row\">\r\n      <img decoding=\"async\" class=\"sc-card-program__bigpic\" src=\"\">\r\n    <\/div>\r\n    <a class=\"sc-card-program__link track-link sc-card-program-internal\" href=\"https:\/\/amazon-prime-video.fr.softonic.com\/\" target=\"_self\" rel=\"noopener noreferrer\"><\/a>\r\n  <\/div>\r\n<\/div>\n\n\n\n<p>Mais au-del\u00e0 d&#8217;avoir <strong>une \u00e9quipe extraordinaire<\/strong>, la s\u00e9rie se distingue comme l&#8217;une des plus int\u00e9ressantes du moment. Elle pr\u00e9sente des personnages non st\u00e9r\u00e9otyp\u00e9s qui nous surprennent \u00e0 chaque instant ; des rebondissements sc\u00e9naristiques dignes des meilleures s\u00e9ries et des s\u00e9quences de tension dignes de Die Hard. Une s\u00e9rie donc \u00e0 prendre en compte par tous. <\/p>\n","protected":false},"excerpt":{"rendered":"<p>Il y a quelques jours, Los Farad, la derni\u00e8re grande superproduction espagnole qui cherche \u00e0 d\u00e9tr\u00f4ner les thrillers de la concurrence &#8211; comme Netflix ou HBO Max &#8211; avec une proposition tr\u00e8s commerciale et qui vous accroche du d\u00e9but \u00e0 la fin. Avec le trafic d&#8217;armes comme th\u00e8me principal, la s\u00e9rie cherche \u00e0 \u00eatre l&#8217;une &hellip; <a href=\"https:\/\/cms-articles.softonic.io\/fr\/le-nouveau-thriller-espagnol-damazon-prime-video-qui-vous-captivera-des-son-premier-episode\/\" class=\"more-link\">Continue reading<span class=\"screen-reader-text\"> &#8220;Le nouveau thriller espagnol d&#8217;Amazon Prime Video qui vous captivera d\u00e8s son premier \u00e9pisode.&#8221;<\/span><\/a><\/p>\n","protected":false},"author":9257,"featured_media":136327,"comment_status":"closed","ping_status":"closed","sticky":false,"template":"","format":"standard","meta":{"footnotes":"","wpcf-pageviews":2180},"categories":[16761],"tags":[17095],"usertag":[],"vertical":[],"content-category":[],"class_list":["post-136326","post","type-post","status-publish","format-standard","has-post-thumbnail","hentry","category-news","tag-app-subdomain-redirectionamazon-prime-video"],"aioseo_notices":[],"_links":{"self":[{"href":"https:\/\/cms-articles.softonic.io\/fr\/wp-json\/wp\/v2\/posts\/136326","targetHints":{"allow":["GET"]}}],"collection":[{"href":"https:\/\/cms-articles.softonic.io\/fr\/wp-json\/wp\/v2\/posts"}],"about":[{"href":"https:\/\/cms-articles.softonic.io\/fr\/wp-json\/wp\/v2\/types\/post"}],"author":[{"embeddable":true,"href":"https:\/\/cms-articles.softonic.io\/fr\/wp-json\/wp\/v2\/users\/9257"}],"replies":[{"embeddable":true,"href":"https:\/\/cms-articles.softonic.io\/fr\/wp-json\/wp\/v2\/comments?post=136326"}],"version-history":[{"count":1,"href":"https:\/\/cms-articles.softonic.io\/fr\/wp-json\/wp\/v2\/posts\/136326\/revisions"}],"predecessor-version":[{"id":161856,"href":"https:\/\/cms-articles.softonic.io\/fr\/wp-json\/wp\/v2\/posts\/136326\/revisions\/161856"}],"wp:featuredmedia":[{"embeddable":true,"href":"https:\/\/cms-articles.softonic.io\/fr\/wp-json\/wp\/v2\/media\/136327"}],"wp:attachment":[{"href":"https:\/\/cms-articles.softonic.io\/fr\/wp-json\/wp\/v2\/media?parent=136326"}],"wp:term":[{"taxonomy":"category","embeddable":true,"href":"https:\/\/cms-articles.softonic.io\/fr\/wp-json\/wp\/v2\/categories?post=136326"},{"taxonomy":"post_tag","embeddable":true,"href":"https:\/\/cms-articles.softonic.io\/fr\/wp-json\/wp\/v2\/tags?post=136326"},{"taxonomy":"usertag","embeddable":true,"href":"https:\/\/cms-articles.softonic.io\/fr\/wp-json\/wp\/v2\/usertag?post=136326"},{"taxonomy":"vertical","embeddable":true,"href":"https:\/\/cms-articles.softonic.io\/fr\/wp-json\/wp\/v2\/vertical?post=136326"},{"taxonomy":"content-category","embeddable":true,"href":"https:\/\/cms-articles.softonic.io\/fr\/wp-json\/wp\/v2\/content-category?post=136326"}],"curies":[{"name":"wp","href":"https:\/\/api.w.org\/{rel}","templated":true}]}}