{"id":136860,"date":"2024-01-07T15:34:00","date_gmt":"2024-01-07T14:34:00","guid":{"rendered":"https:\/\/sftarticles.wpenginepowered.com\/es\/?p=321668"},"modified":"2025-06-12T11:10:17","modified_gmt":"2025-06-12T10:10:17","slug":"comment-enregistrer-des-videos-en-3d-sur-liphone","status":"publish","type":"post","link":"https:\/\/cms-articles.softonic.io\/fr\/comment-enregistrer-des-videos-en-3d-sur-liphone\/","title":{"rendered":"Comment enregistrer des vid\u00e9os en 3D sur l&#8217;iPhone"},"content":{"rendered":"\n<p class=\"wp-block-paragraph\">Avec le lancement de l&#8217;Apple Vision Pro pr\u00e9vu pour mars 2024, la soci\u00e9t\u00e9 de Cupertino nous pr\u00e9pare tous \u00e0 une exp\u00e9rience visuelle r\u00e9volutionnaire. Une partie de cette pr\u00e9paration arrive avec <a href=\"https:\/\/fr.softonic.com\/articles\/ios-17-2-est-deja-la-voici-toutes-les-nouveautes\" target=\"_blank\" rel=\"noopener\" title=\"\">iOS 17.2<\/a> pour les utilisateurs de l&#8217;iPhone 15 Pro et de l&#8217;iPhone 15 Pro Max : la capacit\u00e9 d&#8217;enregistrer des vid\u00e9os spatiales, <strong>con\u00e7ues sp\u00e9cifiquement pour \u00eatre appr\u00e9ci\u00e9es sur le Vision Pro<\/strong>.<\/p>\n\n\n<div class=\"sc-card-program\">\r\n  <div class=\"sc-card-program__body\">\r\n    <div class=\"sc-card-program__row clearfix\">\r\n      <div class=\"sc-card-program__col-logo\">\r\n        <img decoding=\"async\" class=\"sc-card-program__img\" src=\"https:\/\/images.sftcdn.net\/images\/t_app-icon-m\/p\/94906c2e-9a9f-11e6-9f57-00163ed833e7\/3035168466\/fotos-para-mac-logo.png\" alt=\"Photos pour Mac\" width=\"100px\" height=\"100px\">\r\n      <\/div>\r\n      <div class=\"sc-card-program__col-title\">\r\n        <span class=\"sc-card-program__title\">Photos pour Mac<\/span>\r\n        <a class=\"sc-card-program__button sc-card-program-internal\" href=\"https:\/\/photos-pour-mac.fr.softonic.com\/mac\" target=\"_self\" rel=\"noopener noreferrer\">T\u00e9l\u00e9charger<\/a>\r\n      <\/div>\r\n      <div class=\"sc-card-program__col-rating\">\r\n        \r\n      <\/div>\r\n    <\/div>\r\n    <div class=\"sc-card-program__row\">\r\n      <span class=\"sc-card-program__description\"><\/span>\r\n    <\/div>\r\n    <div class=\"sc-card-program__row\">\r\n      <img decoding=\"async\" class=\"sc-card-program__bigpic\" src=\"\">\r\n    <\/div>\r\n    <a class=\"sc-card-program__link track-link sc-card-program-internal\" href=\"https:\/\/photos-pour-mac.fr.softonic.com\/mac\" target=\"_self\" rel=\"noopener noreferrer\"><\/a>\r\n  <\/div>\r\n<\/div>\n\n\n\n<h2 class=\"wp-block-heading\">Qu&#8217;est-ce que les vid\u00e9os spatiales?<\/h2>\n\n\n\n<p class=\"wp-block-paragraph\">Les vid\u00e9os spatiales sont un nouveau format qui transforme la fa\u00e7on dont nous exp\u00e9rimentons le contenu visuel sur nos appareils. Lorsque nous regardons ces vid\u00e9os sur notre iPhone, elles semblent \u00eatre des vid\u00e9os normales, mais leur magie se r\u00e9v\u00e8le lorsque nous les visionnons sur le Vision Pro. La <strong>sensation est totalement tridimensionnelle, comme si nous \u00e9tions immerg\u00e9s dans la sc\u00e8ne<\/strong>. Quelque chose qu&#8217;Apple r\u00e9alise gr\u00e2ce \u00e0 des techniques avanc\u00e9es de vid\u00e9ographie computationnelle et \u00e0 la compression HEVC.<\/p>\n\n\n\n<figure class=\"wp-block-embed is-type-video is-provider-youtube wp-block-embed-youtube wp-embed-aspect-16-9 wp-has-aspect-ratio\"><div class=\"wp-block-embed__wrapper\">\n<iframe loading=\"lazy\" title=\"Apple Vision Pro, la nouvelle r\u00e9volution d\u2019Apple ? - CANAL+\" width=\"840\" height=\"473\" src=\"https:\/\/www.youtube.com\/embed\/4PQCL8FH4vM?feature=oembed\" frameborder=\"0\" allow=\"accelerometer; autoplay; clipboard-write; encrypted-media; gyroscope; picture-in-picture; web-share\" allowfullscreen><\/iframe>\n<\/div><\/figure>\n\n\n\n<p class=\"wp-block-paragraph\">Ces vid\u00e9os spatiales sont enregistr\u00e9es dans un format relativement compact, \u00e0 30 images par seconde en 1080p, occupant seulement <strong>130 Mo d&#8217;espace par minute d&#8217;enregistrement<\/strong>. Cela nous permet de stocker une grande quantit\u00e9 de vid\u00e9os dans ce format sans compromettre le stockage de nos appareils, compar\u00e9 aux enregistrements en 4K ou en ProRes.<\/p>\n\n\n\n<h2 class=\"wp-block-heading\">Comment activer la fonction de vid\u00e9o spatiale<\/h2>\n\n\n\n<p class=\"wp-block-paragraph\">Pour commencer \u00e0 enregistrer nos propres vid\u00e9os spatiales, <strong>nous devons d&#8217;abord activer l&#8217;option<\/strong>. Voici les \u00e9tapes \u00e0 suivre:<\/p>\n\n\n\n<ol class=\"wp-block-list\">\n<li>Ouvrez l&#8217;application <em>R\u00e9glages<\/em> sur votre iPhone 15 Pro ou iPhone 15 Pro Max.<\/li>\n\n\n\n<li>Acc\u00e9dez \u00e0 <em>Appareil photo<\/em>.<\/li>\n\n\n\n<li>Acc\u00e9dez \u00e0 <em>Formats<\/em>.<\/li>\n\n\n\n<li>Activez la fonction <em>Vid\u00e9o spatiale pour Apple Vision Pro<\/em>.<\/li>\n<\/ol>\n\n\n\n<h2 class=\"wp-block-heading\">Comment enregistrer des vid\u00e9os spatiales<\/h2>\n\n\n\n<p class=\"wp-block-paragraph\">Une fois la fonction activ\u00e9e, nous sommes pr\u00eats \u00e0 commencer \u00e0 enregistrer des vid\u00e9os spatiales. Dans ces vid\u00e9os, la stabilit\u00e9 est essentielle et, de plus, <strong>l&#8217;iPhone doit \u00eatre en position horizontale<\/strong>. Pour cela, il suffit d&#8217;ouvrir l&#8217;application Appareil photo et de passer en mode d&#8217;enregistrement vid\u00e9o.<\/p>\n\n\n\n<p class=\"wp-block-paragraph\">On doit chercher l&#8217;ic\u00f4ne Vision Pro pour activer le mode vid\u00e9o spatial. Lorsque nous sommes pr\u00eats \u00e0 enregistrer, il suffit d&#8217;appuyer sur le bouton d&#8217;enregistrement en rouge.<\/p>\n\n\n<div class=\"sc-card-program\">\r\n  <div class=\"sc-card-program__body\">\r\n    <div class=\"sc-card-program__row clearfix\">\r\n      <div class=\"sc-card-program__col-logo\">\r\n        <img decoding=\"async\" class=\"sc-card-program__img\" src=\"https:\/\/images.sftcdn.net\/images\/t_app-icon-m\/p\/94906c2e-9a9f-11e6-9f57-00163ed833e7\/3035168466\/fotos-para-mac-logo.png\" alt=\"Photos pour Mac\" width=\"100px\" height=\"100px\">\r\n      <\/div>\r\n      <div class=\"sc-card-program__col-title\">\r\n        <span class=\"sc-card-program__title\">Photos pour Mac<\/span>\r\n        <a class=\"sc-card-program__button sc-card-program-internal\" href=\"https:\/\/photos-pour-mac.fr.softonic.com\/mac\" target=\"_self\" rel=\"noopener noreferrer\">T\u00e9l\u00e9charger<\/a>\r\n      <\/div>\r\n      <div class=\"sc-card-program__col-rating\">\r\n        \r\n      <\/div>\r\n    <\/div>\r\n    <div class=\"sc-card-program__row\">\r\n      <span class=\"sc-card-program__description\"><\/span>\r\n    <\/div>\r\n    <div class=\"sc-card-program__row\">\r\n      <img decoding=\"async\" class=\"sc-card-program__bigpic\" src=\"\">\r\n    <\/div>\r\n    <a class=\"sc-card-program__link track-link sc-card-program-internal\" href=\"https:\/\/photos-pour-mac.fr.softonic.com\/mac\" target=\"_self\" rel=\"noopener noreferrer\"><\/a>\r\n  <\/div>\r\n<\/div>\n\n\n\n<p class=\"wp-block-paragraph\">Il est important de se rappeler que les vid\u00e9os spatiales apparaissent comme des vid\u00e9os normales lorsqu&#8217;elles sont lues dans l&#8217;application Photos de notre iPhone. La v\u00e9ritable magie se r\u00e9v\u00e9lera lorsque nous les appr\u00e9cierons sur le Vision Pro. Et maintenant, avec un iPhone 15 avec le suffixe Pro, <strong>nous pouvons commencer \u00e0 pr\u00e9parer notre biblioth\u00e8que<\/strong> pour le nouvel ordinateur spatial d&#8217;Apple.<\/p>\n","protected":false},"excerpt":{"rendered":"<p>Avec un iPhone 15 Pro, nous pouvons d\u00e9j\u00e0 commencer \u00e0 pr\u00e9parer notre biblioth\u00e8que pour le nouvel ordinateur spatial d&#8217;Apple.<\/p>\n","protected":false},"author":9262,"featured_media":136861,"comment_status":"closed","ping_status":"closed","sticky":false,"template":"","format":"standard","meta":{"footnotes":"","wpcf-pageviews":240},"categories":[16761],"tags":[],"usertag":[],"vertical":[],"content-category":[],"class_list":["post-136860","post","type-post","status-publish","format-standard","has-post-thumbnail","hentry","category-news"],"aioseo_notices":[],"_links":{"self":[{"href":"https:\/\/cms-articles.softonic.io\/fr\/wp-json\/wp\/v2\/posts\/136860","targetHints":{"allow":["GET"]}}],"collection":[{"href":"https:\/\/cms-articles.softonic.io\/fr\/wp-json\/wp\/v2\/posts"}],"about":[{"href":"https:\/\/cms-articles.softonic.io\/fr\/wp-json\/wp\/v2\/types\/post"}],"author":[{"embeddable":true,"href":"https:\/\/cms-articles.softonic.io\/fr\/wp-json\/wp\/v2\/users\/9262"}],"replies":[{"embeddable":true,"href":"https:\/\/cms-articles.softonic.io\/fr\/wp-json\/wp\/v2\/comments?post=136860"}],"version-history":[{"count":1,"href":"https:\/\/cms-articles.softonic.io\/fr\/wp-json\/wp\/v2\/posts\/136860\/revisions"}],"predecessor-version":[{"id":161815,"href":"https:\/\/cms-articles.softonic.io\/fr\/wp-json\/wp\/v2\/posts\/136860\/revisions\/161815"}],"wp:featuredmedia":[{"embeddable":true,"href":"https:\/\/cms-articles.softonic.io\/fr\/wp-json\/wp\/v2\/media\/136861"}],"wp:attachment":[{"href":"https:\/\/cms-articles.softonic.io\/fr\/wp-json\/wp\/v2\/media?parent=136860"}],"wp:term":[{"taxonomy":"category","embeddable":true,"href":"https:\/\/cms-articles.softonic.io\/fr\/wp-json\/wp\/v2\/categories?post=136860"},{"taxonomy":"post_tag","embeddable":true,"href":"https:\/\/cms-articles.softonic.io\/fr\/wp-json\/wp\/v2\/tags?post=136860"},{"taxonomy":"usertag","embeddable":true,"href":"https:\/\/cms-articles.softonic.io\/fr\/wp-json\/wp\/v2\/usertag?post=136860"},{"taxonomy":"vertical","embeddable":true,"href":"https:\/\/cms-articles.softonic.io\/fr\/wp-json\/wp\/v2\/vertical?post=136860"},{"taxonomy":"content-category","embeddable":true,"href":"https:\/\/cms-articles.softonic.io\/fr\/wp-json\/wp\/v2\/content-category?post=136860"}],"curies":[{"name":"wp","href":"https:\/\/api.w.org\/{rel}","templated":true}]}}