{"id":14428,"date":"2011-06-01T15:26:11","date_gmt":"2011-06-01T13:26:11","guid":{"rendered":"http:\/\/onsoftware.softonic.fr\/?p=14428"},"modified":"2025-06-12T13:23:12","modified_gmt":"2025-06-12T12:23:12","slug":"bac-2011-organiser-ses-revisions-grace-au-calendrier-partage-sur-internet","status":"publish","type":"post","link":"https:\/\/cms-articles.softonic.io\/fr\/bac-2011-organiser-ses-revisions-grace-au-calendrier-partage-sur-internet\/","title":{"rendered":"Bac 2011: organiser ses r\u00e9visions gr\u00e2ce au calendrier partag\u00e9 sur Internet"},"content":{"rendered":"<p><a href=\"https:\/\/articles-img.sftcdn.net\/sft\/articles\/auto-mapping-folder\/sites\/9\/2011\/06\/google_agenda_logo.jpg\"><img loading=\"lazy\" decoding=\"async\" src=\"https:\/\/articles-img.sftcdn.net\/sft\/articles\/auto-mapping-folder\/sites\/9\/2011\/06\/google_agenda_logo.jpg\" alt=\"\" width=\"180\" height=\"180\" class=\"alignleft size-full wp-image-14429\" \/><\/a> Le Bac arrive \u00e0 grand pas et il est plus que temps de songer aux r\u00e9visions ! Si vous vous y prenez seulement maintenant, vous pouvez tenter de rattraper un peu du temps perdu en mutualisant vos efforts avec des camarades. Les r\u00e9visions \u00e0 plusieurs, c\u2019est efficace mais cela s\u2019organise !<\/p>\n<p>Pour vous y aider, rien de tel qu\u2019un <strong>agenda partag\u00e9<\/strong> avec les diff\u00e9rents participants \u00e0 vos s\u00e9ances de travail !<\/p>\n<p>&nbsp;<\/p>\n<p>&nbsp;<\/p>\n<p><a href=\"https:\/\/articles-img.sftcdn.net\/sft\/articles\/auto-mapping-folder\/sites\/9\/2011\/06\/agenda_0011.jpg\"><img loading=\"lazy\" decoding=\"async\" src=\"https:\/\/articles-img.sftcdn.net\/sft\/articles\/auto-mapping-folder\/sites\/9\/2011\/06\/agenda_0011.jpg\" alt=\"\" width=\"450\" height=\"317\" class=\"aligncenter size-full wp-image-14442\" srcset=\"https:\/\/articles-img.sftcdn.net\/auto-mapping-folder\/sites\/9\/2011\/06\/agenda_0011.jpg 450w, https:\/\/articles-img.sftcdn.net\/auto-mapping-folder\/sites\/9\/2011\/06\/agenda_0011-290x204.jpg 290w\" sizes=\"auto, (max-width: 450px) 100vw, 450px\" \/><\/a><\/p>\n<p>&nbsp;<\/p>\n<p>Dans ce tutoriel, nous vous expliquons comment cr\u00e9er et partager un agenda Google avec vos camarades, sachant que cela peut tout \u00e0 fait servir dans un cadre professionnel ou bien pour planifier une activit\u00e9 avec des amis.<\/p>\n<p>Pour utiliser Google Agenda, vous et vos amis aurez besoin d\u2019une <strong>adresse gmail<\/strong>.<!--more--><\/p>\n<p>&nbsp;<\/p>\n<p>1. Rendez-vous sur la <a href=\"http:\/\/www.google.fr\/\">page d\u2019accueil de Google<\/a> et connectez-vous \u00e0 votre <a href=\"https:\/\/www.google.com\/accounts\/ServiceLogin?hl=fr&amp;continue=http:\/\/www.google.fr\/\">compte utilisateur<\/a>. Dans les menus, choisissez \u00ab Plus \u00bb puis \u00ab Agenda \u00bb.<\/p>\n<p><a href=\"https:\/\/articles-img.sftcdn.net\/sft\/articles\/auto-mapping-folder\/sites\/9\/2011\/06\/agenda_01.jpg\"><img loading=\"lazy\" decoding=\"async\" src=\"https:\/\/articles-img.sftcdn.net\/sft\/articles\/auto-mapping-folder\/sites\/9\/2011\/06\/agenda_01.jpg\" alt=\"\" width=\"600\" height=\"294\" class=\"aligncenter size-full wp-image-14431\" srcset=\"https:\/\/articles-img.sftcdn.net\/auto-mapping-folder\/sites\/9\/2011\/06\/agenda_01.jpg 600w, https:\/\/articles-img.sftcdn.net\/auto-mapping-folder\/sites\/9\/2011\/06\/agenda_01-290x142.jpg 290w\" sizes=\"auto, (max-width: 600px) 100vw, 600px\" \/><\/a><\/p>\n<p>&nbsp;<\/p>\n<p>2. Vous arrivez sur la page de pr\u00e9sentation g\u00e9n\u00e9rale de vos agendas.<\/p>\n<p><a href=\"https:\/\/articles-img.sftcdn.net\/sft\/articles\/auto-mapping-folder\/sites\/9\/2011\/06\/agenda_02.jpg\"><img loading=\"lazy\" decoding=\"async\" src=\"https:\/\/articles-img.sftcdn.net\/sft\/articles\/auto-mapping-folder\/sites\/9\/2011\/06\/agenda_02.jpg\" alt=\"\" width=\"600\" height=\"239\" class=\"aligncenter size-full wp-image-14432\" srcset=\"https:\/\/articles-img.sftcdn.net\/auto-mapping-folder\/sites\/9\/2011\/06\/agenda_02.jpg 600w, https:\/\/articles-img.sftcdn.net\/auto-mapping-folder\/sites\/9\/2011\/06\/agenda_02-290x115.jpg 290w\" sizes=\"auto, (max-width: 600px) 100vw, 600px\" \/><\/a><\/p>\n<p>&nbsp;<\/p>\n<p>Au centre, la vue hebdomadaire, sachant que des boutons plac\u00e9s en haut \u00e0 droite de la page vous permettent de modifier la vue (Jour, Mois, \u00e0 4 jours).<\/p>\n<p>A gauche, une vue du calendrier du mois en cours avec en dessous le d\u00e9tail de vos agendas. Par d\u00e9faut, celui rattach\u00e9 \u00e0 votre compte gmail est activ\u00e9.<\/p>\n<p>&nbsp;<\/p>\n<p>3. Supposons que vous pr\u00e9voyez de r\u00e9viser diff\u00e9rentes mati\u00e8res avec diff\u00e9rentes personnes. Il est dans ce cas judicieux de cr\u00e9er un nouvel agenda par mati\u00e8re, que vous partagerez \u00e0 chaque fois avec les personnes concern\u00e9es par la s\u00e9ance de r\u00e9vision. Vous pourrez faire appara\u00eetre tous ces agendas sur un seul et m\u00eame calendrier de mani\u00e8re \u00e0 en avoir une vue d\u2019ensemble.<\/p>\n<p>Juste en dessous de Mes agendas, cliquez sur Ajouter pour cr\u00e9er un nouvel agenda.<\/p>\n<p><a href=\"https:\/\/articles-img.sftcdn.net\/sft\/articles\/auto-mapping-folder\/sites\/9\/2011\/06\/agenda_03.jpg\"><img loading=\"lazy\" decoding=\"async\" src=\"https:\/\/articles-img.sftcdn.net\/sft\/articles\/auto-mapping-folder\/sites\/9\/2011\/06\/agenda_03.jpg\" alt=\"\" width=\"506\" height=\"376\" class=\"aligncenter size-full wp-image-14433\" srcset=\"https:\/\/articles-img.sftcdn.net\/auto-mapping-folder\/sites\/9\/2011\/06\/agenda_03.jpg 506w, https:\/\/articles-img.sftcdn.net\/auto-mapping-folder\/sites\/9\/2011\/06\/agenda_03-290x215.jpg 290w\" sizes=\"auto, (max-width: 506px) 100vw, 506px\" \/><\/a><\/p>\n<p>&nbsp;<\/p>\n<p>4. Vous acc\u00e9dez \u00e0 la <strong>page de configuration de l\u2019agenda<\/strong>. C\u2019est l\u00e0 que vous lui donnez un nom (ici, la mati\u00e8re \u00e0 r\u00e9viser), une description (utile pour indiquer les cours \u00e0 travailler, les livres \u00e0 apporter, etc.) et le lieu o\u00f9 se tiendra la s\u00e9ance de r\u00e9vision.<\/p>\n<p><a href=\"https:\/\/articles-img.sftcdn.net\/sft\/articles\/auto-mapping-folder\/sites\/9\/2011\/06\/agenda_04.jpg\"><img loading=\"lazy\" decoding=\"async\" src=\"https:\/\/articles-img.sftcdn.net\/sft\/articles\/auto-mapping-folder\/sites\/9\/2011\/06\/agenda_04.jpg\" alt=\"\" width=\"564\" height=\"278\" class=\"aligncenter size-full wp-image-14434\" srcset=\"https:\/\/articles-img.sftcdn.net\/auto-mapping-folder\/sites\/9\/2011\/06\/agenda_04.jpg 564w, https:\/\/articles-img.sftcdn.net\/auto-mapping-folder\/sites\/9\/2011\/06\/agenda_04-290x142.jpg 290w\" sizes=\"auto, (max-width: 564px) 100vw, 564px\" \/><\/a><\/p>\n<p>&nbsp;<\/p>\n<p>Vous avez \u00e9galement le choix de rendre cet agenda public, autrement dit visible par tout le monde, mais c\u2019est inutile ici.<\/p>\n<p>&nbsp;<\/p>\n<p>5. En dessous, vous ajoutez les <strong>adresses email<\/strong> des personnes avec qui vous souhaitez partager l\u2019agenda (1),  d\u00e9finissez les <strong>autorisations<\/strong> via une liste d\u00e9roulante (2) puis validez en cliquant sur le bouton Ajouter la personne (3). Il faudra recommencer pour chaque participant.<\/p>\n<p><a href=\"https:\/\/articles-img.sftcdn.net\/sft\/articles\/auto-mapping-folder\/sites\/9\/2011\/06\/agenda_05.jpg\"><img loading=\"lazy\" decoding=\"async\" src=\"https:\/\/articles-img.sftcdn.net\/sft\/articles\/auto-mapping-folder\/sites\/9\/2011\/06\/agenda_05.jpg\" alt=\"\" width=\"600\" height=\"147\" class=\"aligncenter size-full wp-image-14435\" srcset=\"https:\/\/articles-img.sftcdn.net\/auto-mapping-folder\/sites\/9\/2011\/06\/agenda_05.jpg 600w, https:\/\/articles-img.sftcdn.net\/auto-mapping-folder\/sites\/9\/2011\/06\/agenda_05-290x71.jpg 290w\" sizes=\"auto, (max-width: 600px) 100vw, 600px\" \/><\/a><\/p>\n<p>&nbsp;<\/p>\n<p>Une fois tous les participants ajout\u00e9s, cliquez sur Cr\u00e9er l\u2019agenda (4).<\/p>\n<p>Notez que si vos contacts ne poss\u00e8dent pas d\u2019adresse gmail (et donc pas de compte Google), vous pouvez toutefois les inviter \u00e0 en cr\u00e9er une pour qu\u2019ils puissent visualiser le calendrier partag\u00e9.<\/p>\n<p><a href=\"https:\/\/articles-img.sftcdn.net\/sft\/articles\/auto-mapping-folder\/sites\/9\/2011\/06\/agenda_06.jpg\"><img loading=\"lazy\" decoding=\"async\" src=\"https:\/\/articles-img.sftcdn.net\/sft\/articles\/auto-mapping-folder\/sites\/9\/2011\/06\/agenda_06.jpg\" alt=\"\" width=\"600\" height=\"229\" class=\"aligncenter size-full wp-image-14436\" srcset=\"https:\/\/articles-img.sftcdn.net\/auto-mapping-folder\/sites\/9\/2011\/06\/agenda_06.jpg 600w, https:\/\/articles-img.sftcdn.net\/auto-mapping-folder\/sites\/9\/2011\/06\/agenda_06-290x110.jpg 290w\" sizes=\"auto, (max-width: 600px) 100vw, 600px\" \/><\/a><\/p>\n<p>&nbsp;<\/p>\n<p>6. Vous pouvez voir votre nouvel agenda figurer dans Mes agendas. Dans la vue g\u00e9n\u00e9rale du calendrier, vous pouvez maintenant <strong>\u00e9tirer une plage horaire<\/strong> o\u00f9 bon vous semble.<\/p>\n<p><a href=\"https:\/\/articles-img.sftcdn.net\/sft\/articles\/auto-mapping-folder\/sites\/9\/2011\/06\/agenda_07.jpg\"><img loading=\"lazy\" decoding=\"async\" src=\"https:\/\/articles-img.sftcdn.net\/sft\/articles\/auto-mapping-folder\/sites\/9\/2011\/06\/agenda_07.jpg\" alt=\"\" width=\"600\" height=\"369\" class=\"aligncenter size-full wp-image-14437\" srcset=\"https:\/\/articles-img.sftcdn.net\/auto-mapping-folder\/sites\/9\/2011\/06\/agenda_07.jpg 600w, https:\/\/articles-img.sftcdn.net\/auto-mapping-folder\/sites\/9\/2011\/06\/agenda_07-290x178.jpg 290w\" sizes=\"auto, (max-width: 600px) 100vw, 600px\" \/><\/a><\/p>\n<p>&nbsp;<\/p>\n<p>Vous n\u2019avez plus qu\u2019\u00e0 saisir l\u2019intitul\u00e9 de l\u2019\u00e9v\u00e9nement, choisir l\u2019agenda auquel il se rapporte puis valider en cliquant sur le bouton <strong>Cr\u00e9er un \u00e9v\u00e9nement<\/strong>.<\/p>\n<p>&nbsp;<\/p>\n<p>7. A tout moment, vous pouvez cliquer sur une plage horaire pour <strong>Modifier les d\u00e9tails de l\u2019\u00e9v\u00e9nement<\/strong>. Vous arriverez alors sur cette page :<\/p>\n<p><a href=\"https:\/\/articles-img.sftcdn.net\/sft\/articles\/auto-mapping-folder\/sites\/9\/2011\/06\/agenda_08.jpg\"><img loading=\"lazy\" decoding=\"async\" src=\"https:\/\/articles-img.sftcdn.net\/sft\/articles\/auto-mapping-folder\/sites\/9\/2011\/06\/agenda_08.jpg\" alt=\"\" width=\"600\" height=\"450\" class=\"aligncenter size-full wp-image-14438\" srcset=\"https:\/\/articles-img.sftcdn.net\/auto-mapping-folder\/sites\/9\/2011\/06\/agenda_08.jpg 600w, https:\/\/articles-img.sftcdn.net\/auto-mapping-folder\/sites\/9\/2011\/06\/agenda_08-290x217.jpg 290w\" sizes=\"auto, (max-width: 600px) 100vw, 600px\" \/><\/a><\/p>\n<p>&nbsp;<\/p>\n<p>Il est ici possible de modifier facilement les horaires, de signaler la r\u00e9currence de l\u2019\u00e9v\u00e9nement, de rajouter de nouveaux participants, de param\u00e9trer des rappels, d\u2019opter pour une nouvelle couleur de la plage horaire, etc. Une fois les modifications effectu\u00e9es, cliquez sur Enregistrer. Votre calendrier partag\u00e9 est pr\u00eat \u00e0 \u00eatre consult\u00e9 et\/ou modifi\u00e9 par les diff\u00e9rents participants.<\/p>\n<p>Maintenant, il ne reste plus qu\u2019\u00e0 s\u2019y mettre !<\/p>\n","protected":false},"excerpt":{"rendered":"<p>Le Bac arrive \u00e0 grand pas et il est plus que temps de songer aux r\u00e9visions ! Si vous vous y prenez seulement maintenant, vous pouvez tenter de rattraper un peu du temps perdu en mutualisant vos efforts avec des camarades. Les r\u00e9visions \u00e0 plusieurs, c\u2019est efficace mais cela s\u2019organise ! Pour vous y aider, &hellip; <a href=\"https:\/\/cms-articles.softonic.io\/fr\/bac-2011-organiser-ses-revisions-grace-au-calendrier-partage-sur-internet\/\" class=\"more-link\">Continue reading<span class=\"screen-reader-text\"> &#8220;Bac 2011: organiser ses r\u00e9visions gr\u00e2ce au calendrier partag\u00e9 sur Internet&#8221;<\/span><\/a><\/p>\n","protected":false},"author":8009,"featured_media":0,"comment_status":"open","ping_status":"open","sticky":false,"template":"","format":"standard","meta":{"footnotes":"","wpcf-pageviews":0},"categories":[1],"tags":[546,1763,1764],"usertag":[],"vertical":[],"content-category":[],"class_list":["post-14428","post","type-post","status-publish","format-standard","hentry","category-uncategorized","tag-bac","tag-bac-2011","tag-revisions"],"aioseo_notices":[],"_links":{"self":[{"href":"https:\/\/cms-articles.softonic.io\/fr\/wp-json\/wp\/v2\/posts\/14428","targetHints":{"allow":["GET"]}}],"collection":[{"href":"https:\/\/cms-articles.softonic.io\/fr\/wp-json\/wp\/v2\/posts"}],"about":[{"href":"https:\/\/cms-articles.softonic.io\/fr\/wp-json\/wp\/v2\/types\/post"}],"author":[{"embeddable":true,"href":"https:\/\/cms-articles.softonic.io\/fr\/wp-json\/wp\/v2\/users\/8009"}],"replies":[{"embeddable":true,"href":"https:\/\/cms-articles.softonic.io\/fr\/wp-json\/wp\/v2\/comments?post=14428"}],"version-history":[{"count":1,"href":"https:\/\/cms-articles.softonic.io\/fr\/wp-json\/wp\/v2\/posts\/14428\/revisions"}],"predecessor-version":[{"id":168345,"href":"https:\/\/cms-articles.softonic.io\/fr\/wp-json\/wp\/v2\/posts\/14428\/revisions\/168345"}],"wp:attachment":[{"href":"https:\/\/cms-articles.softonic.io\/fr\/wp-json\/wp\/v2\/media?parent=14428"}],"wp:term":[{"taxonomy":"category","embeddable":true,"href":"https:\/\/cms-articles.softonic.io\/fr\/wp-json\/wp\/v2\/categories?post=14428"},{"taxonomy":"post_tag","embeddable":true,"href":"https:\/\/cms-articles.softonic.io\/fr\/wp-json\/wp\/v2\/tags?post=14428"},{"taxonomy":"usertag","embeddable":true,"href":"https:\/\/cms-articles.softonic.io\/fr\/wp-json\/wp\/v2\/usertag?post=14428"},{"taxonomy":"vertical","embeddable":true,"href":"https:\/\/cms-articles.softonic.io\/fr\/wp-json\/wp\/v2\/vertical?post=14428"},{"taxonomy":"content-category","embeddable":true,"href":"https:\/\/cms-articles.softonic.io\/fr\/wp-json\/wp\/v2\/content-category?post=14428"}],"curies":[{"name":"wp","href":"https:\/\/api.w.org\/{rel}","templated":true}]}}