{"id":145487,"date":"2024-09-27T20:17:13","date_gmt":"2024-09-27T18:17:13","guid":{"rendered":"https:\/\/sftarticles.wpenginepowered.com\/es\/?p=341242"},"modified":"2025-06-12T10:36:22","modified_gmt":"2025-06-12T09:36:22","slug":"meta-adopte-pleinement-la-generation-dimages-par-ia-il-est-temps-dimaginer","status":"publish","type":"post","link":"https:\/\/cms-articles.softonic.io\/fr\/meta-adopte-pleinement-la-generation-dimages-par-ia-il-est-temps-dimaginer\/","title":{"rendered":"Meta adopte pleinement la g\u00e9n\u00e9ration d&#8217;images par IA : il est temps \u00ab d&#8217;imaginer \u00bb"},"content":{"rendered":"\n<p class=\"wp-block-paragraph\"><strong>Meta<\/strong> teste une nouvelle fonctionnalit\u00e9 pour <strong>Facebook<\/strong> et <strong>Instagram<\/strong> qui ajoute des images g\u00e9n\u00e9r\u00e9es par intelligence artificielle directement dans les fils d&#8217;actualit\u00e9 des utilisateurs. Lors de l&#8217;\u00e9v\u00e9nement <strong>Meta Connect<\/strong> de mercredi dernier, la soci\u00e9t\u00e9 <a href=\"https:\/\/about.fb.com\/news\/2024\/09\/metas-ai-product-news-connect\/\" target=\"_blank\" rel=\"noopener nofollow\" title=\"\">a annonc\u00e9<\/a> que ces images seront cr\u00e9\u00e9es \u00ab bas\u00e9es sur vos int\u00e9r\u00eats ou tendances actuelles \u00bb et, dans certains cas, <strong>pourraient incorporer le visage des utilisateurs<\/strong>.<\/p>\n\n\n<div class=\"sc-card-starred-link\">\r\n  <div class=\"sc-card-starred-link__body\">\r\n    <div class=\"sc-card-starred-link__row clearfix\">\r\n      <div class=\"sc-card-starred-link__col-logo\">\r\n        <img decoding=\"async\" class=\"sc-card-starred-link__img\" src=\"https:\/\/articles-img.sftcdn.net\/sft\/articles\/auto-mapping-folder\/sites\/3\/2024\/09\/newsletter.png\" width=\"100px\" height=\"100px\">\r\n      <\/div>\r\n      <div class=\"sc-card-starred-link__col-title\">\r\n        <p class=\"sc-card-starred-link__title\">Abonnez-vous \u00e0 la newsletter de Softonic et recevez les derni\u00e8res nouveaut\u00e9s en technologie, jeux vid\u00e9o et offres directement dans votre bo\u00eete<\/p>\r\n        <a class=\"sc-card-starred-link__button\" href=\"https:\/\/softonic-fr.beehiiv.com\/subscribe\" target=\"_blank\" rel=\"noopener noreferrer sponsored\">Abonnez-vous (c'est GRATUIT) \u25ba<\/a>\r\n      <\/div>\r\n    <\/div>\r\n    <a class=\"sc-card-starred-link__link\" href=\"https:\/\/softonic-fr.beehiiv.com\/subscribe\" target=\"_blank\" rel=\"noopener noreferrer sponsored\"><\/a>\r\n  <\/div>\r\n<\/div>\n\n\n\n<p class=\"wp-block-paragraph\">Les images, \u00e9tiquet\u00e9es comme <strong>\u00ab Imagin\u00e9es pour vous \u00bb<\/strong>, offriront la possibilit\u00e9 de les partager ou d&#8217;en g\u00e9n\u00e9rer de nouvelles en temps r\u00e9el. Un exemple pr\u00e9sent\u00e9 par Meta montrait un \u00ab royaume enchant\u00e9, o\u00f9 la magie remplit l&#8217;air \u00bb, mais il a \u00e9galement \u00e9t\u00e9 sugg\u00e9r\u00e9 que <strong>des versions de soi-m\u00eame pourraient appara\u00eetre dans des sc\u00e9narios comme des jeux vid\u00e9o ou des explorations spatiales<\/strong>.<\/p>\n\n\n\n<p class=\"wp-block-paragraph\"><strong>Amanda Felix<\/strong>, porte-parole de Meta, a d\u00e9clar\u00e9 \u00e0 <strong><a href=\"https:\/\/www.theverge.com\/2024\/9\/25\/24253329\/meta-ai-generated-images-facebook-instagram-feeds\" target=\"_blank\" rel=\"noopener nofollow\" title=\"\">The Verge<\/a><\/strong> que la plateforme <strong>ne g\u00e9n\u00e9rera des images avec le visage d&#8217;un utilisateur que si celui-ci s&#8217;est inscrit \u00e0 la fonction \u00ab Imaginez-vous \u00bb<\/strong> et a accept\u00e9 ses conditions, y compris le t\u00e9l\u00e9chargement de photos. De plus, les utilisateurs auront la possibilit\u00e9 de supprimer ces images de leur fil d&#8217;actualit\u00e9 s&#8217;ils le souhaitent.<\/p>\n\n\n<div class=\"wp-block-image\">\n<figure class=\"aligncenter size-full\"><img decoding=\"async\" src=\"https:\/\/articles-img.sftcdn.net\/auto-mapping-folder\/sites\/2\/2024\/09\/Meta-imagen-IA-feed-ejemplo.jpg\" alt=\"\" class=\"wp-image-341246\" \/><\/figure>\n<\/div>\n\n\n<p class=\"wp-block-paragraph\"><strong>Mark Zuckerberg<\/strong>, PDG de Meta, a comment\u00e9 que l&#8217;int\u00e9gration d&#8217;images g\u00e9n\u00e9r\u00e9es par l&#8217;IA dans les flux est le prochain \u00ab saut logique \u00bb pour ses plateformes, et a soulign\u00e9 que les flux montraient \u00e0 l&#8217;origine uniquement du contenu des amis, mais <strong>qu&#8217;avec le temps, une couche de contenu g\u00e9n\u00e9r\u00e9 par l&#8217;IA qui pourrait int\u00e9resser les utilisateurs a \u00e9t\u00e9 ajout\u00e9e<\/strong>. \u00ab Sa croissance d\u00e9pend de l&#8217;ex\u00e9cution et de sa qualit\u00e9 \u00bb, a expliqu\u00e9 Zuckerberg.<\/p>\n\n\n\n<p class=\"wp-block-paragraph\">Ce mouvement de la part de Meta suit l&#8217;exemple de <strong>Snapchat<\/strong>, dont la <strong>fonction de selfies avec IA<\/strong> permet \u00e0 l&#8217;entreprise d&#8217;utiliser le visage des utilisateurs dans des publicit\u00e9s personnalis\u00e9es, \u00e0 moins que l&#8217;option ne soit d\u00e9sactiv\u00e9e, selon <strong><a href=\"https:\/\/www.404media.co\/snapchat-reserves-the-right-to-use-ai-generated-images-of-your-face-in-ads\/\" target=\"_blank\" rel=\"noopener nofollow\" title=\"\">404 Media<\/a><\/strong>. Pour l&#8217;instant, Meta dit que cette fonction est en phase de tests, et <strong>il n&#8217;y a pas de d\u00e9tails sur la date de d\u00e9ploiement mondial<\/strong>.<\/p>\n\n\n<div class=\"sc-card-program\">\r\n  <div class=\"sc-card-program__body\">\r\n    <div class=\"sc-card-program__row clearfix\">\r\n      <div class=\"sc-card-program__col-logo\">\r\n        <img decoding=\"async\" class=\"sc-card-program__img\" src=\"https:\/\/images.sftcdn.net\/images\/t_app-icon-s\/p\/f96df87d-926f-4954-bf58-f377a573a630\/3410194445\/instagram-Instagram_icon.png\" alt=\"Instagram\" width=\"100px\" height=\"100px\">\r\n      <\/div>\r\n      <div class=\"sc-card-program__col-title\">\r\n        <span class=\"sc-card-program__title\">Instagram<\/span>\r\n        <a class=\"sc-card-program__button sc-card-program-internal\" href=\"https:\/\/instagram.fr.softonic.com\/android\" target=\"_self\" rel=\"noopener noreferrer\">T\u00c9L\u00c9CHARGER<\/a>\r\n      <\/div>\r\n      <div class=\"sc-card-program__col-rating\">\r\n        \r\n      <\/div>\r\n    <\/div>\r\n    <div class=\"sc-card-program__row\">\r\n      <span class=\"sc-card-program__description\"><\/span>\r\n    <\/div>\r\n    <div class=\"sc-card-program__row\">\r\n      <img decoding=\"async\" class=\"sc-card-program__bigpic\" src=\"\">\r\n    <\/div>\r\n    <a class=\"sc-card-program__link track-link sc-card-program-internal\" href=\"https:\/\/instagram.fr.softonic.com\/android\" target=\"_self\" rel=\"noopener noreferrer\"><\/a>\r\n  <\/div>\r\n<\/div>\n","protected":false},"excerpt":{"rendered":"<p>Meta teste une nouvelle fonctionnalit\u00e9 pour Facebook et Instagram qui ajoute des images g\u00e9n\u00e9r\u00e9es par intelligence artificielle directement dans les fils d&#8217;actualit\u00e9 des utilisateurs. Lors de l&#8217;\u00e9v\u00e9nement Meta Connect de mercredi dernier, la soci\u00e9t\u00e9 a annonc\u00e9 que ces images seront cr\u00e9\u00e9es \u00ab bas\u00e9es sur vos int\u00e9r\u00eats ou tendances actuelles \u00bb et, dans certains cas, pourraient incorporer le visage des utilisateurs. Les images, \u00e9tiquet\u00e9es comme \u00ab Imagin\u00e9es pour vous \u00bb, offriront la possibilit\u00e9 de les partager ou d&#8217;en g\u00e9n\u00e9rer de nouvelles en temps r\u00e9el. Un exemple pr\u00e9sent\u00e9 par Meta montrait un \u00ab royaume enchant\u00e9, o\u00f9 la magie remplit l&#8217;air \u00bb, mais il a \u00e9galement \u00e9t\u00e9 sugg\u00e9r\u00e9 que des versions de [\u2026] pourraient appara\u00eetre.<\/p>\n","protected":false},"author":9256,"featured_media":145489,"comment_status":"closed","ping_status":"closed","sticky":false,"template":"","format":"standard","meta":{"footnotes":"","wpcf-pageviews":1},"categories":[16761],"tags":[16806],"usertag":[],"vertical":[],"content-category":[17507],"class_list":["post-145487","post","type-post","status-publish","format-standard","has-post-thumbnail","hentry","category-news","tag-app-subdomain-redirectioninstagram","content-category-ia"],"aioseo_notices":[],"_links":{"self":[{"href":"https:\/\/cms-articles.softonic.io\/fr\/wp-json\/wp\/v2\/posts\/145487","targetHints":{"allow":["GET"]}}],"collection":[{"href":"https:\/\/cms-articles.softonic.io\/fr\/wp-json\/wp\/v2\/posts"}],"about":[{"href":"https:\/\/cms-articles.softonic.io\/fr\/wp-json\/wp\/v2\/types\/post"}],"author":[{"embeddable":true,"href":"https:\/\/cms-articles.softonic.io\/fr\/wp-json\/wp\/v2\/users\/9256"}],"replies":[{"embeddable":true,"href":"https:\/\/cms-articles.softonic.io\/fr\/wp-json\/wp\/v2\/comments?post=145487"}],"version-history":[{"count":1,"href":"https:\/\/cms-articles.softonic.io\/fr\/wp-json\/wp\/v2\/posts\/145487\/revisions"}],"predecessor-version":[{"id":160006,"href":"https:\/\/cms-articles.softonic.io\/fr\/wp-json\/wp\/v2\/posts\/145487\/revisions\/160006"}],"wp:featuredmedia":[{"embeddable":true,"href":"https:\/\/cms-articles.softonic.io\/fr\/wp-json\/wp\/v2\/media\/145489"}],"wp:attachment":[{"href":"https:\/\/cms-articles.softonic.io\/fr\/wp-json\/wp\/v2\/media?parent=145487"}],"wp:term":[{"taxonomy":"category","embeddable":true,"href":"https:\/\/cms-articles.softonic.io\/fr\/wp-json\/wp\/v2\/categories?post=145487"},{"taxonomy":"post_tag","embeddable":true,"href":"https:\/\/cms-articles.softonic.io\/fr\/wp-json\/wp\/v2\/tags?post=145487"},{"taxonomy":"usertag","embeddable":true,"href":"https:\/\/cms-articles.softonic.io\/fr\/wp-json\/wp\/v2\/usertag?post=145487"},{"taxonomy":"vertical","embeddable":true,"href":"https:\/\/cms-articles.softonic.io\/fr\/wp-json\/wp\/v2\/vertical?post=145487"},{"taxonomy":"content-category","embeddable":true,"href":"https:\/\/cms-articles.softonic.io\/fr\/wp-json\/wp\/v2\/content-category?post=145487"}],"curies":[{"name":"wp","href":"https:\/\/api.w.org\/{rel}","templated":true}]}}