{"id":149668,"date":"2024-12-31T11:59:05","date_gmt":"2024-12-31T10:59:05","guid":{"rendered":"https:\/\/sftarticles.wpenginepowered.com\/es\/?p=346444"},"modified":"2025-06-11T20:37:05","modified_gmt":"2025-06-11T19:37:05","slug":"lusb-c-est-desormais-obligatoire-sur-tous-les-appareils-electroniques-dans-lue-quest-ce-que-cela-signifie","status":"publish","type":"post","link":"https:\/\/cms-articles.softonic.io\/fr\/lusb-c-est-desormais-obligatoire-sur-tous-les-appareils-electroniques-dans-lue-quest-ce-que-cela-signifie\/","title":{"rendered":"L&#039;USB-C est d\u00e9sormais obligatoire sur tous les appareils \u00e9lectroniques dans l&#039;UE : qu&#039;est-ce que cela signifie ?"},"content":{"rendered":"\n<p class=\"wp-block-paragraph\">Ce week-end, l\u2019<strong>Union europ\u00e9enne<\/strong> a mis en place une r\u00e9glementation qui obligera les fabricants de nombreux appareils \u00e9lectroniques \u00e0 inclure un <strong>port USB-C comme standard<\/strong>. \u00c0 partir du samedi 28 d\u00e9cembre, les appareils petits et moyens vendus sur le territoire de l&#8217;UE devront int\u00e9grer ce type de connexion pour leur charge.<\/p>\n\n<div class=\"sc-card-starred-link\">\r\n  <div class=\"sc-card-starred-link__body\">\r\n    <div class=\"sc-card-starred-link__row clearfix\">\r\n      <div class=\"sc-card-starred-link__col-logo\">\r\n        <img decoding=\"async\" class=\"sc-card-starred-link__img\" src=\"https:\/\/articles-img.sftcdn.net\/sft\/articles\/auto-mapping-folder\/sites\/3\/2024\/09\/newsletter.png\" width=\"100px\" height=\"100px\">\r\n      <\/div>\r\n      <div class=\"sc-card-starred-link__col-title\">\r\n        <p class=\"sc-card-starred-link__title\">Abonnez-vous \u00e0 la Newsletter de Softonic et recevez les derni\u00e8res nouvelles en tech, jeux, divertissement dans votre bo\u00eete mail<\/p>\r\n        <a class=\"sc-card-starred-link__button\" href=\"https:\/\/softonic-es.beehiiv.com\/subscribe\" target=\"_blank\" rel=\"noopener noreferrer sponsored\">Abonnez-vous (c'est GRATUIT) \u25ba <\/a>\r\n      <\/div>\r\n    <\/div>\r\n    <a class=\"sc-card-starred-link__link\" href=\"https:\/\/softonic-es.beehiiv.com\/subscribe\" target=\"_blank\" rel=\"noopener noreferrer sponsored\"><\/a>\r\n  <\/div>\r\n<\/div>\n\n\n<p class=\"wp-block-paragraph\">La r\u00e9glementation couvre une large gamme d&#8217;appareils : t\u00e9l\u00e9phones mobiles, tablettes, appareils photo num\u00e9riques, \u00e9couteurs, consoles portables, haut-parleurs, liseuses \u00e9lectroniques, claviers, souris et syst\u00e8mes de navigation portables, entre autres. Tous ces dispositifs, <strong>tant qu&#8217;ils utilisent un c\u00e2ble pour se recharger et fonctionnent avec une puissance allant jusqu&#8217;\u00e0 100 watts<\/strong>, devront int\u00e9grer un port <a href=\"https:\/\/www.softonic.com\/articulos\/uk-quiere-imitar-a-europa-adoptando-el-usb-c\" title=\"\">USB-C<\/a>. De plus, <strong>les consommateurs pourront choisir de ne pas recevoir de chargeur suppl\u00e9mentaire lors de l&#8217;achat d&#8217;un nouvel appareil<\/strong>, une mesure visant \u00e0 simplifier le march\u00e9 et \u00e0 r\u00e9duire les d\u00e9chets \u00e9lectroniques.<\/p>\n\n\n<p class=\"wp-block-paragraph\">Selon <a href=\"https:\/\/www.euronews.com\/next\/2024\/12\/27\/new-eu-rules-on-common-usb-c-chargers-for-electronics-to-come-into-force\" target=\"_blank\" rel=\"noopener nofollow\" title=\"\"><strong>Euro News<\/strong><\/a>, les fabricants d&#8217;ordinateurs portables auront <strong>jusqu&#8217;au 28 avril 2026 pour se conformer \u00e0 cette exigence<\/strong>. La mesure, approuv\u00e9e par le Parlement europ\u00e9en et les \u00c9tats membres en 2022, vise principalement \u00e0 lutter contre les d\u00e9chets g\u00e9n\u00e9r\u00e9s par les chargeurs et \u00e0 \u00e9conomiser environ 250 millions d&#8217;euros par an aux m\u00e9nages europ\u00e9ens. <strong>Anna Cavazzini<\/strong>, pr\u00e9sidente de la Commission du march\u00e9 int\u00e9rieur et de la protection des consommateurs, a d\u00e9clar\u00e9 que ces r\u00e8gles permettront \u00ab d&#8217;aborder les tonnes de d\u00e9chets g\u00e9n\u00e9r\u00e9s par les chargeurs jet\u00e9s chaque ann\u00e9e \u00bb.<\/p>\n\n<div class=\"wp-block-image\">\n<figure class=\"aligncenter size-full\"><img decoding=\"async\" src=\"https:\/\/articles-img.sftcdn.net\/auto-mapping-folder\/sites\/2\/2023\/09\/USB-C.jpg\" alt=\"\" class=\"wp-image-346405\" \/><\/figure>\n<\/div>\n\n<p class=\"wp-block-paragraph\">L&#8217;impact de la mesure a \u00e9t\u00e9 significatif pour <strong>Apple<\/strong>, car <strong>son port Lightning deviendra obsol\u00e8te en Europe<\/strong>. Les iPhone vendus \u00e0 partir du 28 d\u00e9cembre 2024, y compris les mod\u00e8les plus anciens, devront int\u00e9grer l&#8217;USB-C. Bien que <a href=\"https:\/\/www.softonic.com\/articulos\/usb-c-accesorios-apple-fecha\" title=\"\">les iPhone 15 et 16 soient d\u00e9j\u00e0 conformes \u00e0 cette norme<\/a>, <strong>les mod\u00e8les plus anciens comme l&#8217;iPhone 14 ou l&#8217;iPhone SE utilisaient encore le Lightning<\/strong>.<\/p>\n\n\n<p class=\"wp-block-paragraph\">Pour cette raison, <strong>Apple a retir\u00e9 ces mod\u00e8les de ses magasins<\/strong> <strong>quelques jours avant l&#8217;entr\u00e9e en vigueur de la r\u00e9glementation dans la plupart des pays de l&#8217;UE<\/strong>, comme l&#8217;Espagne, la France et l&#8217;Allemagne, ainsi que sur des march\u00e9s associ\u00e9s comme la Suisse, selon <a href=\"https:\/\/www.macrumors.com\/2024\/12\/27\/apple-stops-selling-iphone-14-and-se-in-eu\/\" target=\"_blank\" rel=\"noopener nofollow\" title=\"\"><strong>MacRumors<\/strong><\/a>.<\/p>\n\n<div class=\"sc-card-program\">\r\n  <div class=\"sc-card-program__body\">\r\n    <div class=\"sc-card-program__row clearfix\">\r\n      <div class=\"sc-card-program__col-logo\">\r\n        <img decoding=\"async\" class=\"sc-card-program__img\" src=\"https:\/\/images.sftcdn.net\/images\/t_app-icon-s\/p\/14e1eeac-9b2c-11e6-8c57-00163ec9f5fa\/556405365\/apple-store-logo\" alt=\"Apple Store\" width=\"100px\" height=\"100px\">\r\n      <\/div>\r\n      <div class=\"sc-card-program__col-title\">\r\n        <span class=\"sc-card-program__title\">Apple Store<\/span>\r\n        <a class=\"sc-card-program__button sc-card-program-internal\" href=\"https:\/\/apple-store.softonic.com\/iphone\" target=\"_self\" rel=\"noopener noreferrer\">T\u00c9L\u00c9CHARGER<\/a>\r\n      <\/div>\r\n      <div class=\"sc-card-program__col-rating\">\r\n        \r\n      <\/div>\r\n    <\/div>\r\n    <div class=\"sc-card-program__row\">\r\n      <span class=\"sc-card-program__description\"><\/span>\r\n    <\/div>\r\n    <div class=\"sc-card-program__row\">\r\n      <img decoding=\"async\" class=\"sc-card-program__bigpic\" src=\"\">\r\n    <\/div>\r\n    <a class=\"sc-card-program__link track-link sc-card-program-internal\" href=\"https:\/\/apple-store.softonic.com\/iphone\" target=\"_self\" rel=\"noopener noreferrer\"><\/a>\r\n  <\/div>\r\n<\/div>\n","protected":false},"excerpt":{"rendered":"<p>Ce week-end, l&#8217;Union europ\u00e9enne a mis en place une r\u00e9glementation qui obligera les fabricants de nombreux appareils \u00e9lectroniques \u00e0 inclure un port USB-C comme standard. \u00c0 partir du samedi 28 d\u00e9cembre, les petits et moyens appareils vendus sur le territoire de l&#8217;UE devront int\u00e9grer ce type de connexion pour leur charge. La r\u00e9glementation couvre un large \u00e9ventail d&#8217;appareils : t\u00e9l\u00e9phones mobiles, tablettes, appareils photo num\u00e9riques, \u00e9couteurs, consoles portables, haut-parleurs, liseuses \u00e9lectroniques, claviers, souris et syst\u00e8mes de navigation portables, entre autres. Tous ces appareils, tant qu&#8217;ils utilisent un c\u00e2ble pour se recharger et fonctionnent avec une puissance de [&hellip;]<\/p>\n","protected":false},"author":9256,"featured_media":149669,"comment_status":"closed","ping_status":"closed","sticky":false,"template":"","format":"standard","meta":{"footnotes":"","wpcf-pageviews":1},"categories":[16761],"tags":[],"usertag":[],"vertical":[],"content-category":[],"class_list":["post-149668","post","type-post","status-publish","format-standard","has-post-thumbnail","hentry","category-news"],"aioseo_notices":[],"_links":{"self":[{"href":"https:\/\/cms-articles.softonic.io\/fr\/wp-json\/wp\/v2\/posts\/149668","targetHints":{"allow":["GET"]}}],"collection":[{"href":"https:\/\/cms-articles.softonic.io\/fr\/wp-json\/wp\/v2\/posts"}],"about":[{"href":"https:\/\/cms-articles.softonic.io\/fr\/wp-json\/wp\/v2\/types\/post"}],"author":[{"embeddable":true,"href":"https:\/\/cms-articles.softonic.io\/fr\/wp-json\/wp\/v2\/users\/9256"}],"replies":[{"embeddable":true,"href":"https:\/\/cms-articles.softonic.io\/fr\/wp-json\/wp\/v2\/comments?post=149668"}],"version-history":[{"count":1,"href":"https:\/\/cms-articles.softonic.io\/fr\/wp-json\/wp\/v2\/posts\/149668\/revisions"}],"predecessor-version":[{"id":158956,"href":"https:\/\/cms-articles.softonic.io\/fr\/wp-json\/wp\/v2\/posts\/149668\/revisions\/158956"}],"wp:featuredmedia":[{"embeddable":true,"href":"https:\/\/cms-articles.softonic.io\/fr\/wp-json\/wp\/v2\/media\/149669"}],"wp:attachment":[{"href":"https:\/\/cms-articles.softonic.io\/fr\/wp-json\/wp\/v2\/media?parent=149668"}],"wp:term":[{"taxonomy":"category","embeddable":true,"href":"https:\/\/cms-articles.softonic.io\/fr\/wp-json\/wp\/v2\/categories?post=149668"},{"taxonomy":"post_tag","embeddable":true,"href":"https:\/\/cms-articles.softonic.io\/fr\/wp-json\/wp\/v2\/tags?post=149668"},{"taxonomy":"usertag","embeddable":true,"href":"https:\/\/cms-articles.softonic.io\/fr\/wp-json\/wp\/v2\/usertag?post=149668"},{"taxonomy":"vertical","embeddable":true,"href":"https:\/\/cms-articles.softonic.io\/fr\/wp-json\/wp\/v2\/vertical?post=149668"},{"taxonomy":"content-category","embeddable":true,"href":"https:\/\/cms-articles.softonic.io\/fr\/wp-json\/wp\/v2\/content-category?post=149668"}],"curies":[{"name":"wp","href":"https:\/\/api.w.org\/{rel}","templated":true}]}}