{"id":150305,"date":"2025-01-29T09:15:00","date_gmt":"2025-01-29T08:15:00","guid":{"rendered":"https:\/\/sftarticles.wpenginepowered.com\/es\/?p=347229"},"modified":"2025-06-11T20:32:52","modified_gmt":"2025-06-11T19:32:52","slug":"la-creatrice-de-agatha-all-along-confirme-quil-ny-aura-pas-de-deuxieme-saison-de-la-serie-marvel","status":"publish","type":"post","link":"https:\/\/cms-articles.softonic.io\/fr\/la-creatrice-de-agatha-all-along-confirme-quil-ny-aura-pas-de-deuxieme-saison-de-la-serie-marvel\/","title":{"rendered":"La cr\u00e9atrice de Agatha All Along confirme qu&#039;il n&#039;y aura pas de deuxi\u00e8me saison de la s\u00e9rie Marvel"},"content":{"rendered":"\n<p class=\"wp-block-paragraph\">L&#8217;actrice <strong>Patti LuPone, connue pour son r\u00f4le de Lilia dans la s\u00e9rie Agatha All Along, a confirm\u00e9 qu&#8217;il n&#8217;y aura pas de deuxi\u00e8me saison du show<\/strong>. Lors d&#8217;une r\u00e9cente apparition dans Andy Cohen Live, LuPone a partag\u00e9 que la cr\u00e9atrice Jac Schaeffer lui avait communiqu\u00e9 que son personnage, Lilia, mourrait. <em>Je ne fais pas de deuxi\u00e8mes saisons<\/em>, a soulign\u00e9 LuPone, ajoutant que Schaeffer avait eu une exp\u00e9rience n\u00e9gative \u00e0 ce sujet avec WandaVision.<\/p>\n\n<div class=\"sc-card-program\">\r\n  <div class=\"sc-card-program__body\">\r\n    <div class=\"sc-card-program__row clearfix\">\r\n      <div class=\"sc-card-program__col-logo\">\r\n        <img decoding=\"async\" class=\"sc-card-program__img\" src=\"https:\/\/images.sftcdn.net\/images\/t_app-icon-s\/p\/40cafa9e-c62d-4242-bf0b-45003285e1c6\/4236099912\/disney-plus-icon.png\" alt=\"Disney +\" width=\"100px\" height=\"100px\">\r\n      <\/div>\r\n      <div class=\"sc-card-program__col-title\">\r\n        <span class=\"sc-card-program__title\">Disney +<\/span>\r\n        <a class=\"sc-card-program__button sc-card-program-internal\" href=\"https:\/\/disney-plus.softonic.com\/\" target=\"_self\" rel=\"noopener noreferrer\">T\u00c9L\u00c9CHARGER<\/a>\r\n      <\/div>\r\n      <div class=\"sc-card-program__col-rating\">\r\n        \r\n      <\/div>\r\n    <\/div>\r\n    <div class=\"sc-card-program__row\">\r\n      <span class=\"sc-card-program__description\"><\/span>\r\n    <\/div>\r\n    <div class=\"sc-card-program__row\">\r\n      <img decoding=\"async\" class=\"sc-card-program__bigpic\" src=\"\">\r\n    <\/div>\r\n    <a class=\"sc-card-program__link track-link sc-card-program-internal\" href=\"https:\/\/disney-plus.softonic.com\/\" target=\"_self\" rel=\"noopener noreferrer\"><\/a>\r\n  <\/div>\r\n<\/div>\n\n\n<h2 class=\"wp-block-heading\">L&#8217;avenir incertain de l&#8217;Univers Marvel<\/h2>\n\n\n<p class=\"wp-block-paragraph\">Bien qu&#8217;elle ait \u00e9t\u00e9 bien accueillie par la critique, <strong>Agatha All Along n&#8217;a pas r\u00e9ussi \u00e0 capter autant d&#8217;audiences que d&#8217;autres productions r\u00e9centes de Marvel<\/strong>, y compris Loki et Secret Invasion. Cette performance a suscit\u00e9 des interrogations sur l&#8217;avenir de cette s\u00e9rie et de nombreux fans souhaitent un d\u00e9veloppement plus approfondi de ses histoires.<\/p>\n\n\n<p class=\"wp-block-paragraph\">Quant \u00e0 l&#8217;avenir de l&#8217;univers Marvel, <strong>on s&#8217;attend \u00e0 ce que la narration de WandaVision se poursuive dans un prochain spectacle centr\u00e9 sur le personnage de Vision<\/strong>, o\u00f9 Paul Bettany reprendra son r\u00f4le embl\u00e9matique. Dans WandaVision, l&#8217;histoire a laiss\u00e9 de nombreuses portes ouvertes, notamment avec le personnage de White Vision, qui a emport\u00e9 les souvenirs de Vision avant de dispara\u00eetre.<\/p>\n\n\n<p class=\"wp-block-paragraph\">Pendant ce temps, <strong>Marvel se pr\u00e9pare pour la sortie de Captain America : Brave New World, pr\u00e9vue pour le 14 f\u00e9vrier<\/strong>. Ce nouveau film mettra en vedette Anthony Mackie, Danny Ramirez et la l\u00e9gende du cin\u00e9ma Harrison Ford, suscitant de grandes attentes parmi les fans de l&#8217;Univers Cin\u00e9matographique Marvel.<\/p>\n\n\n<figure class=\"wp-block-embed is-type-video is-provider-youtube wp-block-embed-youtube wp-embed-aspect-16-9 wp-has-aspect-ratio\"><div class=\"wp-block-embed__wrapper\">\n<iframe loading=\"lazy\" title=\"Marvel Television\u2019s Agatha All Along | Official Trailer | Disney+\" width=\"840\" height=\"473\" src=\"https:\/\/www.youtube.com\/embed\/R9pXbNz6Vbw?feature=oembed\" frameborder=\"0\" allow=\"accelerometer; autoplay; clipboard-write; encrypted-media; gyroscope; picture-in-picture; web-share\" referrerpolicy=\"strict-origin-when-cross-origin\" allowfullscreen><\/iframe>\n<\/div><\/figure>\n\n\n<p class=\"wp-block-paragraph\">Avec la conclusion de \u00ab Agatha All Along \u00bb et l&#8217;arriv\u00e9e imminente de \u00ab Captain America: Brave New World \u00bb, l&#8217;attention des fans se concentre sur la mani\u00e8re dont ces d\u00e9veloppements affecteront l&#8217;avenir du MCU. <strong>La communaut\u00e9 attend toujours plus de nouvelles, car il se murmure que Marvel a un large \u00e9ventail de projets en d\u00e9veloppement qui pourraient changer le cours de la franchise.<\/strong><\/p>\n\n<div class=\"sc-card-program\">\r\n  <div class=\"sc-card-program__body\">\r\n    <div class=\"sc-card-program__row clearfix\">\r\n      <div class=\"sc-card-program__col-logo\">\r\n        <img decoding=\"async\" class=\"sc-card-program__img\" src=\"https:\/\/images.sftcdn.net\/images\/t_app-icon-s\/p\/40cafa9e-c62d-4242-bf0b-45003285e1c6\/4236099912\/disney-plus-icon.png\" alt=\"Disney +\" width=\"100px\" height=\"100px\">\r\n      <\/div>\r\n      <div class=\"sc-card-program__col-title\">\r\n        <span class=\"sc-card-program__title\">Disney +<\/span>\r\n        <a class=\"sc-card-program__button sc-card-program-internal\" href=\"https:\/\/disney-plus.softonic.com\/\" target=\"_self\" rel=\"noopener noreferrer\">T\u00c9L\u00c9CHARGER<\/a>\r\n      <\/div>\r\n      <div class=\"sc-card-program__col-rating\">\r\n        \r\n      <\/div>\r\n    <\/div>\r\n    <div class=\"sc-card-program__row\">\r\n      <span class=\"sc-card-program__description\"><\/span>\r\n    <\/div>\r\n    <div class=\"sc-card-program__row\">\r\n      <img decoding=\"async\" class=\"sc-card-program__bigpic\" src=\"\">\r\n    <\/div>\r\n    <a class=\"sc-card-program__link track-link sc-card-program-internal\" href=\"https:\/\/disney-plus.softonic.com\/\" target=\"_self\" rel=\"noopener noreferrer\"><\/a>\r\n  <\/div>\r\n<\/div>\n","protected":false},"excerpt":{"rendered":"<p>L&#8217;actrice Patti LuPone, connue pour son r\u00f4le de Lilia dans la s\u00e9rie Agatha All Along, a confirm\u00e9 qu&#8217;il n&#8217;y aura pas de deuxi\u00e8me saison du show. Lors d&#8217;une r\u00e9cente apparition dans Andy Cohen Live, LuPone a partag\u00e9 que la cr\u00e9atrice Jac Schaeffer lui avait communiqu\u00e9 que son personnage, Lilia, mourrait. Je ne fais pas de deuxi\u00e8mes saisons, a soulign\u00e9 LuPone, ajoutant que Schaeffer avait eu une exp\u00e9rience n\u00e9gative \u00e0 cet \u00e9gard avec WandaVision. L&#8217;avenir incertain de l&#8217;Univers Marvel Bien qu&#8217;elle ait \u00e9t\u00e9 bien accueillie par la critique, Agatha All Along n&#8217;a pas r\u00e9ussi \u00e0 capter autant d&#8217;audiences que d&#8217;autres productions r\u00e9centes de Marvel, y compris Loki et Secret Invasion. Cette performance [&hellip;]<\/p>\n","protected":false},"author":9317,"featured_media":150310,"comment_status":"closed","ping_status":"closed","sticky":false,"template":"","format":"standard","meta":{"footnotes":"","wpcf-pageviews":1},"categories":[16761],"tags":[18857,16775,18858,9247],"usertag":[],"vertical":[],"content-category":[],"class_list":["post-150305","post","type-post","status-publish","format-standard","has-post-thumbnail","hentry","category-news","tag-agatha","tag-app-subdomain-redirectiondisney-plus","tag-disney-3","tag-marvel"],"aioseo_notices":[],"_links":{"self":[{"href":"https:\/\/cms-articles.softonic.io\/fr\/wp-json\/wp\/v2\/posts\/150305","targetHints":{"allow":["GET"]}}],"collection":[{"href":"https:\/\/cms-articles.softonic.io\/fr\/wp-json\/wp\/v2\/posts"}],"about":[{"href":"https:\/\/cms-articles.softonic.io\/fr\/wp-json\/wp\/v2\/types\/post"}],"author":[{"embeddable":true,"href":"https:\/\/cms-articles.softonic.io\/fr\/wp-json\/wp\/v2\/users\/9317"}],"replies":[{"embeddable":true,"href":"https:\/\/cms-articles.softonic.io\/fr\/wp-json\/wp\/v2\/comments?post=150305"}],"version-history":[{"count":1,"href":"https:\/\/cms-articles.softonic.io\/fr\/wp-json\/wp\/v2\/posts\/150305\/revisions"}],"predecessor-version":[{"id":158730,"href":"https:\/\/cms-articles.softonic.io\/fr\/wp-json\/wp\/v2\/posts\/150305\/revisions\/158730"}],"wp:featuredmedia":[{"embeddable":true,"href":"https:\/\/cms-articles.softonic.io\/fr\/wp-json\/wp\/v2\/media\/150310"}],"wp:attachment":[{"href":"https:\/\/cms-articles.softonic.io\/fr\/wp-json\/wp\/v2\/media?parent=150305"}],"wp:term":[{"taxonomy":"category","embeddable":true,"href":"https:\/\/cms-articles.softonic.io\/fr\/wp-json\/wp\/v2\/categories?post=150305"},{"taxonomy":"post_tag","embeddable":true,"href":"https:\/\/cms-articles.softonic.io\/fr\/wp-json\/wp\/v2\/tags?post=150305"},{"taxonomy":"usertag","embeddable":true,"href":"https:\/\/cms-articles.softonic.io\/fr\/wp-json\/wp\/v2\/usertag?post=150305"},{"taxonomy":"vertical","embeddable":true,"href":"https:\/\/cms-articles.softonic.io\/fr\/wp-json\/wp\/v2\/vertical?post=150305"},{"taxonomy":"content-category","embeddable":true,"href":"https:\/\/cms-articles.softonic.io\/fr\/wp-json\/wp\/v2\/content-category?post=150305"}],"curies":[{"name":"wp","href":"https:\/\/api.w.org\/{rel}","templated":true}]}}