{"id":152150,"date":"2025-02-28T09:15:42","date_gmt":"2025-02-28T08:15:42","guid":{"rendered":"https:\/\/sftarticles.wpenginepowered.com\/es\/?p=349883"},"modified":"2025-06-11T20:22:24","modified_gmt":"2025-06-11T19:22:24","slug":"prime-video-presente-la-bande-annonce-officielle-de-la-derniere-saison-de-bosch-legacy","status":"publish","type":"post","link":"https:\/\/cms-articles.softonic.io\/fr\/prime-video-presente-la-bande-annonce-officielle-de-la-derniere-saison-de-bosch-legacy\/","title":{"rendered":"Prime Video pr\u00e9sente la bande-annonce officielle de la derni\u00e8re saison de Bosch : Legacy"},"content":{"rendered":"\n<p class=\"wp-block-paragraph\">Prime Video a lanc\u00e9 le <strong>trailer officiel de la troisi\u00e8me et derni\u00e8re saison de Bosch: Legacy, une s\u00e9rie qui a captiv\u00e9 l&#8217;attention des amateurs du genre policier<\/strong> et qui touche \u00e0 sa fin. Dans cette nouvelle saison, le personnage principal, Harry Bosch, interpr\u00e9t\u00e9 par Titus Welliver, fait face \u00e0 son affaire la plus compliqu\u00e9e \u00e0 ce jour. Les fans de la s\u00e9rie sont impatients de d\u00e9couvrir comment se conclura l&#8217;histoire de ce d\u00e9tective embl\u00e9matique.<\/p>\n\n\n<p class=\"wp-block-paragraph\"><div class=\"sc-card-program\">\r\n  <div class=\"sc-card-program__body\">\r\n    <div class=\"sc-card-program__row clearfix\">\r\n      <div class=\"sc-card-program__col-logo\">\r\n        <img decoding=\"async\" class=\"sc-card-program__img\" src=\"https:\/\/images.sftcdn.net\/images\/t_app-icon-m\/p\/c162012f-3d10-436b-a6b5-fde423154d8c\/3464089414\/amazon-prime-video-download-amazon-prime-video.jpg\" alt=\"Amazon Prime Video\" width=\"100px\" height=\"100px\">\r\n      <\/div>\r\n      <div class=\"sc-card-program__col-title\">\r\n        <span class=\"sc-card-program__title\">Amazon Prime Video<\/span>\r\n        <a class=\"sc-card-program__button sc-card-program-internal\" href=\"https:\/\/amazon-prime-video.softonic.com\/\" target=\"_self\" rel=\"noopener noreferrer\">T\u00c9L\u00c9CHARGER<\/a>\r\n      <\/div>\r\n      <div class=\"sc-card-program__col-rating\">\r\n        \r\n      <\/div>\r\n    <\/div>\r\n    <div class=\"sc-card-program__row\">\r\n      <span class=\"sc-card-program__description\"><\/span>\r\n    <\/div>\r\n    <div class=\"sc-card-program__row\">\r\n      <img decoding=\"async\" class=\"sc-card-program__bigpic\" src=\"\">\r\n    <\/div>\r\n    <a class=\"sc-card-program__link track-link sc-card-program-internal\" href=\"https:\/\/amazon-prime-video.softonic.com\/\" target=\"_self\" rel=\"noopener noreferrer\"><\/a>\r\n  <\/div>\r\n<\/div><\/p>\n\n\n<h2 class=\"wp-block-heading\">Conversations difficiles entre p\u00e8re et fille<\/h2>\n\n\n<p class=\"wp-block-paragraph\">La bande-annonce r\u00e9v\u00e8le un intense conflit familial, alors que <strong>Maddie, la fille de Harry Bosch, interpr\u00e9t\u00e9e par Madison Lintz, commence \u00e0 remettre en question les d\u00e9cisions de son p\u00e8re<\/strong>. Dans un tournant dramatique, Maddie soup\u00e7onne que Bosch aurait pu \u00eatre impliqu\u00e9 dans la mort de Kurt Dockweiler, un personnage qui sera interpr\u00e9t\u00e9 par David Denman. Cet \u00e9l\u00e9ment de l&#8217;intrigue n&#8217;ajoute pas seulement une couche de tension au r\u00e9cit, mais explore \u00e9galement la relation p\u00e8re-fille dans un contexte de dilemmes moraux et de justice.<\/p>\n\n\n<p class=\"wp-block-paragraph\">La saison se profile comme une conclusion charg\u00e9e d&#8217;\u00e9motion, avec <strong>Bosch faisant face non seulement \u00e0 ses adversaires externes, mais aussi aux questions difficiles que sa fille lui pose<\/strong>. Ce conflit pourrait remettre en question non seulement la r\u00e9putation de Bosch en tant que d\u00e9tective, mais aussi sa relation avec Maddie, qui cherche la v\u00e9rit\u00e9 \u00e0 tout prix.<\/p>\n\n\n<figure class=\"wp-block-embed is-type-video is-provider-youtube wp-block-embed-youtube wp-embed-aspect-16-9 wp-has-aspect-ratio\"><div class=\"wp-block-embed__wrapper\">\n<iframe loading=\"lazy\" title=\"Bosch Legacy: The Final Season - Official Trailer | Prime Video\" width=\"840\" height=\"473\" src=\"https:\/\/www.youtube.com\/embed\/yFTLGcjBpjc?feature=oembed\" frameborder=\"0\" allow=\"accelerometer; autoplay; clipboard-write; encrypted-media; gyroscope; picture-in-picture; web-share\" referrerpolicy=\"strict-origin-when-cross-origin\" allowfullscreen><\/iframe>\n<\/div><\/figure>\n\n\n<p class=\"wp-block-paragraph\">Alors que les fans se pr\u00e9parent pour la premi\u00e8re, il est clair que <strong>Bosch: Legacy ne se limitera pas \u00e0 r\u00e9soudre des crimes, mais explorera \u00e9galement les complexit\u00e9s de la famille et de la loyaut\u00e9<\/strong>. Le r\u00e9sultat promet d&#8217;\u00eatre une conclusion m\u00e9morable pour une s\u00e9rie qui a \u00e9t\u00e9 salu\u00e9e pour son \u00e9criture et ses performances. Avec la tension \u00e0 son comble, les spectateurs seront s\u00fbrement sur le bord de leur si\u00e8ge lorsque cette derni\u00e8re saison sera diffus\u00e9e.<\/p>\n\n\n<p class=\"wp-block-paragraph\"><div class=\"sc-card-program\">\r\n  <div class=\"sc-card-program__body\">\r\n    <div class=\"sc-card-program__row clearfix\">\r\n      <div class=\"sc-card-program__col-logo\">\r\n        <img decoding=\"async\" class=\"sc-card-program__img\" src=\"https:\/\/images.sftcdn.net\/images\/t_app-icon-m\/p\/c162012f-3d10-436b-a6b5-fde423154d8c\/3464089414\/amazon-prime-video-download-amazon-prime-video.jpg\" alt=\"Amazon Prime Video\" width=\"100px\" height=\"100px\">\r\n      <\/div>\r\n      <div class=\"sc-card-program__col-title\">\r\n        <span class=\"sc-card-program__title\">Amazon Prime Video<\/span>\r\n        <a class=\"sc-card-program__button sc-card-program-internal\" href=\"https:\/\/amazon-prime-video.softonic.com\/\" target=\"_self\" rel=\"noopener noreferrer\">T\u00c9L\u00c9CHARGER<\/a>\r\n      <\/div>\r\n      <div class=\"sc-card-program__col-rating\">\r\n        \r\n      <\/div>\r\n    <\/div>\r\n    <div class=\"sc-card-program__row\">\r\n      <span class=\"sc-card-program__description\"><\/span>\r\n    <\/div>\r\n    <div class=\"sc-card-program__row\">\r\n      <img decoding=\"async\" class=\"sc-card-program__bigpic\" src=\"\">\r\n    <\/div>\r\n    <a class=\"sc-card-program__link track-link sc-card-program-internal\" href=\"https:\/\/amazon-prime-video.softonic.com\/\" target=\"_self\" rel=\"noopener noreferrer\"><\/a>\r\n  <\/div>\r\n<\/div><\/p>\n","protected":false},"excerpt":{"rendered":"<p>Prime Video a lanc\u00e9 la bande-annonce officielle de la troisi\u00e8me et derni\u00e8re saison de Bosch : Legacy, une s\u00e9rie qui a captiv\u00e9 l&#8217;attention des amateurs du genre policier et qui touche \u00e0 sa fin. Dans cette nouvelle livraison, le personnage principal, Harry Bosch, interpr\u00e9t\u00e9 par Titus Welliver, est confront\u00e9 \u00e0 son affaire la plus compliqu\u00e9e \u00e0 ce jour. Les fans de la s\u00e9rie sont impatients de d\u00e9couvrir comment se terminera l&#8217;histoire de ce d\u00e9tective iconique. Conversations difficiles entre p\u00e8re et fille La bande-annonce r\u00e9v\u00e8le un intense conflit familial, car Maddie, la fille de Harry Bosch, interpr\u00e9t\u00e9e par Madison [&hellip;]<\/p>\n","protected":false},"author":9317,"featured_media":152151,"comment_status":"closed","ping_status":"closed","sticky":false,"template":"","format":"standard","meta":{"footnotes":"","wpcf-pageviews":1},"categories":[16761],"tags":[17203,17095,19829],"usertag":[],"vertical":[],"content-category":[],"class_list":["post-152150","post","type-post","status-publish","format-standard","has-post-thumbnail","hentry","category-news","tag-amazon-prime-video-2","tag-app-subdomain-redirectionamazon-prime-video","tag-bosch-legacy"],"aioseo_notices":[],"_links":{"self":[{"href":"https:\/\/cms-articles.softonic.io\/fr\/wp-json\/wp\/v2\/posts\/152150","targetHints":{"allow":["GET"]}}],"collection":[{"href":"https:\/\/cms-articles.softonic.io\/fr\/wp-json\/wp\/v2\/posts"}],"about":[{"href":"https:\/\/cms-articles.softonic.io\/fr\/wp-json\/wp\/v2\/types\/post"}],"author":[{"embeddable":true,"href":"https:\/\/cms-articles.softonic.io\/fr\/wp-json\/wp\/v2\/users\/9317"}],"replies":[{"embeddable":true,"href":"https:\/\/cms-articles.softonic.io\/fr\/wp-json\/wp\/v2\/comments?post=152150"}],"version-history":[{"count":1,"href":"https:\/\/cms-articles.softonic.io\/fr\/wp-json\/wp\/v2\/posts\/152150\/revisions"}],"predecessor-version":[{"id":158158,"href":"https:\/\/cms-articles.softonic.io\/fr\/wp-json\/wp\/v2\/posts\/152150\/revisions\/158158"}],"wp:featuredmedia":[{"embeddable":true,"href":"https:\/\/cms-articles.softonic.io\/fr\/wp-json\/wp\/v2\/media\/152151"}],"wp:attachment":[{"href":"https:\/\/cms-articles.softonic.io\/fr\/wp-json\/wp\/v2\/media?parent=152150"}],"wp:term":[{"taxonomy":"category","embeddable":true,"href":"https:\/\/cms-articles.softonic.io\/fr\/wp-json\/wp\/v2\/categories?post=152150"},{"taxonomy":"post_tag","embeddable":true,"href":"https:\/\/cms-articles.softonic.io\/fr\/wp-json\/wp\/v2\/tags?post=152150"},{"taxonomy":"usertag","embeddable":true,"href":"https:\/\/cms-articles.softonic.io\/fr\/wp-json\/wp\/v2\/usertag?post=152150"},{"taxonomy":"vertical","embeddable":true,"href":"https:\/\/cms-articles.softonic.io\/fr\/wp-json\/wp\/v2\/vertical?post=152150"},{"taxonomy":"content-category","embeddable":true,"href":"https:\/\/cms-articles.softonic.io\/fr\/wp-json\/wp\/v2\/content-category?post=152150"}],"curies":[{"name":"wp","href":"https:\/\/api.w.org\/{rel}","templated":true}]}}