{"id":154019,"date":"2025-04-10T12:15:15","date_gmt":"2025-04-10T11:15:15","guid":{"rendered":"https:\/\/sftarticles.wpenginepowered.com\/es\/?p=352805"},"modified":"2025-06-11T20:07:29","modified_gmt":"2025-06-11T19:07:29","slug":"ce-nouveau-comic-de-superman-lemmene-en-visite-a-travers-le-monde-y-compris-en-espagne","status":"publish","type":"post","link":"https:\/\/cms-articles.softonic.io\/fr\/ce-nouveau-comic-de-superman-lemmene-en-visite-a-travers-le-monde-y-compris-en-espagne\/","title":{"rendered":"Ce nouveau comic de Superman l&#039;emm\u00e8ne en visite \u00e0 travers le monde, y compris en Espagne"},"content":{"rendered":"\n<p class=\"wp-block-paragraph\">Le lancement tant attendu du comic intitul\u00e9 Superman : Le monde aura lieu le 26 juin prochain. <strong>Cette anthologie, qui compte un total de 208 pages, offre un aper\u00e7u unique du h\u00e9ros iconique, montrant son parcours \u00e0 travers diverses cultures et lieux de la plan\u00e8te<\/strong>. \u00c9crit et dessin\u00e9 par Jorge Jim\u00e9nez, reconnu pour son travail remarquable dans le monde du comic, Superman : Le monde inclut des histoires qui rendent hommage au personnage de DC, le d\u00e9crivant comme un v\u00e9ritable symbole de v\u00e9rit\u00e9 et de justice.<\/p>\n\n\n<h2 class=\"wp-block-heading\">Une bande dessin\u00e9e tr\u00e8s cosmopolite, mais qui peut vous sembler famili\u00e8re<\/h2>\n\n\n<p class=\"wp-block-paragraph\">Une des histoires les plus captivantes est Superman \u00e0 Grenade o\u00f9 l&#8217;homme d&#8217;acier visitera la c\u00e9l\u00e8bre Alhambra. <strong>Pris au pi\u00e8ge par sa propre impuissance, Superman choisit de se d\u00e9guiser en un \u00eatre humain normal pour explorer la riche culture de Grenade<\/strong>. Ce r\u00e9cit promet d&#8217;\u00eatre une ode visuelle \u00e0 cette splendide ville andalouse, avec des couleurs vibrantes sign\u00e9es Alejandro S\u00e1nchez. Jim\u00e9nez, originaire de la province granadine, apporte son talent artistique \u00e0 cette narration \u00e9motive.<\/p>\n\n\n<figure class=\"wp-block-embed is-type-video is-provider-youtube wp-block-embed-youtube wp-embed-aspect-16-9 wp-has-aspect-ratio\"><div class=\"wp-block-embed__wrapper\">\n<iframe loading=\"lazy\" title=\"SUPERMAN Tr\u00e1iler Espa\u00f1ol (2025)\" width=\"840\" height=\"473\" src=\"https:\/\/www.youtube.com\/embed\/WK06hTeoiFQ?feature=oembed\" frameborder=\"0\" allow=\"accelerometer; autoplay; clipboard-write; encrypted-media; gyroscope; picture-in-picture; web-share\" referrerpolicy=\"strict-origin-when-cross-origin\" allowfullscreen><\/iframe>\n<\/div><\/figure>\n\n\n<p class=\"wp-block-paragraph\">En plus de l&#8217;histoire \u00e0 Grenade, <strong>la bande dessin\u00e9e inclut des r\u00e9cits internationalement vari\u00e9s. Superman : The Left of the Hummingbird, par exemple, pr\u00e9sente le h\u00e9ros affrontant des dieux azt\u00e8ques au Mexique<\/strong>, tandis que The Last Seed of Krypton de Mauro Mantella et Agust\u00edn Alessio, l&#8217;emm\u00e8nera en Argentine, o\u00f9 il devra faire face \u00e0 une ancienne menace qui remet en question sa propre essence et biologie.<\/p>\n\n\n<p class=\"wp-block-paragraph\">Le lancement de Superman : Le monde est tr\u00e8s opportun, car il se produit seulement deux semaines avant le d\u00e9but du nouveau film de Superman<strong>, r\u00e9alis\u00e9 par James Gunn et mettant en vedette David Corenswet, qui sortira le 11 juillet<\/strong>. Avec ces deux \u00e9v\u00e9nements \u00e0 l&#8217;horizon, les fans du h\u00e9ros ont de nombreuses raisons de c\u00e9l\u00e9brer et de red\u00e9couvrir la richesse de son histoire et de son h\u00e9ritage.<\/p>\n\n<div class=\"sc-card-program\">\r\n  <div class=\"sc-card-program__body\">\r\n    <div class=\"sc-card-program__row clearfix\">\r\n      <div class=\"sc-card-program__col-logo\">\r\n        <img decoding=\"async\" class=\"sc-card-program__img\" src=\"https:\/\/images.sftcdn.net\/images\/t_app-icon-s\/p\/a2f73840-9b6e-11e6-a5b8-00163ec9f5fa\/3184479294\/hbo-max-logo\" alt=\"Max\" width=\"100px\" height=\"100px\">\r\n      <\/div>\r\n      <div class=\"sc-card-program__col-title\">\r\n        <span class=\"sc-card-program__title\">Max<\/span>\r\n        <a class=\"sc-card-program__button sc-card-program-internal\" href=\"https:\/\/hbo-max.softonic.com\/android\" target=\"_self\" rel=\"noopener noreferrer\">T\u00c9L\u00c9CHARGER<\/a>\r\n      <\/div>\r\n      <div class=\"sc-card-program__col-rating\">\r\n        \r\n      <\/div>\r\n    <\/div>\r\n    <div class=\"sc-card-program__row\">\r\n      <span class=\"sc-card-program__description\"><\/span>\r\n    <\/div>\r\n    <div class=\"sc-card-program__row\">\r\n      <img decoding=\"async\" class=\"sc-card-program__bigpic\" src=\"\">\r\n    <\/div>\r\n    <a class=\"sc-card-program__link track-link sc-card-program-internal\" href=\"https:\/\/hbo-max.softonic.com\/android\" target=\"_self\" rel=\"noopener noreferrer\"><\/a>\r\n  <\/div>\r\n<\/div>\n","protected":false},"excerpt":{"rendered":"<p>Le lancement tant attendu du comic intitul\u00e9 Superman : Le monde aura lieu le 26 juin prochain. Cette anthologie, qui compte un total de 208 pages, offre un aper\u00e7u unique du h\u00e9ros iconique, montrant son parcours \u00e0 travers diverses cultures et lieux de la plan\u00e8te. \u00c9crit et dessin\u00e9 par Jorge Jim\u00e9nez, reconnu pour son travail remarquable dans le monde du comic, Superman : Le monde inclut des histoires qui rendent hommage au personnage de DC, le d\u00e9crivant comme un v\u00e9ritable symbole de v\u00e9rit\u00e9 et de justice. Un comic tr\u00e8s cosmopolite, mais qui peut vous sembler familier Une des histoires les plus [&hellip;]<\/p>\n","protected":false},"author":9318,"featured_media":154020,"comment_status":"closed","ping_status":"closed","sticky":false,"template":"","format":"standard","meta":{"footnotes":"","wpcf-pageviews":0},"categories":[16761],"tags":[21647,21648,17667,19532,6807,21649,21650,21651,21652],"usertag":[],"vertical":[],"content-category":[18130],"class_list":["post-154019","post","type-post","status-publish","format-standard","has-post-thumbnail","hentry","category-news","tag-11-de-julio","tag-david-corenswet","tag-dc","tag-james-gunn","tag-superman","tag-superman-en-granada","tag-superman-el-mundo","tag-superman-the-left-of-the-hummingbird","tag-the-last-seed-of-krypton","content-category-streaming-videos"],"aioseo_notices":[],"_links":{"self":[{"href":"https:\/\/cms-articles.softonic.io\/fr\/wp-json\/wp\/v2\/posts\/154019","targetHints":{"allow":["GET"]}}],"collection":[{"href":"https:\/\/cms-articles.softonic.io\/fr\/wp-json\/wp\/v2\/posts"}],"about":[{"href":"https:\/\/cms-articles.softonic.io\/fr\/wp-json\/wp\/v2\/types\/post"}],"author":[{"embeddable":true,"href":"https:\/\/cms-articles.softonic.io\/fr\/wp-json\/wp\/v2\/users\/9318"}],"replies":[{"embeddable":true,"href":"https:\/\/cms-articles.softonic.io\/fr\/wp-json\/wp\/v2\/comments?post=154019"}],"version-history":[{"count":1,"href":"https:\/\/cms-articles.softonic.io\/fr\/wp-json\/wp\/v2\/posts\/154019\/revisions"}],"predecessor-version":[{"id":157332,"href":"https:\/\/cms-articles.softonic.io\/fr\/wp-json\/wp\/v2\/posts\/154019\/revisions\/157332"}],"wp:featuredmedia":[{"embeddable":true,"href":"https:\/\/cms-articles.softonic.io\/fr\/wp-json\/wp\/v2\/media\/154020"}],"wp:attachment":[{"href":"https:\/\/cms-articles.softonic.io\/fr\/wp-json\/wp\/v2\/media?parent=154019"}],"wp:term":[{"taxonomy":"category","embeddable":true,"href":"https:\/\/cms-articles.softonic.io\/fr\/wp-json\/wp\/v2\/categories?post=154019"},{"taxonomy":"post_tag","embeddable":true,"href":"https:\/\/cms-articles.softonic.io\/fr\/wp-json\/wp\/v2\/tags?post=154019"},{"taxonomy":"usertag","embeddable":true,"href":"https:\/\/cms-articles.softonic.io\/fr\/wp-json\/wp\/v2\/usertag?post=154019"},{"taxonomy":"vertical","embeddable":true,"href":"https:\/\/cms-articles.softonic.io\/fr\/wp-json\/wp\/v2\/vertical?post=154019"},{"taxonomy":"content-category","embeddable":true,"href":"https:\/\/cms-articles.softonic.io\/fr\/wp-json\/wp\/v2\/content-category?post=154019"}],"curies":[{"name":"wp","href":"https:\/\/api.w.org\/{rel}","templated":true}]}}