{"id":154146,"date":"2025-04-15T08:45:56","date_gmt":"2025-04-15T07:45:56","guid":{"rendered":"https:\/\/sftarticles.wpenginepowered.com\/es\/?p=353021"},"modified":"2025-06-11T20:06:20","modified_gmt":"2025-06-11T19:06:20","slug":"apple-devoile-ses-plans-pour-la-prochaine-generation-dipads-avec-des-fonctionnalites-similaires-a-celles-des-mac","status":"publish","type":"post","link":"https:\/\/cms-articles.softonic.io\/fr\/apple-devoile-ses-plans-pour-la-prochaine-generation-dipads-avec-des-fonctionnalites-similaires-a-celles-des-mac\/","title":{"rendered":"Apple d\u00e9voile ses plans pour la prochaine g\u00e9n\u00e9ration d&#039;iPads avec des fonctionnalit\u00e9s similaires \u00e0 celles des Mac"},"content":{"rendered":"\n<p class=\"wp-block-paragraph\">Apple travaille sur une <strong>nouvelle g\u00e9n\u00e9ration d&#8217;iPads \u00e9quip\u00e9s du processeur M5, ce qui pourrait rapprocher leur puissance de celle des Macs<\/strong>. Cette \u00e9volution du mat\u00e9riel sera compl\u00e9t\u00e9e par une prochaine mise \u00e0 jour du syst\u00e8me d&#8217;exploitation iPadOS, qui se concentrera sur l&#8217;am\u00e9lioration de la productivit\u00e9, du multit\u00e2che et de la gestion des fen\u00eatres. Avec ces am\u00e9liorations, l&#8217;exp\u00e9rience utilisateur sur l&#8217;iPad ressemblera davantage \u00e0 celle que l&#8217;on a sur les ordinateurs de la soci\u00e9t\u00e9, tout en conservant le syst\u00e8me d&#8217;exploitation caract\u00e9ristique des tablettes, qui reste plus proche d&#8217;iOS que de macOS.<\/p>\n\n\n<h2 class=\"wp-block-heading\">Tirer le meilleur parti de vos appareils<\/h2>\n\n\n<p class=\"wp-block-paragraph\">Lors de la prochaine Conf\u00e9rence Mondiale des D\u00e9veloppeurs (WWDC) d&#8217;Apple, la soci\u00e9t\u00e9 devrait faire des annonces significatives concernant iPadOS 19. Selon l&#8217;analyste Mark Gurman, <strong>la mise \u00e0 jour mettra en avant l&#8217;\u00e9volution du syst\u00e8me d&#8217;exploitation vers des fonctionnalit\u00e9s rappelant celles de macOS, un changement que de nombreux utilisateurs r\u00e9clament depuis des ann\u00e9es<\/strong>. Bien qu&#8217;il n&#8217;ait pas \u00e9t\u00e9 confirm\u00e9 que macOS sera enti\u00e8rement int\u00e9gr\u00e9 \u00e0 l&#8217;iPad, Apple semble satisfait d&#8217;apporter certaines caract\u00e9ristiques de ses ordinateurs aux tablettes, cherchant ainsi \u00e0 r\u00e9pondre aux besoins de ses consommateurs et \u00e0 maintenir l&#8217;hybridation de ces dispositifs.<\/p>\n\n\n<figure class=\"wp-block-embed is-type-video is-provider-youtube wp-block-embed-youtube wp-embed-aspect-16-9 wp-has-aspect-ratio\"><div class=\"wp-block-embed__wrapper\">\n<iframe loading=\"lazy\" title=\"Introducing the all-new iPad Pro | Apple\" width=\"840\" height=\"473\" src=\"https:\/\/www.youtube.com\/embed\/UjmaxCyJBc4?feature=oembed\" frameborder=\"0\" allow=\"accelerometer; autoplay; clipboard-write; encrypted-media; gyroscope; picture-in-picture; web-share\" referrerpolicy=\"strict-origin-when-cross-origin\" allowfullscreen><\/iframe>\n<\/div><\/figure>\n\n\n<p class=\"wp-block-paragraph\">Le nouvel iPad Pro, qui sera lanc\u00e9 sur le march\u00e9 \u00e0 l&#8217;occasion du premier anniversaire de l&#8217;iPad Pro M4, pourra tirer parti de toutes les am\u00e9liorations d&#8217;iPadOS 19. De plus, <strong>on s&#8217;attend \u00e0 ce que les mod\u00e8les avec processeurs M4 et M5 disposent de fonctionnalit\u00e9s de PC, permettant d&#8217;optimiser la productivit\u00e9 et la gestion des applications.<\/strong> Cela marquerait un changement significatif dans la perception des utilisateurs, qui ont historiquement consid\u00e9r\u00e9 que le mat\u00e9riel de l&#8217;iPad est sup\u00e9rieur au logiciel disponible. Avec cette nouvelle approche, Apple cherche \u00e0 combler cette lacune, en offrant un syst\u00e8me qui maximise les performances de ses appareils les plus avanc\u00e9s.<\/p>\n","protected":false},"excerpt":{"rendered":"<p>Apple travaille sur une nouvelle g\u00e9n\u00e9ration d&#8217;iPads \u00e9quip\u00e9s du processeur M5, ce qui pourrait rapprocher leur puissance de celle des Macs. Cette \u00e9volution du mat\u00e9riel sera compl\u00e9t\u00e9e par une prochaine mise \u00e0 jour du syst\u00e8me d&#8217;exploitation iPadOS, qui se concentrera sur l&#8217;am\u00e9lioration de la productivit\u00e9, du multit\u00e2che et de la gestion des fen\u00eatres. Avec ces am\u00e9liorations, l&#8217;exp\u00e9rience utilisateur sur l&#8217;iPad ressemblera davantage \u00e0 celle que l&#8217;on a sur les ordinateurs de la soci\u00e9t\u00e9, tout en conservant le syst\u00e8me d&#8217;exploitation caract\u00e9ristique des tablettes, qui reste plus proche d&#8217;iOS que de [&#8230;]<\/p>\n","protected":false},"author":9317,"featured_media":154160,"comment_status":"closed","ping_status":"closed","sticky":false,"template":"","format":"standard","meta":{"footnotes":"","wpcf-pageviews":0},"categories":[16761],"tags":[151,149,21783,11],"usertag":[],"vertical":[],"content-category":[],"class_list":["post-154146","post","type-post","status-publish","format-standard","has-post-thumbnail","hentry","category-news","tag-apple","tag-ipad","tag-ipados","tag-mac"],"aioseo_notices":[],"_links":{"self":[{"href":"https:\/\/cms-articles.softonic.io\/fr\/wp-json\/wp\/v2\/posts\/154146","targetHints":{"allow":["GET"]}}],"collection":[{"href":"https:\/\/cms-articles.softonic.io\/fr\/wp-json\/wp\/v2\/posts"}],"about":[{"href":"https:\/\/cms-articles.softonic.io\/fr\/wp-json\/wp\/v2\/types\/post"}],"author":[{"embeddable":true,"href":"https:\/\/cms-articles.softonic.io\/fr\/wp-json\/wp\/v2\/users\/9317"}],"replies":[{"embeddable":true,"href":"https:\/\/cms-articles.softonic.io\/fr\/wp-json\/wp\/v2\/comments?post=154146"}],"version-history":[{"count":1,"href":"https:\/\/cms-articles.softonic.io\/fr\/wp-json\/wp\/v2\/posts\/154146\/revisions"}],"predecessor-version":[{"id":157264,"href":"https:\/\/cms-articles.softonic.io\/fr\/wp-json\/wp\/v2\/posts\/154146\/revisions\/157264"}],"wp:featuredmedia":[{"embeddable":true,"href":"https:\/\/cms-articles.softonic.io\/fr\/wp-json\/wp\/v2\/media\/154160"}],"wp:attachment":[{"href":"https:\/\/cms-articles.softonic.io\/fr\/wp-json\/wp\/v2\/media?parent=154146"}],"wp:term":[{"taxonomy":"category","embeddable":true,"href":"https:\/\/cms-articles.softonic.io\/fr\/wp-json\/wp\/v2\/categories?post=154146"},{"taxonomy":"post_tag","embeddable":true,"href":"https:\/\/cms-articles.softonic.io\/fr\/wp-json\/wp\/v2\/tags?post=154146"},{"taxonomy":"usertag","embeddable":true,"href":"https:\/\/cms-articles.softonic.io\/fr\/wp-json\/wp\/v2\/usertag?post=154146"},{"taxonomy":"vertical","embeddable":true,"href":"https:\/\/cms-articles.softonic.io\/fr\/wp-json\/wp\/v2\/vertical?post=154146"},{"taxonomy":"content-category","embeddable":true,"href":"https:\/\/cms-articles.softonic.io\/fr\/wp-json\/wp\/v2\/content-category?post=154146"}],"curies":[{"name":"wp","href":"https:\/\/api.w.org\/{rel}","templated":true}]}}