{"id":156526,"date":"2025-06-09T15:30:17","date_gmt":"2025-06-09T14:30:17","guid":{"rendered":"https:\/\/cms-articles.softonic.io\/es\/?p=356790"},"modified":"2025-06-11T19:51:07","modified_gmt":"2025-06-11T18:51:07","slug":"le-realisateur-du-nouveau-film-des-quatre-fantastiques-dit-setre-inspire-de-lun-des-plus-grands-realisateurs-de-lhistoire","status":"publish","type":"post","link":"https:\/\/cms-articles.softonic.io\/fr\/le-realisateur-du-nouveau-film-des-quatre-fantastiques-dit-setre-inspire-de-lun-des-plus-grands-realisateurs-de-lhistoire\/","title":{"rendered":"Le r\u00e9alisateur du nouveau film des Quatre Fantastiques dit s&#039;\u00eatre inspir\u00e9 de l&#039;un des plus grands r\u00e9alisateurs de l&#039;histoire"},"content":{"rendered":"\n<p>Le nouveau film des Fantastic Four, r\u00e9alis\u00e9 par Matt Shakman, se distingue par son style visuel vibrant inspir\u00e9 des ann\u00e9es 60, marqu\u00e9 par une esth\u00e9tique r\u00e9tro-futuriste qui contraste avec les productions plus uniformes de l&#8217;univers Marvel. <strong>Cette approche artistique \u00e9tablit une ambiance unique o\u00f9 les b\u00e2timents utopiques iconiques se compl\u00e8tent avec une narration o\u00f9 la famille Marvel fait son entr\u00e9e dans l&#8217;Univers Cin\u00e9matographique Marvel.<\/strong><\/p>\n\n\n<h2 class=\"wp-block-heading\">Se regardant dans le miroir de l&#8217;un des plus grands<\/h2>\n\n\n<p>Un des aspects les plus marquants de la production est la d\u00e9cision de Shakman de privil\u00e9gier l&#8217;utilisation d&#8217;effets pratiques et la construction de d\u00e9cors r\u00e9els, plut\u00f4t que de d\u00e9pendre largement des \u00e9crans verts. <strong>Cette approche, influenc\u00e9e par l&#8217;\u0153uvre du l\u00e9gendaire r\u00e9alisateur Stanley Kubrick, vise \u00e0 donner au film une plus grande authenticit\u00e9<\/strong>. \u00ab La possible interaction r\u00e9elle et visuelle entre les acteurs et les d\u00e9cors permet au public de mieux se connecter \u00e0 l&#8217;histoire \u00bb, a comment\u00e9 Shakman lors d&#8217;une visite sur le plateau.<\/p>\n\n\n<figure class=\"wp-block-embed is-type-video is-provider-youtube wp-block-embed-youtube wp-embed-aspect-16-9 wp-has-aspect-ratio\"><div class=\"wp-block-embed__wrapper\">\n<iframe loading=\"lazy\" title=\"The Fantastic Four: First Steps | Official Trailer | Only in Theaters July 25\" width=\"840\" height=\"473\" src=\"https:\/\/www.youtube.com\/embed\/pAsmrKyMqaA?feature=oembed\" frameborder=\"0\" allow=\"accelerometer; autoplay; clipboard-write; encrypted-media; gyroscope; picture-in-picture; web-share\" referrerpolicy=\"strict-origin-when-cross-origin\" allowfullscreen><\/iframe>\n<\/div><\/figure>\n\n\n<p>Parmi les d\u00e9tails int\u00e9ressants de la production, on trouve une r\u00e9plique miniature de 14 pieds du vaisseau The Excelsior, qui d\u00e9montre le soin et l&#8217;attention aux d\u00e9tails que l&#8217;\u00e9quipe de production consacre au projet. <strong>Ce vaisseau, bien que petit, est un symbole de l&#8217;engagement du film envers le design artisanal et la cr\u00e9dibilit\u00e9 visuelle.<\/strong><\/p>\n\n\n<p>Le casting de Fantastic Four inclut des acteurs renomm\u00e9s comme Pedro Pascal, Vanessa Kirby, Joseph Quinn et Ebon Moss-Bachrach, qui devront faire face au l\u00e9gendaire antagoniste Galactus, interpr\u00e9t\u00e9 par la voix de Ralph Ineson. <strong>Les fans de comics et du MCU sont impatients de voir comment cette histoire va se d\u00e9rouler, qui promet d&#8217;\u00eatre un nouveau chapitre passionnant dans la saga<\/strong>. Le film sortira en salles le 25 juillet.<\/p>\n\n<div class=\"sc-card-program\">\r\n  <div class=\"sc-card-program__body\">\r\n    <div class=\"sc-card-program__row clearfix\">\r\n      <div class=\"sc-card-program__col-logo\">\r\n        <img decoding=\"async\" class=\"sc-card-program__img\" src=\"https:\/\/images.sftcdn.net\/images\/t_app-icon-s\/p\/246b1fd4-6164-4c6f-9318-27e1cb587dc6\/489019137\/disney-plus-logo\" alt=\"Disney+\" width=\"100px\" height=\"100px\">\r\n      <\/div>\r\n      <div class=\"sc-card-program__col-title\">\r\n        <span class=\"sc-card-program__title\">Disney+<\/span>\r\n        <a class=\"sc-card-program__button sc-card-program-internal\" href=\"https:\/\/disney-plus.softonic.com\/iphone\" target=\"_self\" rel=\"noopener noreferrer\">T\u00c9L\u00c9CHARGER<\/a>\r\n      <\/div>\r\n      <div class=\"sc-card-program__col-rating\">\r\n        \r\n      <\/div>\r\n    <\/div>\r\n    <div class=\"sc-card-program__row\">\r\n      <span class=\"sc-card-program__description\"><\/span>\r\n    <\/div>\r\n    <div class=\"sc-card-program__row\">\r\n      <img decoding=\"async\" class=\"sc-card-program__bigpic\" src=\"\">\r\n    <\/div>\r\n    <a class=\"sc-card-program__link track-link sc-card-program-internal\" href=\"https:\/\/disney-plus.softonic.com\/iphone\" target=\"_self\" rel=\"noopener noreferrer\"><\/a>\r\n  <\/div>\r\n<\/div>\n","protected":false},"excerpt":{"rendered":"<p>Le nouveau film des Fantastic Four, r\u00e9alis\u00e9 par Matt Shakman, se distingue par son style visuel vibrant inspir\u00e9 des ann\u00e9es 60, marqu\u00e9 par une esth\u00e9tique r\u00e9tro-futuriste qui contraste avec les productions plus uniformes de l&#8217;univers Marvel. Cette approche artistique \u00e9tablit une ambiance unique o\u00f9 les b\u00e2timents utopiques iconiques se compl\u00e8tent par une narration dans laquelle la famille Marvel fait partie de l&#8217;Univers Cin\u00e9matographique Marvel. Se regardant dans le miroir de l&#8217;un des plus grands Un des aspects les plus marquants de la production est la d\u00e9cision de Shakman de privil\u00e9gier l&#8217;utilisation d&#8217;effets pratiques<\/p>\n","protected":false},"author":9318,"featured_media":156527,"comment_status":"closed","ping_status":"closed","sticky":false,"template":"","format":"standard","meta":{"footnotes":"","wpcf-pageviews":0},"categories":[16761],"tags":[23581,23582,23583,23584,18539,23585,23586,20158,252],"usertag":[],"vertical":[],"content-category":[18130],"class_list":["post-156526","post","type-post","status-publish","format-standard","has-post-thumbnail","hentry","category-news","tag-fantastic-four","tag-galactus","tag-los-cuatro-fantasticos-2","tag-matt-shakman","tag-mcu","tag-stanley-kubrick","tag-the-excelsior","tag-the-fantastic-four-first-steps","tag-trailer","content-category-streaming-videos"],"aioseo_notices":[],"_links":{"self":[{"href":"https:\/\/cms-articles.softonic.io\/fr\/wp-json\/wp\/v2\/posts\/156526","targetHints":{"allow":["GET"]}}],"collection":[{"href":"https:\/\/cms-articles.softonic.io\/fr\/wp-json\/wp\/v2\/posts"}],"about":[{"href":"https:\/\/cms-articles.softonic.io\/fr\/wp-json\/wp\/v2\/types\/post"}],"author":[{"embeddable":true,"href":"https:\/\/cms-articles.softonic.io\/fr\/wp-json\/wp\/v2\/users\/9318"}],"replies":[{"embeddable":true,"href":"https:\/\/cms-articles.softonic.io\/fr\/wp-json\/wp\/v2\/comments?post=156526"}],"version-history":[{"count":6,"href":"https:\/\/cms-articles.softonic.io\/fr\/wp-json\/wp\/v2\/posts\/156526\/revisions"}],"predecessor-version":[{"id":156545,"href":"https:\/\/cms-articles.softonic.io\/fr\/wp-json\/wp\/v2\/posts\/156526\/revisions\/156545"}],"wp:featuredmedia":[{"embeddable":true,"href":"https:\/\/cms-articles.softonic.io\/fr\/wp-json\/wp\/v2\/media\/156527"}],"wp:attachment":[{"href":"https:\/\/cms-articles.softonic.io\/fr\/wp-json\/wp\/v2\/media?parent=156526"}],"wp:term":[{"taxonomy":"category","embeddable":true,"href":"https:\/\/cms-articles.softonic.io\/fr\/wp-json\/wp\/v2\/categories?post=156526"},{"taxonomy":"post_tag","embeddable":true,"href":"https:\/\/cms-articles.softonic.io\/fr\/wp-json\/wp\/v2\/tags?post=156526"},{"taxonomy":"usertag","embeddable":true,"href":"https:\/\/cms-articles.softonic.io\/fr\/wp-json\/wp\/v2\/usertag?post=156526"},{"taxonomy":"vertical","embeddable":true,"href":"https:\/\/cms-articles.softonic.io\/fr\/wp-json\/wp\/v2\/vertical?post=156526"},{"taxonomy":"content-category","embeddable":true,"href":"https:\/\/cms-articles.softonic.io\/fr\/wp-json\/wp\/v2\/content-category?post=156526"}],"curies":[{"name":"wp","href":"https:\/\/api.w.org\/{rel}","templated":true}]}}