{"id":169662,"date":"2025-06-19T09:15:09","date_gmt":"2025-06-19T08:15:09","guid":{"rendered":"https:\/\/cms-articles.softonic.io\/es\/?p=387346"},"modified":"2025-06-19T09:16:30","modified_gmt":"2025-06-19T08:16:30","slug":"les-javis-et-almodovar-se-reunissent-dans-la-docuserie-qui-explore-lheritage-du-realisateur-et-elle-fait-quelques-revelations-que-vous-ne-vous-attendez-pas","status":"publish","type":"post","link":"https:\/\/cms-articles.softonic.io\/fr\/les-javis-et-almodovar-se-reunissent-dans-la-docuserie-qui-explore-lheritage-du-realisateur-et-elle-fait-quelques-revelations-que-vous-ne-vous-attendez-pas\/","title":{"rendered":"Les Javis et Almod\u00f3var se r\u00e9unissent dans la docuserie qui explore l&#039;h\u00e9ritage du r\u00e9alisateur. Et elle fait quelques r\u00e9v\u00e9lations que vous ne vous attendez pas"},"content":{"rendered":"\n<p>La s\u00e9rie documentaire &#8216;Pedro x Javis&#8217;, qui sera diffus\u00e9e le 19 juin sur Movistar Plus+, offre un regard intime et r\u00e9v\u00e9lateur sur la vie et l&#8217;\u0153uvre de l&#8217;iconique r\u00e9alisateur espagnol Pedro Almod\u00f3var. <strong>Au cours de trois \u00e9pisodes, Almod\u00f3var s&#8217;assoit pour discuter avec Javier Calvo et Javier Ambrossi, qui ont exprim\u00e9 ouvertement leur admiration pour le cin\u00e9aste. <\/strong>La conversation plonge dans des anecdotes personnelles, des r\u00e9flexions sur sa carri\u00e8re de plus de 40 ans et son influence sur des g\u00e9n\u00e9rations de cin\u00e9astes et de spectateurs.<\/p>\n\n\n<h2 class=\"wp-block-heading\">Almod\u00f3var, un v\u00e9ritable r\u00e9f\u00e9rent pour les Javis<\/h2>\n\n\n<p>Cette s\u00e9rie ne se concentre pas seulement sur le parcours d&#8217;Almod\u00f3var, laur\u00e9at de plusieurs prix internationaux, dont deux Oscars et cinq Goya, mais elle inclut \u00e9galement des reconstitutions de sc\u00e8nes embl\u00e9matiques de ses films. De plus,<strong> elle propose des collaborations musicales d&#8217;artistes renomm\u00e9s comme Amaia, Nathy Peluso et Antonio Banderas, ce qui enrichit encore le contenu documentaire.<\/strong><\/p>\n\n\n<p><strong>L&#8217;un des th\u00e8mes centraux qu&#8217;Almod\u00f3var aborde est la mort, r\u00e9fl\u00e9chissant \u00e0 son h\u00e9ritage et se rem\u00e9morant des actrices qui ont marqu\u00e9 sa carri\u00e8re, comme Ver\u00f3nica Forqu\u00e9 et Marisa Paredes<\/strong>. \u00c0 un moment particuli\u00e8rement fort, le r\u00e9alisateur interdit \u00e0 sa famille d&#8217;autoriser un biopic apr\u00e8s son d\u00e9c\u00e8s, soulignant son d\u00e9sir de garder le contr\u00f4le sur son image et son h\u00e9ritage.<\/p>\n\n\n<figure class=\"wp-block-embed is-type-video is-provider-youtube wp-block-embed-youtube wp-embed-aspect-16-9 wp-has-aspect-ratio\"><div class=\"wp-block-embed__wrapper\">\n<iframe loading=\"lazy\" title=\"Pedro x Javis: Tr\u00e1iler oficial | Movistar Plus+\" width=\"840\" height=\"473\" src=\"https:\/\/www.youtube.com\/embed\/X3J2uI4j9lU?feature=oembed\" frameborder=\"0\" allow=\"accelerometer; autoplay; clipboard-write; encrypted-media; gyroscope; picture-in-picture; web-share\" referrerpolicy=\"strict-origin-when-cross-origin\" allowfullscreen><\/iframe>\n<\/div><\/figure>\n\n\n<p>Tout au long de la s\u00e9rie, Almod\u00f3var r\u00e9v\u00e8le \u00e9galement des id\u00e9es pour de futurs projets, y compris un concept li\u00e9 \u00e0 la plateforme OnlyFans. Cette r\u00e9v\u00e9lation met en avant sa<strong> cr\u00e9ativit\u00e9 in\u00e9branlable et son int\u00e9r\u00eat pour l&#8217;exploration de nouvelles narrations dans le cin\u00e9ma. <\/strong>La s\u00e9rie promet d&#8217;\u00eatre un hommage vivant \u00e0 son \u0153uvre et une c\u00e9l\u00e9bration de son impact durable sur l&#8217;industrie cin\u00e9matographique.<\/p>\n","protected":false},"excerpt":{"rendered":"<p>La s\u00e9rie documentaire &#8216;Pedro x Javis&#8217;, qui sera diffus\u00e9e le 19 juin sur Movistar Plus+, offre un regard intime et r\u00e9v\u00e9lateur sur la vie et l&#8217;\u0153uvre de l&#8217;iconique r\u00e9alisateur espagnol Pedro Almod\u00f3var. Au cours de trois \u00e9pisodes, Almod\u00f3var s&#8217;assoit pour discuter avec Javier Calvo et Javier Ambrossi, qui ont exprim\u00e9 ouvertement leur admiration pour le cin\u00e9aste. La conversation aborde des anecdotes personnelles, des r\u00e9flexions sur sa carri\u00e8re de plus de 40 ans et son influence sur des g\u00e9n\u00e9rations de cin\u00e9astes et de spectateurs. Almod\u00f3var, un v\u00e9ritable r\u00e9f\u00e9rent \u00e9vident pour les Javis Cette s\u00e9rie ne se concentre pas seulement sur le [&#8230;]<\/p>\n","protected":false},"author":9317,"featured_media":169663,"comment_status":"closed","ping_status":"closed","sticky":false,"template":"","format":"standard","meta":{"footnotes":"","wpcf-pageviews":0},"categories":[16761],"tags":[],"usertag":[],"vertical":[],"content-category":[],"class_list":["post-169662","post","type-post","status-publish","format-standard","has-post-thumbnail","hentry","category-news"],"aioseo_notices":[],"_links":{"self":[{"href":"https:\/\/cms-articles.softonic.io\/fr\/wp-json\/wp\/v2\/posts\/169662","targetHints":{"allow":["GET"]}}],"collection":[{"href":"https:\/\/cms-articles.softonic.io\/fr\/wp-json\/wp\/v2\/posts"}],"about":[{"href":"https:\/\/cms-articles.softonic.io\/fr\/wp-json\/wp\/v2\/types\/post"}],"author":[{"embeddable":true,"href":"https:\/\/cms-articles.softonic.io\/fr\/wp-json\/wp\/v2\/users\/9317"}],"replies":[{"embeddable":true,"href":"https:\/\/cms-articles.softonic.io\/fr\/wp-json\/wp\/v2\/comments?post=169662"}],"version-history":[{"count":2,"href":"https:\/\/cms-articles.softonic.io\/fr\/wp-json\/wp\/v2\/posts\/169662\/revisions"}],"predecessor-version":[{"id":169673,"href":"https:\/\/cms-articles.softonic.io\/fr\/wp-json\/wp\/v2\/posts\/169662\/revisions\/169673"}],"wp:featuredmedia":[{"embeddable":true,"href":"https:\/\/cms-articles.softonic.io\/fr\/wp-json\/wp\/v2\/media\/169663"}],"wp:attachment":[{"href":"https:\/\/cms-articles.softonic.io\/fr\/wp-json\/wp\/v2\/media?parent=169662"}],"wp:term":[{"taxonomy":"category","embeddable":true,"href":"https:\/\/cms-articles.softonic.io\/fr\/wp-json\/wp\/v2\/categories?post=169662"},{"taxonomy":"post_tag","embeddable":true,"href":"https:\/\/cms-articles.softonic.io\/fr\/wp-json\/wp\/v2\/tags?post=169662"},{"taxonomy":"usertag","embeddable":true,"href":"https:\/\/cms-articles.softonic.io\/fr\/wp-json\/wp\/v2\/usertag?post=169662"},{"taxonomy":"vertical","embeddable":true,"href":"https:\/\/cms-articles.softonic.io\/fr\/wp-json\/wp\/v2\/vertical?post=169662"},{"taxonomy":"content-category","embeddable":true,"href":"https:\/\/cms-articles.softonic.io\/fr\/wp-json\/wp\/v2\/content-category?post=169662"}],"curies":[{"name":"wp","href":"https:\/\/api.w.org\/{rel}","templated":true}]}}