{"id":169687,"date":"2025-06-19T10:25:31","date_gmt":"2025-06-19T09:25:31","guid":{"rendered":"https:\/\/cms-articles.softonic.io\/es\/?p=387365"},"modified":"2025-06-19T10:29:37","modified_gmt":"2025-06-19T09:29:37","slug":"la-deuxieme-saison-de-wednesday-donnera-un-incroyable-tournant-de-180o-a-sa-narration","status":"publish","type":"post","link":"https:\/\/cms-articles.softonic.io\/fr\/la-deuxieme-saison-de-wednesday-donnera-un-incroyable-tournant-de-180o-a-sa-narration\/","title":{"rendered":"La deuxi\u00e8me saison de Wednesday donnera un incroyable tournant de 180\u00ba \u00e0 sa narration"},"content":{"rendered":"\n<p class=\"wp-block-paragraph\">La saison 2 de Wednesday est d\u00e9j\u00e0 \u00e0 l&#8217;horizon, pr\u00e9sentant un nouveau directeur \u00e0 l&#8217;Acad\u00e9mie Nevermore, Barry Dort, interpr\u00e9t\u00e9 par le c\u00e9l\u00e8bre acteur Steve Buscemi. <strong>Cette saison cherchera \u00e0 int\u00e9grer les \u00e9tudiants marginaux de mani\u00e8re plus festive, avec une approche nettement diff\u00e9rente de celle de sa pr\u00e9d\u00e9cesseure, l&#8217;ancienne directrice Larissa Weems.<\/strong><\/p>\n\n\n<h2 class=\"wp-block-heading\">Comment Wednesday s&#8217;adaptera-t-elle \u00e0 ces changements ?<\/h2>\n\n\n<p class=\"wp-block-paragraph\">Dort, qui a promis de corriger les erreurs de Weems, a d\u00e9clar\u00e9 que l&#8217;\u00e9cole a \u00e9t\u00e9 confront\u00e9e \u00e0 des attaques l&#8217;ann\u00e9e derni\u00e8re en raison de sa gestion. Apparemment, <strong>la narration de la nouvelle saison se concentrera sur la culpabilit\u00e9 qui retombera sur la directrice d\u00e9c\u00e9d\u00e9e tout en introduisant de nouveaux \u00e9tudiants<\/strong>, y compris Pugsley, qui poss\u00e8de d\u00e9sormais la capacit\u00e9 de manipuler l&#8217;\u00e9lectricit\u00e9, h\u00e9rit\u00e9e de son oncle Fester.<\/p>\n\n\n<p class=\"wp-block-paragraph\">Parmi les \u00e9v\u00e9nements annonc\u00e9s pour cette saison, on trouve le Jour des blagues, le Jour du souvenir et le Camp Outcast, promettant une s\u00e9rie d&#8217;activit\u00e9s qui favoriseront la c\u00e9l\u00e9bration des diff\u00e9rences plut\u00f4t que l&#8217;int\u00e9gration traditionnelle dans un monde normie. <strong>Plusieurs surprises suivront en cours de route, car les fans pourront s&#8217;inscrire en tant qu&#8217;\u00e9tudiants sur le site web de l&#8217;acad\u00e9mie, nevermoreacademy.com.<\/strong><\/p>\n\n\n<p class=\"wp-block-paragraph\">Cependant, la plus grande question qui reste est <strong>comment Wednesday r\u00e9agira \u00e0 cette nouvelle direction optimiste et ouverte \u00e0 la reconnaissance des singularit\u00e9s des exclus<\/strong>. Alors que l&#8217;approche de Dort semble s&#8217;aligner davantage avec l&#8217;authenticit\u00e9 de ces \u00e9tudiants, il est incertain que son style de leadership et son d\u00e9sir d&#8217;\u00e9tablir un environnement plus festif coexistent avec la personnalit\u00e9 sombre et irr\u00e9v\u00e9rencieuse de Wednesday.<\/p>\n\n\n<figure class=\"wp-block-embed is-type-video is-provider-youtube wp-block-embed-youtube wp-embed-aspect-16-9 wp-has-aspect-ratio\"><div class=\"wp-block-embed__wrapper\">\n<iframe loading=\"lazy\" title=\"Wednesday: Season 2 | Official Teaser Trailer | Netflix\" width=\"840\" height=\"473\" src=\"https:\/\/www.youtube.com\/embed\/uQx8jKiIDTI?feature=oembed\" frameborder=\"0\" allow=\"accelerometer; autoplay; clipboard-write; encrypted-media; gyroscope; picture-in-picture; web-share\" referrerpolicy=\"strict-origin-when-cross-origin\" allowfullscreen><\/iframe>\n<\/div><\/figure>\n\n\n<p class=\"wp-block-paragraph\">\u00c0 l&#8217;approche de la premi\u00e8re, les fans de la s\u00e9rie gardent l&#8217;attente sur <strong>comment se d\u00e9rouleront les dynamiques \u00e0 l&#8217;Acad\u00e9mie Nevermore et quels d\u00e9fis la jeune protagoniste devra relever<\/strong> dans cette nouvelle \u00e9tape.<\/p>\n","protected":false},"excerpt":{"rendered":"<p>La saison 2 de Wednesday est d\u00e9j\u00e0 \u00e0 l&#8217;horizon, pr\u00e9sentant un nouveau directeur \u00e0 Nevermore Academy, Barry Dort, interpr\u00e9t\u00e9 par l&#8217;acteur connu Steve Buscemi. Cette saison cherchera \u00e0 int\u00e9grer les \u00e9tudiants marginaux de mani\u00e8re plus c\u00e9l\u00e9bratoire, avec une approche nettement diff\u00e9rente de celle de sa pr\u00e9d\u00e9cesseure, l&#8217;ancienne directrice Larissa Weems. Comment Wednesday s&#8217;adaptera-t-elle \u00e0 ces changements ? Dort, qui a promis de corriger les erreurs de Weems, a d\u00e9clar\u00e9 que l&#8217;\u00e9cole avait \u00e9t\u00e9 confront\u00e9e \u00e0 des attaques l&#8217;ann\u00e9e derni\u00e8re en raison de sa gestion. Apparemment, la narration de la nouvelle saison se concentrera sur la culpabilit\u00e9 qui retombera [&hellip;]<\/p>\n","protected":false},"author":9317,"featured_media":169704,"comment_status":"closed","ping_status":"closed","sticky":false,"template":"","format":"standard","meta":{"footnotes":"","wpcf-pageviews":0},"categories":[16761],"tags":[23215,5200,24042,24043,19029],"usertag":[],"vertical":[],"content-category":[],"class_list":["post-169687","post","type-post","status-publish","format-standard","has-post-thumbnail","hentry","category-news","tag-miercoles","tag-netflix","tag-nevermore-academy","tag-outcasts","tag-wednesday"],"aioseo_notices":[],"_links":{"self":[{"href":"https:\/\/cms-articles.softonic.io\/fr\/wp-json\/wp\/v2\/posts\/169687","targetHints":{"allow":["GET"]}}],"collection":[{"href":"https:\/\/cms-articles.softonic.io\/fr\/wp-json\/wp\/v2\/posts"}],"about":[{"href":"https:\/\/cms-articles.softonic.io\/fr\/wp-json\/wp\/v2\/types\/post"}],"author":[{"embeddable":true,"href":"https:\/\/cms-articles.softonic.io\/fr\/wp-json\/wp\/v2\/users\/9317"}],"replies":[{"embeddable":true,"href":"https:\/\/cms-articles.softonic.io\/fr\/wp-json\/wp\/v2\/comments?post=169687"}],"version-history":[{"count":2,"href":"https:\/\/cms-articles.softonic.io\/fr\/wp-json\/wp\/v2\/posts\/169687\/revisions"}],"predecessor-version":[{"id":169706,"href":"https:\/\/cms-articles.softonic.io\/fr\/wp-json\/wp\/v2\/posts\/169687\/revisions\/169706"}],"wp:featuredmedia":[{"embeddable":true,"href":"https:\/\/cms-articles.softonic.io\/fr\/wp-json\/wp\/v2\/media\/169704"}],"wp:attachment":[{"href":"https:\/\/cms-articles.softonic.io\/fr\/wp-json\/wp\/v2\/media?parent=169687"}],"wp:term":[{"taxonomy":"category","embeddable":true,"href":"https:\/\/cms-articles.softonic.io\/fr\/wp-json\/wp\/v2\/categories?post=169687"},{"taxonomy":"post_tag","embeddable":true,"href":"https:\/\/cms-articles.softonic.io\/fr\/wp-json\/wp\/v2\/tags?post=169687"},{"taxonomy":"usertag","embeddable":true,"href":"https:\/\/cms-articles.softonic.io\/fr\/wp-json\/wp\/v2\/usertag?post=169687"},{"taxonomy":"vertical","embeddable":true,"href":"https:\/\/cms-articles.softonic.io\/fr\/wp-json\/wp\/v2\/vertical?post=169687"},{"taxonomy":"content-category","embeddable":true,"href":"https:\/\/cms-articles.softonic.io\/fr\/wp-json\/wp\/v2\/content-category?post=169687"}],"curies":[{"name":"wp","href":"https:\/\/api.w.org\/{rel}","templated":true}]}}