{"id":171364,"date":"2025-07-09T16:15:18","date_gmt":"2025-07-09T15:15:18","guid":{"rendered":"https:\/\/cms-articles.softonic.io\/es\/?p=389293"},"modified":"2025-07-09T16:24:41","modified_gmt":"2025-07-09T15:24:41","slug":"il-est-confirme-que-le-prochain-realisateur-de-james-bond-dirigera-dabord-le-troisieme-volet-de-son-dernier-grand-succes","status":"publish","type":"post","link":"https:\/\/cms-articles.softonic.io\/fr\/il-est-confirme-que-le-prochain-realisateur-de-james-bond-dirigera-dabord-le-troisieme-volet-de-son-dernier-grand-succes\/","title":{"rendered":"Il est confirm\u00e9 que le prochain r\u00e9alisateur de James Bond dirigera d&#039;abord le troisi\u00e8me volet de son dernier grand succ\u00e8s"},"content":{"rendered":"\n<p>Le r\u00e9alisateur Denis Villeneuve et le cin\u00e9aste reconnu Christopher Nolan ont d\u00e9montr\u00e9 \u00e0 plusieurs reprises le respect mutuel qu&#8217;ils se portent, bien qu&#8217;il existe \u00e9galement une saine comp\u00e9tition entre les deux. R\u00e9cemment, <strong>certains malentendus concernant l&#8217;utilisation des cam\u00e9ras IMAX dans Dune : Part 3 ont \u00e9t\u00e9 clarifi\u00e9s, apr\u00e8s qu&#8217;il a \u00e9t\u00e9 rapport\u00e9 que Villeneuve filmerait le film enti\u00e8rement avec cette technologie<\/strong>. Cependant, il a \u00e9t\u00e9 confirm\u00e9 que seules certaines sc\u00e8nes seront tourn\u00e9es avec des cam\u00e9ras IMAX, une d\u00e9cision qui s&#8217;aligne avec les pratiques standards de plusieurs superproductions r\u00e9centes.<\/p>\n\n\n<h2 class=\"wp-block-heading\">Dune aura une troisi\u00e8me partie, mais elle ne s&#8217;appellera pas comme le livre<\/h2>\n\n\n<p>Le titre officiel du troisi\u00e8me volet de la saga, <strong>Dune: Part 3, a \u00e9t\u00e9 confirm\u00e9 par Warner Bros., et il a \u00e9t\u00e9 d\u00e9cid\u00e9 de ne pas inclure le mot Messie dans son nom, malgr\u00e9 le lien avec le roman original de Frank Herbert<\/strong>. La soci\u00e9t\u00e9 a pr\u00e9f\u00e9r\u00e9 \u00e9viter les risques avec sa strat\u00e9gie promotionnelle, surtout en tenant compte du succ\u00e8s des volets pr\u00e9c\u00e9dents.<\/p>\n\n\n<figure class=\"wp-block-embed is-type-video is-provider-youtube wp-block-embed-youtube wp-embed-aspect-16-9 wp-has-aspect-ratio\"><div class=\"wp-block-embed__wrapper\">\n<iframe loading=\"lazy\" title=\"Dune - Tr\u00e1iler Oficial\" width=\"840\" height=\"473\" src=\"https:\/\/www.youtube.com\/embed\/mSY_NbSmaUI?feature=oembed\" frameborder=\"0\" allow=\"accelerometer; autoplay; clipboard-write; encrypted-media; gyroscope; picture-in-picture; web-share\" referrerpolicy=\"strict-origin-when-cross-origin\" allowfullscreen><\/iframe>\n<\/div><\/figure>\n\n\n<p>Le film mettra \u00e0 nouveau en vedette les performances de Timoth\u00e9e Chalamet, Zendaya et Jason Momoa, ce dernier revenant dans la saga apr\u00e8s son absence dans la deuxi\u00e8me partie. <strong>Dune : Partie 3 sera, de plus, le dernier film r\u00e9alis\u00e9 par Villeneuve dans cet univers<\/strong>. Son avenir en tant que r\u00e9alisateur semble assur\u00e9, car il a \u00e9t\u00e9 confirm\u00e9 qu&#8217;il prendra en charge le reboot tant attendu de James Bond apr\u00e8s avoir termin\u00e9 la production de Dune 3.<\/p>\n\n\n<p>Le d\u00e9but du tournage de Dune : Part 3 est pr\u00e9vu pour commencer bient\u00f4t. <strong>Ce calendrier serr\u00e9 pourrait influencer la relation entre Villeneuve et le projet de Nolan, qui est encore en plein tournage de son propre film, L&#8217;odyss\u00e9e<\/strong>. Bien que cette situation suscite des sp\u00e9culations, l&#8217;impact exact sur les projets des deux r\u00e9alisateurs reste \u00e0 d\u00e9finir.<\/p>\n\n<div class=\"sc-card-program\">\r\n  <div class=\"sc-card-program__body\">\r\n    <div class=\"sc-card-program__row clearfix\">\r\n      <div class=\"sc-card-program__col-logo\">\r\n        <img decoding=\"async\" class=\"sc-card-program__img\" src=\"https:\/\/images.sftcdn.net\/images\/t_app-icon-s\/p\/c162012f-3d10-436b-a6b5-fde423154d8c\/3464089414\/amazon-prime-video-download-amazon-prime-video.jpg\" alt=\"Amazon Prime Video\" width=\"100px\" height=\"100px\">\r\n      <\/div>\r\n      <div class=\"sc-card-program__col-title\">\r\n        <span class=\"sc-card-program__title\">Amazon Prime Video<\/span>\r\n        <a class=\"sc-card-program__button sc-card-program-internal\" href=\"https:\/\/amazon-prime-video.softonic.com\/\" target=\"_self\" rel=\"noopener noreferrer\">T\u00c9L\u00c9CHARGER<\/a>\r\n      <\/div>\r\n      <div class=\"sc-card-program__col-rating\">\r\n        \r\n      <\/div>\r\n    <\/div>\r\n    <div class=\"sc-card-program__row\">\r\n      <span class=\"sc-card-program__description\"><\/span>\r\n    <\/div>\r\n    <div class=\"sc-card-program__row\">\r\n      <img decoding=\"async\" class=\"sc-card-program__bigpic\" src=\"\">\r\n    <\/div>\r\n    <a class=\"sc-card-program__link track-link sc-card-program-internal\" href=\"https:\/\/amazon-prime-video.softonic.com\/\" target=\"_self\" rel=\"noopener noreferrer\"><\/a>\r\n  <\/div>\r\n<\/div>\n","protected":false},"excerpt":{"rendered":"<p>Le r\u00e9alisateur Denis Villeneuve et le cin\u00e9aste reconnu Christopher Nolan ont d\u00e9montr\u00e9 \u00e0 plusieurs reprises le respect mutuel qu&#8217;ils se portent, bien qu&#8217;il existe \u00e9galement une saine comp\u00e9tition entre les deux. R\u00e9cemment, certains malentendus concernant l&#8217;utilisation des cam\u00e9ras IMAX dans Dune : Part 3 ont \u00e9t\u00e9 clarifi\u00e9s, apr\u00e8s qu&#8217;il a \u00e9t\u00e9 rapport\u00e9 que Villeneuve filmerait le film enti\u00e8rement avec cette technologie. Cependant, il a \u00e9t\u00e9 confirm\u00e9 que seules certaines sc\u00e8nes seront tourn\u00e9es avec des cam\u00e9ras IMAX, une d\u00e9cision qui s&#8217;aligne avec les pratiques standards de plusieurs superproductions r\u00e9centes. Dune aura une troisi\u00e8me partie, mais elle ne s&#8217;appellera pas comme le livre Le titre [&hellip;]<\/p>\n","protected":false},"author":9318,"featured_media":171365,"comment_status":"closed","ping_status":"closed","sticky":false,"template":"","format":"standard","meta":{"footnotes":"","wpcf-pageviews":0},"categories":[16761],"tags":[14902,18636,24943,19650,22739,24944,17200],"usertag":[],"vertical":[],"content-category":[18130],"class_list":["post-171364","post","type-post","status-publish","format-standard","has-post-thumbnail","hentry","category-news","tag-christopher-nolan","tag-denis-villeneuve","tag-dune-part-3","tag-frank-herbert","tag-imax","tag-la-odisea","tag-warner-bros","content-category-streaming-videos"],"aioseo_notices":[],"_links":{"self":[{"href":"https:\/\/cms-articles.softonic.io\/fr\/wp-json\/wp\/v2\/posts\/171364","targetHints":{"allow":["GET"]}}],"collection":[{"href":"https:\/\/cms-articles.softonic.io\/fr\/wp-json\/wp\/v2\/posts"}],"about":[{"href":"https:\/\/cms-articles.softonic.io\/fr\/wp-json\/wp\/v2\/types\/post"}],"author":[{"embeddable":true,"href":"https:\/\/cms-articles.softonic.io\/fr\/wp-json\/wp\/v2\/users\/9318"}],"replies":[{"embeddable":true,"href":"https:\/\/cms-articles.softonic.io\/fr\/wp-json\/wp\/v2\/comments?post=171364"}],"version-history":[{"count":2,"href":"https:\/\/cms-articles.softonic.io\/fr\/wp-json\/wp\/v2\/posts\/171364\/revisions"}],"predecessor-version":[{"id":171373,"href":"https:\/\/cms-articles.softonic.io\/fr\/wp-json\/wp\/v2\/posts\/171364\/revisions\/171373"}],"wp:featuredmedia":[{"embeddable":true,"href":"https:\/\/cms-articles.softonic.io\/fr\/wp-json\/wp\/v2\/media\/171365"}],"wp:attachment":[{"href":"https:\/\/cms-articles.softonic.io\/fr\/wp-json\/wp\/v2\/media?parent=171364"}],"wp:term":[{"taxonomy":"category","embeddable":true,"href":"https:\/\/cms-articles.softonic.io\/fr\/wp-json\/wp\/v2\/categories?post=171364"},{"taxonomy":"post_tag","embeddable":true,"href":"https:\/\/cms-articles.softonic.io\/fr\/wp-json\/wp\/v2\/tags?post=171364"},{"taxonomy":"usertag","embeddable":true,"href":"https:\/\/cms-articles.softonic.io\/fr\/wp-json\/wp\/v2\/usertag?post=171364"},{"taxonomy":"vertical","embeddable":true,"href":"https:\/\/cms-articles.softonic.io\/fr\/wp-json\/wp\/v2\/vertical?post=171364"},{"taxonomy":"content-category","embeddable":true,"href":"https:\/\/cms-articles.softonic.io\/fr\/wp-json\/wp\/v2\/content-category?post=171364"}],"curies":[{"name":"wp","href":"https:\/\/api.w.org\/{rel}","templated":true}]}}