{"id":172794,"date":"2025-07-28T12:00:30","date_gmt":"2025-07-28T11:00:30","guid":{"rendered":"https:\/\/cms-articles.softonic.io\/es\/?p=391380"},"modified":"2025-07-28T12:01:46","modified_gmt":"2025-07-28T11:01:46","slug":"la-connexion-emotionnelle-derriere-les-creations-de-ryan-meinerding-pour-marvel","status":"publish","type":"post","link":"https:\/\/cms-articles.softonic.io\/fr\/la-connexion-emotionnelle-derriere-les-creations-de-ryan-meinerding-pour-marvel\/","title":{"rendered":"La connexion \u00e9motionnelle derri\u00e8re les cr\u00e9ations de Ryan Meinerding pour Marvel"},"content":{"rendered":"\n<p class=\"wp-block-paragraph\">Ryan Meinerding, un nom iconique dans l&#8217;univers cin\u00e9matographique de Marvel, vit un moment remarquable de r\u00e9flexion et de connexion avec son pass\u00e9.<strong> Depuis ses d\u00e9buts dans la franchise, il a \u00e9t\u00e9 une pi\u00e8ce ma\u00eetresse dans la cr\u00e9ation de l&#8217;esth\u00e9tique visuelle qui caract\u00e9rise les films de Marvel.<\/strong> Sa relation avec l&#8217;univers Marvel a commenc\u00e9 bien avant qu&#8217;il ne rejoigne la soci\u00e9t\u00e9, lorsqu&#8217;\u00e0 l&#8217;adolescence, il admirait des personnages comme La Chose et se consacrait \u00e0 les dessiner.<\/p>\n\n\n<h2 class=\"wp-block-heading\">D&#8217;abord fan et maintenant cr\u00e9ateur<\/h2>\n\n\n<p class=\"wp-block-paragraph\">Un de ces croquis, r\u00e9alis\u00e9 par le jeune Meinerding, a \u00e9t\u00e9 r\u00e9cup\u00e9r\u00e9 et pr\u00e9sent\u00e9 dans son r\u00e9cent livre intitul\u00e9 Marvel Studios : The Art of Ryan Meinerding. Cette \u0153uvre c\u00e9l\u00e8bre non seulement son parcours en tant qu&#8217;illustrateur, mais examine \u00e9galement sa <strong>\u00e9volution artistique et sa contribution importante au d\u00e9veloppement des films Marvel depuis leurs d\u00e9buts<\/strong>. Son travail a \u00e9t\u00e9 fondamental pour donner vie aux personnages iconiques qui ont r\u00e9sonn\u00e9 avec des audiences du monde entier.<\/p>\n\n\n<p class=\"wp-block-paragraph\">La connexion \u00e9motionnelle que Meinerding ressent avec La Chose, membre de l&#8217;\u00e9quipe de super-h\u00e9ros connue sous le nom des Quatre Fantastiques, refl\u00e8te \u00e9galement une exp\u00e9rience partag\u00e9e par de nombreux fans qui ont grandi avec ces personnages. Ce lien personnel a non seulement influenc\u00e9 son travail, mais a \u00e9galement ajout\u00e9 une <strong>dimension plus humaine \u00e0 son art, en essayant de capturer l&#8217;essence et la complexit\u00e9 des personnages qu&#8217;il a aid\u00e9 \u00e0 cr\u00e9er.<\/strong><\/p>\n\n\n<figure class=\"wp-block-embed is-type-video is-provider-youtube wp-block-embed-youtube wp-embed-aspect-16-9 wp-has-aspect-ratio\"><div class=\"wp-block-embed__wrapper\">\n<iframe loading=\"lazy\" title=\"The Fantastic Four: First Steps | Final Trailer | Only in Theaters July 25\" width=\"840\" height=\"473\" src=\"https:\/\/www.youtube.com\/embed\/18QQWa5MEcs?feature=oembed\" frameborder=\"0\" allow=\"accelerometer; autoplay; clipboard-write; encrypted-media; gyroscope; picture-in-picture; web-share\" referrerpolicy=\"strict-origin-when-cross-origin\" allowfullscreen><\/iframe>\n<\/div><\/figure>\n\n\n<p class=\"wp-block-paragraph\">\u00c0 mesure que le MCU continue de s&#8217;\u00e9tendre, l&#8217;h\u00e9ritage de Meinerding devient de plus en plus pertinent. Sa capacit\u00e9 \u00e0 <strong>traduire la vision cr\u00e9ative des sc\u00e9naristes et des r\u00e9alisateurs en illustrations m\u00e9morables a laiss\u00e9 une empreinte ind\u00e9l\u00e9bile dans le monde du cin\u00e9ma<\/strong>. En regardant en arri\u00e8re sur sa carri\u00e8re, il est \u00e9vident que sa passion pour l&#8217;art et son amour pour les personnages ont \u00e9t\u00e9 les moteurs de son parcours r\u00e9ussi chez Marvel.<\/p>\n","protected":false},"excerpt":{"rendered":"<p>Ryan Meinerding, un nom iconique dans l&#8217;univers cin\u00e9matographique de Marvel, vit un moment remarquable de r\u00e9flexion et de connexion avec son pass\u00e9. Depuis ses d\u00e9buts dans la franchise, il a \u00e9t\u00e9 une pi\u00e8ce fondamentale dans la cr\u00e9ation de l&#8217;esth\u00e9tique visuelle qui caract\u00e9rise les films de Marvel. Sa relation avec l&#8217;univers Marvel a commenc\u00e9 bien avant qu&#8217;il ne rejoigne la soci\u00e9t\u00e9, lorsqu&#8217;\u00e0 l&#8217;adolescence, il admirait des personnages comme La Chose et se consacrait \u00e0 les dessiner. D&#8217;abord fan et maintenant cr\u00e9ateur, l&#8217;un de ces croquis, r\u00e9alis\u00e9 par le jeune Meinerding, a \u00e9t\u00e9 r\u00e9cup\u00e9r\u00e9 et pr\u00e9sent\u00e9 dans son r\u00e9cent livre intitul\u00e9 [&hellip;]<\/p>\n","protected":false},"author":9317,"featured_media":172795,"comment_status":"closed","ping_status":"closed","sticky":false,"template":"","format":"standard","meta":{"footnotes":"","wpcf-pageviews":0},"categories":[16761],"tags":[19297,25362,9247,25562,25563,25564,25565],"usertag":[],"vertical":[],"content-category":[],"class_list":["post-172794","post","type-post","status-publish","format-standard","has-post-thumbnail","hentry","category-news","tag-la-cosa","tag-los-4-fantasticos-2","tag-marvel","tag-peliculas-marvel","tag-ryan-meinerding","tag-the-factastic-4","tag-the-thing"],"aioseo_notices":[],"_links":{"self":[{"href":"https:\/\/cms-articles.softonic.io\/fr\/wp-json\/wp\/v2\/posts\/172794","targetHints":{"allow":["GET"]}}],"collection":[{"href":"https:\/\/cms-articles.softonic.io\/fr\/wp-json\/wp\/v2\/posts"}],"about":[{"href":"https:\/\/cms-articles.softonic.io\/fr\/wp-json\/wp\/v2\/types\/post"}],"author":[{"embeddable":true,"href":"https:\/\/cms-articles.softonic.io\/fr\/wp-json\/wp\/v2\/users\/9317"}],"replies":[{"embeddable":true,"href":"https:\/\/cms-articles.softonic.io\/fr\/wp-json\/wp\/v2\/comments?post=172794"}],"version-history":[{"count":2,"href":"https:\/\/cms-articles.softonic.io\/fr\/wp-json\/wp\/v2\/posts\/172794\/revisions"}],"predecessor-version":[{"id":172806,"href":"https:\/\/cms-articles.softonic.io\/fr\/wp-json\/wp\/v2\/posts\/172794\/revisions\/172806"}],"wp:featuredmedia":[{"embeddable":true,"href":"https:\/\/cms-articles.softonic.io\/fr\/wp-json\/wp\/v2\/media\/172795"}],"wp:attachment":[{"href":"https:\/\/cms-articles.softonic.io\/fr\/wp-json\/wp\/v2\/media?parent=172794"}],"wp:term":[{"taxonomy":"category","embeddable":true,"href":"https:\/\/cms-articles.softonic.io\/fr\/wp-json\/wp\/v2\/categories?post=172794"},{"taxonomy":"post_tag","embeddable":true,"href":"https:\/\/cms-articles.softonic.io\/fr\/wp-json\/wp\/v2\/tags?post=172794"},{"taxonomy":"usertag","embeddable":true,"href":"https:\/\/cms-articles.softonic.io\/fr\/wp-json\/wp\/v2\/usertag?post=172794"},{"taxonomy":"vertical","embeddable":true,"href":"https:\/\/cms-articles.softonic.io\/fr\/wp-json\/wp\/v2\/vertical?post=172794"},{"taxonomy":"content-category","embeddable":true,"href":"https:\/\/cms-articles.softonic.io\/fr\/wp-json\/wp\/v2\/content-category?post=172794"}],"curies":[{"name":"wp","href":"https:\/\/api.w.org\/{rel}","templated":true}]}}