{"id":174852,"date":"2025-08-21T15:10:24","date_gmt":"2025-08-21T14:10:24","guid":{"rendered":"https:\/\/cms-articles.softonic.io\/es\/?p=393779"},"modified":"2025-08-21T15:53:32","modified_gmt":"2025-08-21T14:53:32","slug":"saw-11-a-ete-annule-mais-tous-ses-details-ont-ete-reveles","status":"publish","type":"post","link":"https:\/\/cms-articles.softonic.io\/fr\/saw-11-a-ete-annule-mais-tous-ses-details-ont-ete-reveles\/","title":{"rendered":"Saw 11 a \u00e9t\u00e9 annul\u00e9, mais tous ses d\u00e9tails ont \u00e9t\u00e9 r\u00e9v\u00e9l\u00e9s"},"content":{"rendered":"\n<p>Oren Koules, producteur de la s\u00e9rie \u00e0 succ\u00e8s Saw, a confirm\u00e9 que Saw 11 ne se fera pas en raison de d\u00e9saccords cr\u00e9atifs avec son partenaire de production Mark Burg. Koules a indiqu\u00e9 qu&#8217;il existait des diff\u00e9rences significatives sur la direction que devait prendre le film, ce qui a motiv\u00e9 l&#8217;annulation du projet, <strong>qui \u00e9tait en d\u00e9veloppement chez Lionsgate avec une date de sortie tentative pour septembre 2025<\/strong>.<\/p>\n\n\n<h2 class=\"wp-block-heading\">Un film avec une chronologie tr\u00e8s claire<\/h2>\n\n\n<p>Bien que l&#8217;annulation ait \u00e9t\u00e9 surprenante, Koules avait pr\u00e9c\u00e9demment partag\u00e9 son enthousiasme pour le retour de Synn\u00f8ve Macody Lund, qui a interpr\u00e9t\u00e9 la m\u00e9chante Cecilia Pederson dans Saw X. Selon lui, <strong>le sc\u00e9nario qu&#8217;ils avaient pr\u00e9vu continuait l&#8217;histoire seulement 30 secondes apr\u00e8s la fin de Saw X<\/strong>. Cependant, le conflit entre Koules et Burg, ainsi que les tensions internes chez Lionsgate, ont finalement conduit \u00e0 la d\u00e9cision de rejeter le film.<\/p>\n\n\n<figure class=\"wp-block-embed is-type-video is-provider-youtube wp-block-embed-youtube wp-embed-aspect-16-9 wp-has-aspect-ratio\"><div class=\"wp-block-embed__wrapper\">\n<iframe loading=\"lazy\" title=\"SAW X (2023) Official Trailer \u2013 Tobin Bell\" width=\"840\" height=\"473\" src=\"https:\/\/www.youtube.com\/embed\/t3PzUo4P21c?feature=oembed\" frameborder=\"0\" allow=\"accelerometer; autoplay; clipboard-write; encrypted-media; gyroscope; picture-in-picture; web-share\" referrerpolicy=\"strict-origin-when-cross-origin\" allowfullscreen><\/iframe>\n<\/div><\/figure>\n\n\n<p>Un facteur notable dans cette situation est l&#8217;acquisition r\u00e9cente des droits de la franchise Saw par Blumhouse, ce qui indique que Twisted Pictures, <strong>le studio qui a produit toutes les livraisons pr\u00e9c\u00e9dentes, ne sera pas directement impliqu\u00e9 dans les futures productions<\/strong>. Avec cette transaction, le cr\u00e9ateur original de la s\u00e9rie, James Wan, pourrait avoir l&#8217;opportunit\u00e9 de revenir en tant qu&#8217;\u00e9crivain et r\u00e9alisateur dans une hypoth\u00e9tique onzi\u00e8me livraison.<\/p>\n\n\n<p>Il convient de souligner que Wan avait initialement \u00e9t\u00e9 li\u00e9 \u00e0 la franchise, en r\u00e9alisant et en \u00e9crivant le premier film en 2004, ainsi que les deux premi\u00e8res suites. <strong>Il est possible qu&#8217;avec les droits de Saw entre les mains de Blumhouse, Wan reprenne son r\u00f4le cr\u00e9atif dans de futurs projets<\/strong>. La sc\u00e8ne d&#8217;horreur est attentive \u00e0 la mani\u00e8re dont cette nouvelle \u00e9tape se d\u00e9roulera pour l&#8217;une des sagas les plus embl\u00e9matiques du cin\u00e9ma d&#8217;horreur.<\/p>\n\n<div class=\"sc-card-program\">\r\n  <div class=\"sc-card-program__body\">\r\n    <div class=\"sc-card-program__row clearfix\">\r\n      <div class=\"sc-card-program__col-logo\">\r\n        <img decoding=\"async\" class=\"sc-card-program__img\" src=\"https:\/\/images.sftcdn.net\/images\/t_app-icon-s\/p\/c162012f-3d10-436b-a6b5-fde423154d8c\/3464089414\/amazon-prime-video-download-amazon-prime-video.jpg\" alt=\"Amazon Prime Video\" width=\"100px\" height=\"100px\">\r\n      <\/div>\r\n      <div class=\"sc-card-program__col-title\">\r\n        <span class=\"sc-card-program__title\">Amazon Prime Video<\/span>\r\n        <a class=\"sc-card-program__button sc-card-program-internal\" href=\"https:\/\/amazon-prime-video.softonic.com\/\" target=\"_self\" rel=\"noopener noreferrer\">T\u00c9L\u00c9CHARGER<\/a>\r\n      <\/div>\r\n      <div class=\"sc-card-program__col-rating\">\r\n        \r\n      <\/div>\r\n    <\/div>\r\n    <div class=\"sc-card-program__row\">\r\n      <span class=\"sc-card-program__description\"><\/span>\r\n    <\/div>\r\n    <div class=\"sc-card-program__row\">\r\n      <img decoding=\"async\" class=\"sc-card-program__bigpic\" src=\"\">\r\n    <\/div>\r\n    <a class=\"sc-card-program__link track-link sc-card-program-internal\" href=\"https:\/\/amazon-prime-video.softonic.com\/\" target=\"_self\" rel=\"noopener noreferrer\"><\/a>\r\n  <\/div>\r\n<\/div>\n","protected":false},"excerpt":{"rendered":"<p>Oren Koules, producteur de la s\u00e9rie \u00e0 succ\u00e8s Saw, a confirm\u00e9 que Saw 11 ne se fera pas en raison de d\u00e9saccords cr\u00e9atifs avec son partenaire de production Mark Burg. Koules a indiqu\u00e9 qu&#8217;il existait des diff\u00e9rences significatives sur la direction que devait prendre le film, ce qui a motiv\u00e9 l&#8217;annulation du projet, qui \u00e9tait en d\u00e9veloppement chez Lionsgate avec une date de sortie tentative pour septembre 2025. Un film avec une chronologie tr\u00e8s claire Bien que l&#8217;annulation ait \u00e9t\u00e9 surprenante, Koules avait pr\u00e9c\u00e9demment partag\u00e9 son enthousiasme pour le retour de Synn\u00f8ve Macody Lund, qui a interpr\u00e9t\u00e9 la m\u00e9chante [&hellip;]<\/p>\n","protected":false},"author":9318,"featured_media":174853,"comment_status":"closed","ping_status":"closed","sticky":false,"template":"","format":"standard","meta":{"footnotes":"","wpcf-pageviews":0},"categories":[16761],"tags":[22284,23526,21292,26573,26574,26575,23528,26576],"usertag":[],"vertical":[],"content-category":[18130],"class_list":["post-174852","post","type-post","status-publish","format-standard","has-post-thumbnail","hentry","category-news","tag-blumhouse","tag-james-wan","tag-lionsgate","tag-mark-burg","tag-oren-koules","tag-saw-11","tag-saw-x","tag-twisted-pictures","content-category-streaming-videos"],"aioseo_notices":[],"_links":{"self":[{"href":"https:\/\/cms-articles.softonic.io\/fr\/wp-json\/wp\/v2\/posts\/174852","targetHints":{"allow":["GET"]}}],"collection":[{"href":"https:\/\/cms-articles.softonic.io\/fr\/wp-json\/wp\/v2\/posts"}],"about":[{"href":"https:\/\/cms-articles.softonic.io\/fr\/wp-json\/wp\/v2\/types\/post"}],"author":[{"embeddable":true,"href":"https:\/\/cms-articles.softonic.io\/fr\/wp-json\/wp\/v2\/users\/9318"}],"replies":[{"embeddable":true,"href":"https:\/\/cms-articles.softonic.io\/fr\/wp-json\/wp\/v2\/comments?post=174852"}],"version-history":[{"count":2,"href":"https:\/\/cms-articles.softonic.io\/fr\/wp-json\/wp\/v2\/posts\/174852\/revisions"}],"predecessor-version":[{"id":174857,"href":"https:\/\/cms-articles.softonic.io\/fr\/wp-json\/wp\/v2\/posts\/174852\/revisions\/174857"}],"wp:featuredmedia":[{"embeddable":true,"href":"https:\/\/cms-articles.softonic.io\/fr\/wp-json\/wp\/v2\/media\/174853"}],"wp:attachment":[{"href":"https:\/\/cms-articles.softonic.io\/fr\/wp-json\/wp\/v2\/media?parent=174852"}],"wp:term":[{"taxonomy":"category","embeddable":true,"href":"https:\/\/cms-articles.softonic.io\/fr\/wp-json\/wp\/v2\/categories?post=174852"},{"taxonomy":"post_tag","embeddable":true,"href":"https:\/\/cms-articles.softonic.io\/fr\/wp-json\/wp\/v2\/tags?post=174852"},{"taxonomy":"usertag","embeddable":true,"href":"https:\/\/cms-articles.softonic.io\/fr\/wp-json\/wp\/v2\/usertag?post=174852"},{"taxonomy":"vertical","embeddable":true,"href":"https:\/\/cms-articles.softonic.io\/fr\/wp-json\/wp\/v2\/vertical?post=174852"},{"taxonomy":"content-category","embeddable":true,"href":"https:\/\/cms-articles.softonic.io\/fr\/wp-json\/wp\/v2\/content-category?post=174852"}],"curies":[{"name":"wp","href":"https:\/\/api.w.org\/{rel}","templated":true}]}}