{"id":174916,"date":"2025-08-21T16:15:41","date_gmt":"2025-08-21T15:15:41","guid":{"rendered":"https:\/\/cms-articles.softonic.io\/es\/?p=393872"},"modified":"2025-08-21T16:16:03","modified_gmt":"2025-08-21T15:16:03","slug":"the-batman-2-vient-de-perdre-lune-de-ses-pieces-maitresses","status":"publish","type":"post","link":"https:\/\/cms-articles.softonic.io\/fr\/the-batman-2-vient-de-perdre-lune-de-ses-pieces-maitresses\/","title":{"rendered":"&#039;The Batman 2&#039; vient de perdre l&#039;une de ses pi\u00e8ces ma\u00eetresses"},"content":{"rendered":"\n<p class=\"wp-block-paragraph\">Greig Fraser, le directeur de la photographie acclam\u00e9 connu pour son travail sur des films comme Dune, The Batman et Rogue One, <strong>a d\u00e9cid\u00e9 de se lancer dans un projet monumental qui l&#8217;\u00e9loignera de l&#8217;univers de Gotham<\/strong>. Fraser rejoindra Sam Mendes pour travailler sur une s\u00e9rie de quatre films sur les Beatles, un engagement qui, selon les informations, prendra environ deux ans.<\/p>\n\n\n<h2 class=\"wp-block-heading\">Nananana, pas Batman !<\/h2>\n\n\n<p class=\"wp-block-paragraph\"><strong>La nouvelle concernant <\/strong><a href=\"https:\/\/www.espinof.com\/proyectos\/the-batman-2-sigue-viva-coleando-su-coguionista-asegura-que-hombre-murcielago-robert-pattinson-volvera-al-set-rodaje-2025\">le d\u00e9part de Fraser de The Batman II<\/a><strong> a suscit\u00e9 des inqui\u00e9tudes<\/strong> au sein de l&#8217;\u00e9quipe de production, car sa vision visuelle a \u00e9t\u00e9 fondamentale pour le succ\u00e8s et l&#8217;unicit\u00e9 du premier film. Son style distinctif, qui incluait l&#8217;utilisation innovante de la technologie LED connue sous le nom de Volume, a contribu\u00e9 \u00e0 cr\u00e9er l&#8217;atmosph\u00e8re unique de The Batman. La production de la suite est pr\u00e9vue pour commencer au printemps 2026, ce qui signifie que le r\u00e9alisateur Matt Reeves devra chercher un nouveau directeur de la photographie avant cette date.<\/p>\n\n\n<p class=\"wp-block-paragraph\">L&#8217;acteur Josh Brolin, lors d&#8217;une r\u00e9cente apparition dans le podcast On Film&#8230;, a confirm\u00e9 que Fraser \u00e9tait engag\u00e9 dans le projet des Beatles, ce qui <strong>limite encore plus sa disponibilit\u00e9 pour des projets suppl\u00e9mentaires, y compris Dune : Part 3<\/strong>. Cet engagement sugg\u00e8re que le directeur de la photographie sera compl\u00e8tement absent du monde des super-h\u00e9ros pendant un temps consid\u00e9rable. Cependant, les d\u00e9tails sur qui pourrait succ\u00e9der \u00e0 Fraser \u00e0 la direction de la photographie de <a href=\"https:\/\/www.espinof.com\/proyectos\/the-batman-2-sigue-viva-coleando-su-coguionista-asegura-que-hombre-murcielago-robert-pattinson-volvera-al-set-rodaje-2025\">The Batman II<\/a> restent encore incertains.<\/p>\n\n\n<figure class=\"wp-block-embed is-type-video is-provider-youtube wp-block-embed-youtube wp-embed-aspect-16-9 wp-has-aspect-ratio\"><div class=\"wp-block-embed__wrapper\">\n<iframe loading=\"lazy\" title=\"The Batman | Official Trailer | Max\" width=\"840\" height=\"473\" src=\"https:\/\/www.youtube.com\/embed\/vc7_mH2PWHs?feature=oembed\" frameborder=\"0\" allow=\"accelerometer; autoplay; clipboard-write; encrypted-media; gyroscope; picture-in-picture; web-share\" referrerpolicy=\"strict-origin-when-cross-origin\" allowfullscreen><\/iframe>\n<\/div><\/figure>\n\n\n<p class=\"wp-block-paragraph\">Les fans de la saga de Batman <strong>ont des raisons de se sentir d\u00e9\u00e7us<\/strong>, \u00e9tant donn\u00e9 que l&#8217;incorporation de Fraser a \u00e9t\u00e9 un facteur cl\u00e9 dans le style visuel qui a d\u00e9fini le premier volet. Avec son d\u00e9part, l&#8217;esth\u00e9tique du nouveau film pourrait diff\u00e9rer de ce que les fans attendaient. Bien que le talent de Reeves en tant que r\u00e9alisateur promette de maintenir la qualit\u00e9, la perte de Fraser se fait sentir comme un coup dur pour l&#8217;\u00e9quipe cr\u00e9ative qui a fait de The Batman une \u0153uvre si marquante dans le genre des super-h\u00e9ros.<\/p>\n","protected":false},"excerpt":{"rendered":"<p>Greig Fraser, le directeur de la photographie acclam\u00e9 connu pour son travail sur des films comme Dune, The Batman et Rogue One, a d\u00e9cid\u00e9 de se lancer dans un projet monumental qui l&#8217;\u00e9loignera de l&#8217;univers de Gotham. Fraser rejoindra Sam Mendes pour travailler sur une s\u00e9rie de quatre films sur les Beatles, un engagement qui, selon les informations, prendra environ deux ans. Nananana, pas Batman ! La nouvelle du d\u00e9part de Fraser de The Batman II a suscit\u00e9 des inqui\u00e9tudes parmi l&#8217;\u00e9quipe de production, car sa vision visuelle a \u00e9t\u00e9 fondamentale pour le succ\u00e8s et l&#8217;unicit\u00e9 du premier film. Son [&hellip;]<\/p>\n","protected":false},"author":9317,"featured_media":174917,"comment_status":"closed","ping_status":"closed","sticky":false,"template":"","format":"standard","meta":{"footnotes":"","wpcf-pageviews":0},"categories":[16761],"tags":[5539,26612],"usertag":[],"vertical":[],"content-category":[],"class_list":["post-174916","post","type-post","status-publish","format-standard","has-post-thumbnail","hentry","category-news","tag-batman","tag-the-batman-2"],"aioseo_notices":[],"_links":{"self":[{"href":"https:\/\/cms-articles.softonic.io\/fr\/wp-json\/wp\/v2\/posts\/174916","targetHints":{"allow":["GET"]}}],"collection":[{"href":"https:\/\/cms-articles.softonic.io\/fr\/wp-json\/wp\/v2\/posts"}],"about":[{"href":"https:\/\/cms-articles.softonic.io\/fr\/wp-json\/wp\/v2\/types\/post"}],"author":[{"embeddable":true,"href":"https:\/\/cms-articles.softonic.io\/fr\/wp-json\/wp\/v2\/users\/9317"}],"replies":[{"embeddable":true,"href":"https:\/\/cms-articles.softonic.io\/fr\/wp-json\/wp\/v2\/comments?post=174916"}],"version-history":[{"count":2,"href":"https:\/\/cms-articles.softonic.io\/fr\/wp-json\/wp\/v2\/posts\/174916\/revisions"}],"predecessor-version":[{"id":174922,"href":"https:\/\/cms-articles.softonic.io\/fr\/wp-json\/wp\/v2\/posts\/174916\/revisions\/174922"}],"wp:featuredmedia":[{"embeddable":true,"href":"https:\/\/cms-articles.softonic.io\/fr\/wp-json\/wp\/v2\/media\/174917"}],"wp:attachment":[{"href":"https:\/\/cms-articles.softonic.io\/fr\/wp-json\/wp\/v2\/media?parent=174916"}],"wp:term":[{"taxonomy":"category","embeddable":true,"href":"https:\/\/cms-articles.softonic.io\/fr\/wp-json\/wp\/v2\/categories?post=174916"},{"taxonomy":"post_tag","embeddable":true,"href":"https:\/\/cms-articles.softonic.io\/fr\/wp-json\/wp\/v2\/tags?post=174916"},{"taxonomy":"usertag","embeddable":true,"href":"https:\/\/cms-articles.softonic.io\/fr\/wp-json\/wp\/v2\/usertag?post=174916"},{"taxonomy":"vertical","embeddable":true,"href":"https:\/\/cms-articles.softonic.io\/fr\/wp-json\/wp\/v2\/vertical?post=174916"},{"taxonomy":"content-category","embeddable":true,"href":"https:\/\/cms-articles.softonic.io\/fr\/wp-json\/wp\/v2\/content-category?post=174916"}],"curies":[{"name":"wp","href":"https:\/\/api.w.org\/{rel}","templated":true}]}}