{"id":174918,"date":"2025-08-21T16:20:50","date_gmt":"2025-08-21T15:20:50","guid":{"rendered":"https:\/\/cms-articles.softonic.io\/es\/?p=393875"},"modified":"2025-08-21T16:21:55","modified_gmt":"2025-08-21T15:21:55","slug":"une-des-meilleures-series-dapple-tv-a-deja-un-trailer-pour-sa-saison-4-et-cest-incroyable","status":"publish","type":"post","link":"https:\/\/cms-articles.softonic.io\/fr\/une-des-meilleures-series-dapple-tv-a-deja-un-trailer-pour-sa-saison-4-et-cest-incroyable\/","title":{"rendered":"Une des meilleures s\u00e9ries d&#039;Apple TV+ a d\u00e9j\u00e0 un trailer pour sa saison 4, et c&#039;est incroyable"},"content":{"rendered":"\n<p class=\"wp-block-paragraph\"><strong>La quatri\u00e8me saison de la s\u00e9rie The Morning Show, acclam\u00e9e par la critique et laur\u00e9ate de plusieurs prix Emmy<\/strong>, est sur le point de revenir. Le spectacle, qui a captiv\u00e9 le public par son traitement de sujets d&#8217;actualit\u00e9 dans le domaine des m\u00e9dias, sera de retour sur <a href=\"https:\/\/www.applesfera.com\/nuevo\/estas-21-mejores-series-apple-tv-critica-aprovecha-seis-meses-gratis-para-verlas\">Apple TV+<\/a> le 17 septembre prochain. \u00c0 partir de cette date, un nouvel \u00e9pisode sera diffus\u00e9 chaque semaine jusqu&#8217;au 19 novembre, pour un total de 10 \u00e9pisodes dans cette nouvelle saison.<\/p>\n\n\n<h2 class=\"wp-block-heading\">Une s\u00e9rie \u00e0 regarder avec un caf\u00e9<\/h2>\n\n\n<p class=\"wp-block-paragraph\">Dans <a href=\"https:\/\/www.applesfera.com\/servicios-apple\/lejos-mi-serie-favorita-apple-tv-fin-trae-buenas-noticias-que-sabemos-segunda-temporada-separacion\">cette saison<\/a>, nous retrouverons Reese Witherspoon dans son r\u00f4le embl\u00e9matique de Bradley Jackson. <strong>La performance de Witherspoon a \u00e9t\u00e9 essentielle au succ\u00e8s de la s\u00e9rie<\/strong>, et son retour promet de continuer \u00e0 explorer les d\u00e9fis et les triomphes de son personnage dans un environnement m\u00e9diatique complexe. \u00c0 ses c\u00f4t\u00e9s, Jon Hamm revient \u00e9galement en tant que Paul Marks, qui a \u00e9t\u00e9 l&#8217;un des antagonistes les plus marquants de la troisi\u00e8me saison. La dynamique entre ces deux personnages offrira s\u00fbrement des moments de tension et d&#8217;intrigue tout au long de la saison.<\/p>\n\n\n<p class=\"wp-block-paragraph\">La bande-annonce de la quatri\u00e8me saison a d\u00e9j\u00e0 \u00e9t\u00e9 lanc\u00e9e, suscitant des attentes parmi les fans concernant ce qui va venir. On y devine de nouvelles intrigues qui pourraient aborder des questions sociales et politiques d&#8217;actualit\u00e9, une marque de fabrique de la s\u00e9rie. <strong>The Morning Show a \u00e9t\u00e9 salu\u00e9e non seulement pour sa narration captivante<\/strong>, mais aussi pour sa capacit\u00e9 \u00e0 refl\u00e9ter des r\u00e9alit\u00e9s contemporaines dans l&#8217;industrie de la t\u00e9l\u00e9vision et du journalisme.<\/p>\n\n\n<figure class=\"wp-block-embed is-type-video is-provider-youtube wp-block-embed-youtube wp-embed-aspect-16-9 wp-has-aspect-ratio\"><div class=\"wp-block-embed__wrapper\">\n<iframe loading=\"lazy\" title=\"The Morning Show \u2014 Season 4 Official Trailer | Apple TV+\" width=\"840\" height=\"473\" src=\"https:\/\/www.youtube.com\/embed\/Klq88ERaGuM?feature=oembed\" frameborder=\"0\" allow=\"accelerometer; autoplay; clipboard-write; encrypted-media; gyroscope; picture-in-picture; web-share\" referrerpolicy=\"strict-origin-when-cross-origin\" allowfullscreen><\/iframe>\n<\/div><\/figure>\n\n\n<p class=\"wp-block-paragraph\">Avec la promesse d&#8217;\u00e9pisodes riches en drame et en dilemmes moraux, la quatri\u00e8me saison de <strong>The Morning Show s&#8217;annonce comme l&#8217;une des premi\u00e8res les plus attendues de cette ann\u00e9e sur la plateforme de streaming<\/strong>. Les fans de la s\u00e9rie, tout comme les nouveaux spectateurs, ne voudront pas manquer le d\u00e9but de cette nouvelle \u00e9tape dans l&#8217;histoire de l&#8217;\u00e9mission.<\/p>\n","protected":false},"excerpt":{"rendered":"<p>La quatri\u00e8me saison de la s\u00e9rie The Morning Show, acclam\u00e9e par la critique et laur\u00e9ate de plusieurs prix Emmy, est sur le point de revenir. Le spectacle, qui a captiv\u00e9 le public par son traitement de sujets d&#8217;actualit\u00e9 dans le domaine des m\u00e9dias, reviendra sur Apple TV+ le 17 septembre prochain. \u00c0 partir de cette date, un nouvel \u00e9pisode sera diffus\u00e9 chaque semaine jusqu&#8217;au 19 novembre, totalisant 10 \u00e9pisodes dans cette nouvelle saison. Une s\u00e9rie \u00e0 regarder avec un caf\u00e9 Dans cette saison, nous retrouverons Reese Witherspoon dans son r\u00f4le [&hellip;]<\/p>\n","protected":false},"author":9317,"featured_media":174919,"comment_status":"closed","ping_status":"closed","sticky":false,"template":"","format":"standard","meta":{"footnotes":"","wpcf-pageviews":0},"categories":[16761],"tags":[18469,24330],"usertag":[],"vertical":[],"content-category":[],"class_list":["post-174918","post","type-post","status-publish","format-standard","has-post-thumbnail","hentry","category-news","tag-apple-tv-2","tag-the-morning-show"],"aioseo_notices":[],"_links":{"self":[{"href":"https:\/\/cms-articles.softonic.io\/fr\/wp-json\/wp\/v2\/posts\/174918","targetHints":{"allow":["GET"]}}],"collection":[{"href":"https:\/\/cms-articles.softonic.io\/fr\/wp-json\/wp\/v2\/posts"}],"about":[{"href":"https:\/\/cms-articles.softonic.io\/fr\/wp-json\/wp\/v2\/types\/post"}],"author":[{"embeddable":true,"href":"https:\/\/cms-articles.softonic.io\/fr\/wp-json\/wp\/v2\/users\/9317"}],"replies":[{"embeddable":true,"href":"https:\/\/cms-articles.softonic.io\/fr\/wp-json\/wp\/v2\/comments?post=174918"}],"version-history":[{"count":2,"href":"https:\/\/cms-articles.softonic.io\/fr\/wp-json\/wp\/v2\/posts\/174918\/revisions"}],"predecessor-version":[{"id":174923,"href":"https:\/\/cms-articles.softonic.io\/fr\/wp-json\/wp\/v2\/posts\/174918\/revisions\/174923"}],"wp:featuredmedia":[{"embeddable":true,"href":"https:\/\/cms-articles.softonic.io\/fr\/wp-json\/wp\/v2\/media\/174919"}],"wp:attachment":[{"href":"https:\/\/cms-articles.softonic.io\/fr\/wp-json\/wp\/v2\/media?parent=174918"}],"wp:term":[{"taxonomy":"category","embeddable":true,"href":"https:\/\/cms-articles.softonic.io\/fr\/wp-json\/wp\/v2\/categories?post=174918"},{"taxonomy":"post_tag","embeddable":true,"href":"https:\/\/cms-articles.softonic.io\/fr\/wp-json\/wp\/v2\/tags?post=174918"},{"taxonomy":"usertag","embeddable":true,"href":"https:\/\/cms-articles.softonic.io\/fr\/wp-json\/wp\/v2\/usertag?post=174918"},{"taxonomy":"vertical","embeddable":true,"href":"https:\/\/cms-articles.softonic.io\/fr\/wp-json\/wp\/v2\/vertical?post=174918"},{"taxonomy":"content-category","embeddable":true,"href":"https:\/\/cms-articles.softonic.io\/fr\/wp-json\/wp\/v2\/content-category?post=174918"}],"curies":[{"name":"wp","href":"https:\/\/api.w.org\/{rel}","templated":true}]}}