{"id":175688,"date":"2025-09-02T19:30:40","date_gmt":"2025-09-02T18:30:40","guid":{"rendered":"https:\/\/cms-articles.softonic.io\/es\/?p=394787"},"modified":"2025-09-02T19:31:56","modified_gmt":"2025-09-02T18:31:56","slug":"la-meilleure-serie-de-2025-demarre-avec-la-presence-de-seth-rogen-a-venise","status":"publish","type":"post","link":"https:\/\/cms-articles.softonic.io\/fr\/la-meilleure-serie-de-2025-demarre-avec-la-presence-de-seth-rogen-a-venise\/","title":{"rendered":"La meilleure s\u00e9rie de 2025 d\u00e9marre avec la pr\u00e9sence de Seth Rogen \u00e0 Venise"},"content":{"rendered":"\n<p class=\"wp-block-paragraph\"><strong>Seth Rogen a \u00e9t\u00e9 r\u00e9cemment aper\u00e7u en train de prendre des photos avec un appareil photo portable <\/strong>durant la pr\u00e9sentation du film The Smashin Machine \u00e0 Venise, un \u00e9v\u00e9nement qui marque le d\u00e9but du lancement du premier film en solo de Benny Safdie en tant que r\u00e9alisateur. La pr\u00e9sence du c\u00e9l\u00e8bre com\u00e9dien a suscit\u00e9 des sp\u00e9culations lors de l&#8217;\u00e9v\u00e9nement, \u00e9tant donn\u00e9 que sa participation n&#8217;avait pas \u00e9t\u00e9 annonc\u00e9e auparavant.<\/p>\n\n\n<h2 class=\"wp-block-heading\">Sal Saperstein, c&#8217;est pour toi !<\/h2>\n\n\n<p class=\"wp-block-paragraph\">Lors d&#8217;une br\u00e8ve interview par la suite, Rogen a confirm\u00e9 que <a href=\"https:\/\/www.espinof.com\/en-rodaje\/seth-rogen-confirma-que-secuela-ninja-turtles-caos-mutante-va-viento-popa-alimenta-hype-su-titulo-cuando-vi-aparecer-me-levante-me-puse-a-aplaudir\">sa pr\u00e9sence \u00e0 Venise n&#8217;\u00e9tait pas juste une visite occasionnelle<\/a>. En r\u00e9alit\u00e9, <strong>cela faisait partie de <\/strong><a href=\"https:\/\/www.sensacine.com\/noticias\/series\/noticia-1000091858\/\">son enqu\u00eate pour la deuxi\u00e8me saison de The Studio<\/a><strong>, sa s\u00e9rie \u00e0 succ\u00e8s<\/strong>, qui a captiv\u00e9 l&#8217;attention du public et de la critique gr\u00e2ce \u00e0 son approche ing\u00e9nieuse de l&#8217;industrie du divertissement. Cette r\u00e9v\u00e9lation sugg\u00e8re que Rogen approfondit le processus cr\u00e9atif et les dynamiques professionnelles du monde cin\u00e9matographique, ce qui pourrait enrichir sa narration dans la prochaine saison.<\/p>\n\n\n<p class=\"wp-block-paragraph\">D&#8217;un autre c\u00f4t\u00e9, The Smashin Machine a attir\u00e9 l&#8217;attention non seulement en raison de sa connexion avec Safdie, un cin\u00e9aste en pleine ascension, mais aussi en raison de l&#8217;int\u00e9r\u00eat qu&#8217;il suscite au sein de la communaut\u00e9 cin\u00e9matographique. <strong>Le film promet d&#8217;offrir un regard unique sur la lutte et le triomphe au sein de l&#8217;industrie<\/strong>, un th\u00e8me que Rogen, en tant que producteur et acteur, a explor\u00e9 dans plusieurs de ses \u0153uvres pr\u00e9c\u00e9dentes. La combinaison d&#8217;une pr\u00e9sentation dans un festival reconnu comme Venise et la participation de figures telles que Rogen et Safdie attirera s\u00fbrement les critiques et les spectateurs.<\/p>\n\n\n<figure class=\"wp-block-embed is-type-video is-provider-youtube wp-block-embed-youtube wp-embed-aspect-16-9 wp-has-aspect-ratio\"><div class=\"wp-block-embed__wrapper\">\n<iframe loading=\"lazy\" title=\"The Smashing Machine | Official Trailer HD | A24\" width=\"840\" height=\"473\" src=\"https:\/\/www.youtube.com\/embed\/aRpnP3LZ99g?feature=oembed\" frameborder=\"0\" allow=\"accelerometer; autoplay; clipboard-write; encrypted-media; gyroscope; picture-in-picture; web-share\" referrerpolicy=\"strict-origin-when-cross-origin\" allowfullscreen><\/iframe>\n<\/div><\/figure>\n\n\n<p class=\"wp-block-paragraph\">Avec cet \u00e9v\u00e9nement, <strong>tant Rogen que Safdie positionnent leurs projets au c\u0153ur de la conversation cin\u00e9matographique<\/strong>, laissant planer l&#8217;attente de ce qui s&#8217;annonce dans leurs trajectoires respectives. Il est devenu \u00e9vident que les connexions entre le film et la s\u00e9rie de Rogen ne sont pas qu&#8217;une simple co\u00efncidence, sugg\u00e9rant que les deux projets pourraient, d&#8217;une certaine mani\u00e8re, s&#8217;influencer mutuellement \u00e0 l&#8217;avenir.<\/p>\n","protected":false},"excerpt":{"rendered":"<p>Seth Rogen a \u00e9t\u00e9 r\u00e9cemment vu en train de prendre des photos avec un appareil photo portable lors de la pr\u00e9sentation du film The Smashin Machine \u00e0 Venise, un \u00e9v\u00e9nement qui marque le d\u00e9but du lancement du premier film en solo de Benny Safdie. La pr\u00e9sence du c\u00e9l\u00e8bre com\u00e9dien a suscit\u00e9 des sp\u00e9culations lors de l&#8217;\u00e9v\u00e9nement, \u00e9tant donn\u00e9 que sa participation n&#8217;avait pas \u00e9t\u00e9 annonc\u00e9e auparavant. Sal Saperstein, c&#8217;est pour toi ! Dans une br\u00e8ve interview par la suite, Rogen a confirm\u00e9 que sa pr\u00e9sence \u00e0 Venise n&#8217;\u00e9tait pas seulement une visite occasionnelle. En r\u00e9alit\u00e9, cela faisait partie de sa recherche pour la deuxi\u00e8me saison de The Studio, sa s\u00e9rie \u00e0 succ\u00e8s, qui a [&hellip;]<\/p>\n","protected":false},"author":9317,"featured_media":175689,"comment_status":"closed","ping_status":"closed","sticky":false,"template":"","format":"standard","meta":{"footnotes":"","wpcf-pageviews":0},"categories":[16761],"tags":[25803,20873,20874],"usertag":[],"vertical":[],"content-category":[],"class_list":["post-175688","post","type-post","status-publish","format-standard","has-post-thumbnail","hentry","category-news","tag-festival-de-venecia","tag-seth-rogen","tag-the-studio"],"aioseo_notices":[],"_links":{"self":[{"href":"https:\/\/cms-articles.softonic.io\/fr\/wp-json\/wp\/v2\/posts\/175688","targetHints":{"allow":["GET"]}}],"collection":[{"href":"https:\/\/cms-articles.softonic.io\/fr\/wp-json\/wp\/v2\/posts"}],"about":[{"href":"https:\/\/cms-articles.softonic.io\/fr\/wp-json\/wp\/v2\/types\/post"}],"author":[{"embeddable":true,"href":"https:\/\/cms-articles.softonic.io\/fr\/wp-json\/wp\/v2\/users\/9317"}],"replies":[{"embeddable":true,"href":"https:\/\/cms-articles.softonic.io\/fr\/wp-json\/wp\/v2\/comments?post=175688"}],"version-history":[{"count":2,"href":"https:\/\/cms-articles.softonic.io\/fr\/wp-json\/wp\/v2\/posts\/175688\/revisions"}],"predecessor-version":[{"id":175695,"href":"https:\/\/cms-articles.softonic.io\/fr\/wp-json\/wp\/v2\/posts\/175688\/revisions\/175695"}],"wp:featuredmedia":[{"embeddable":true,"href":"https:\/\/cms-articles.softonic.io\/fr\/wp-json\/wp\/v2\/media\/175689"}],"wp:attachment":[{"href":"https:\/\/cms-articles.softonic.io\/fr\/wp-json\/wp\/v2\/media?parent=175688"}],"wp:term":[{"taxonomy":"category","embeddable":true,"href":"https:\/\/cms-articles.softonic.io\/fr\/wp-json\/wp\/v2\/categories?post=175688"},{"taxonomy":"post_tag","embeddable":true,"href":"https:\/\/cms-articles.softonic.io\/fr\/wp-json\/wp\/v2\/tags?post=175688"},{"taxonomy":"usertag","embeddable":true,"href":"https:\/\/cms-articles.softonic.io\/fr\/wp-json\/wp\/v2\/usertag?post=175688"},{"taxonomy":"vertical","embeddable":true,"href":"https:\/\/cms-articles.softonic.io\/fr\/wp-json\/wp\/v2\/vertical?post=175688"},{"taxonomy":"content-category","embeddable":true,"href":"https:\/\/cms-articles.softonic.io\/fr\/wp-json\/wp\/v2\/content-category?post=175688"}],"curies":[{"name":"wp","href":"https:\/\/api.w.org\/{rel}","templated":true}]}}