{"id":17688,"date":"2011-09-23T13:00:52","date_gmt":"2011-09-23T11:00:52","guid":{"rendered":"http:\/\/onsoftware.softonic.fr\/?p=17688"},"modified":"2025-06-12T13:20:32","modified_gmt":"2025-06-12T12:20:32","slug":"facebook-timeline","status":"publish","type":"post","link":"https:\/\/cms-articles.softonic.io\/fr\/facebook-timeline\/","title":{"rendered":"Facebook: Comment fonctionne la timeline?"},"content":{"rendered":"<p><img loading=\"lazy\" decoding=\"async\" src=\"https:\/\/articles-img.sftcdn.net\/sft\/articles\/auto-mapping-folder\/sites\/9\/2011\/09\/facebook-timeline-intro.png\" alt=\"\" width=\"250\" height=\"250\" class=\"alignleft size-full wp-image-17703\" \/><a href=\"http:\/\/facebook.softonic.fr\/applications-web\" target=\"_blank\" rel=\"noopener noreferrer\">Facebook<\/a> est en pleine mutation. Apr\u00e8s vous avoir pr\u00e9sent\u00e9 hier le <a href=\"http:\/\/onsoftware.softonic.fr\/facebook-nouvelles-fonctionnalites\" target=\"_blank\" rel=\"noopener noreferrer\">nouveau fil d&#8217;actualit\u00e9<\/a> et les nouvelles fonctionnalit\u00e9s li\u00e9es aux publications de chacun de vos contacts, voici la <strong>Facebook Timeline, annonc\u00e9e par Mark Zuckerberg lors de la conf\u00e9rence F8<\/strong> hier soir. Elle sera lanc\u00e9e petit \u00e0 petit sur le profil de chaque utilisateur dans les prochaines semaines.<\/p>\n<p>&nbsp;<\/p>\n<p>La timeline, qu&#8217;est ce que c&#8217;est? Il s&#8217;agit tout simplement de la <strong>nouvelle page de profil Facebook<\/strong>. En Fran\u00e7ais, elle s&#8217;appelle <em>Journal<\/em>. En tant que nouveau profil d&#8217;utilisateur, elle est la porte d&#8217;entr\u00e9e vers les donn\u00e9es de quelqu&#8217;un, une pr\u00e9sentation personnelle. LaTimeline Facebook se veut <strong>plus pr\u00e9cise et surtout la plus exhaustive<\/strong> possible.<\/p>\n<p>&nbsp;<\/p>\n<p>La page de profil ne se contente plus d&#8217;afficher quelques infos de bases en haut de page avec les derni\u00e8res photos publi\u00e9es, les infos du mur et la liste des amis de cet utilisateur. Le Journal Facebook se comporte dor\u00e9navant comme un <strong>v\u00e9ritable historique complet<\/strong> sous une forme ressemblant assez \u00e0 un v\u00e9ritable site d&#8217;information. Facebook le pr\u00e9sente comme une biographie.<\/p>\n<p>Pourquoi ce nom &#8220;Timeline&#8221;? Tout simplement pour suivre le cours de votre vie, le long d&#8217;une <strong>ligne du temps verticale au milieu de la page<\/strong>, auxquels sont accroch\u00e9es les \u00e9v\u00e8nements qui jalonnent une vie. Pour vous faire une id\u00e9e globale, vous pouvez affiche l&#8217;<a href=\"https:\/\/articles-img.sftcdn.net\/sft\/articles\/auto-mapping-folder\/sites\/9\/2005\/09\/facebook-timeline.jpg\" target=\"_blank\" rel=\"noopener noreferrer\">image de la Timeline<\/a> en plein \u00e9cran<\/p>\n<p>&nbsp;<\/p>\n<p><!--more--><br \/>\n<em>La timeline Facebook se divise en 3 parties plus ou moins distinctes.<\/em><\/p>\n<p>&nbsp;<\/p>\n<p><img loading=\"lazy\" decoding=\"async\" src=\"https:\/\/articles-img.sftcdn.net\/sft\/articles\/auto-mapping-folder\/sites\/9\/2011\/09\/facebook-timeline-1-600x350.png\" alt=\"\" width=\"600\" height=\"350\" class=\"aligncenter size-large wp-image-17692\" srcset=\"https:\/\/articles-img.sftcdn.net\/auto-mapping-folder\/sites\/9\/2011\/09\/facebook-timeline-1-600x350.png 600w, https:\/\/articles-img.sftcdn.net\/auto-mapping-folder\/sites\/9\/2011\/09\/facebook-timeline-1-290x169.png 290w, https:\/\/articles-img.sftcdn.net\/auto-mapping-folder\/sites\/9\/2011\/09\/facebook-timeline-1.png 886w\" sizes=\"auto, (max-width: 600px) 100vw, 600px\" \/><\/p>\n<p>&nbsp;<\/p>\n<p>La partie en haut de page est l&#8217;accueil de votre profil, comme avant. La diff\u00e9rence, c&#8217;est que maintenant, elle est<strong> personnalisable gr\u00e2ce \u00e0 une photo de votre choix<\/strong> qui prend toute la largeur de l&#8217;\u00e9cran. Impossible de la rater!<\/p>\n<p>&nbsp;<\/p>\n<p>Les infos les plus importantes sont disponibles tout de suite, \u00e0 condition de les avoir renseign\u00e9es au pr\u00e9alable. Vous trouvez l\u00e0, par exemple, la profession, le lieu des \u00e9tudes, l&#8217;endroit o\u00f9 l&#8217;utilisateur vit et sa relation amoureuse du moment.<\/p>\n<p>A droite de ces infos, vous disposez de <strong>plusieurs cadres par lesquels vous acc\u00e9dez \u00e0 la liste de vos amis, vos photos ou encore les derni\u00e8res publications que vous avez aim\u00e9es<\/strong>. Assez pratique et surtout param\u00e9trable avec la petite ic\u00f4ne \u00e0 droite qui permet de modifier les cadres visibles d\u00e8s la page d&#8217;accueil.<\/p>\n<p>&nbsp;<\/p>\n<p><img loading=\"lazy\" decoding=\"async\" src=\"https:\/\/articles-img.sftcdn.net\/sft\/articles\/auto-mapping-folder\/sites\/9\/2011\/09\/facebook-timeline-2-385x600.png\" alt=\"\" width=\"385\" height=\"600\" class=\"aligncenter size-large wp-image-17693\" srcset=\"https:\/\/articles-img.sftcdn.net\/auto-mapping-folder\/sites\/9\/2011\/09\/facebook-timeline-2-385x600.png 385w, https:\/\/articles-img.sftcdn.net\/auto-mapping-folder\/sites\/9\/2011\/09\/facebook-timeline-2-186x290.png 186w, https:\/\/articles-img.sftcdn.net\/auto-mapping-folder\/sites\/9\/2011\/09\/facebook-timeline-2.png 886w\" sizes=\"auto, (max-width: 385px) 100vw, 385px\" \/><\/p>\n<p>&nbsp;<\/p>\n<p>Sous cette mini pr\u00e9sentation sont disponibles les actualit\u00e9s r\u00e9centes de l&#8217;utilisateur. On y trouve le traditionnel cadre pour <strong>\u00e9crire un statut, charger une photo sur le mur ou indiquer l&#8217;endroit o\u00f9 l&#8217;on se trouve<\/strong> en ce moment, mais aussi des cadres d\u00e9di\u00e9s \u00e0 certaines actualit\u00e9s particuli\u00e8res, comme par exemple l&#8217;adh\u00e9sion \u00e0 des pages de fans, les <strong>derni\u00e8res photos upload\u00e9es sur Facebook<\/strong>, les nouvelles amiti\u00e9s li\u00e9es sur le r\u00e9seau avec une mini pr\u00e9sentation du ou des nouveaux amis. Chaque cadre peut \u00eatre comment\u00e9 ou aim\u00e9 par les utilisateurs qui ont acc\u00e8s \u00e0 ses informations.<\/p>\n<p>&nbsp;<\/p>\n<p>On peut \u00e9galement y trouver une carte g\u00e9ographique des derniers endroits visit\u00e9s (et indiqu\u00e9s sur Facebook) par l&#8217;utilisateur et des derniers amis invit\u00e9s sur le mois en cours ou sur les mois pr\u00e9c\u00e9dents. Car quand Facebook fait allusion \u00e0 une v\u00e9ritable <strong>biographie en ligne<\/strong>, c&#8217;est tout \u00e0 fait le cas avec la possibilit\u00e9 de revenir tr\u00e8s facilement sur votre historique Facebook, mois par mois, ann\u00e9e par ann\u00e9e. Et bien entendu, tout est param\u00e9trable, c&#8217;est vous qui choisissez ce que vous voulez mettre en avant ou non.<\/p>\n<p>&nbsp;<\/p>\n<p><img loading=\"lazy\" decoding=\"async\" src=\"https:\/\/articles-img.sftcdn.net\/sft\/articles\/auto-mapping-folder\/sites\/9\/2005\/09\/facebook-timeline-3-556x600.png\" alt=\"\" width=\"556\" height=\"600\" class=\"aligncenter size-large wp-image-17696\" srcset=\"https:\/\/articles-img.sftcdn.net\/auto-mapping-folder\/sites\/9\/2005\/09\/facebook-timeline-3-556x600.png 556w, https:\/\/articles-img.sftcdn.net\/auto-mapping-folder\/sites\/9\/2005\/09\/facebook-timeline-3-268x290.png 268w, https:\/\/articles-img.sftcdn.net\/auto-mapping-folder\/sites\/9\/2005\/09\/facebook-timeline-3.png 886w\" sizes=\"auto, (max-width: 556px) 100vw, 556px\" \/><\/p>\n<p>&nbsp;<\/p>\n<p>La troisi\u00e8me partie de ce profil se rapporte directement aux <strong>nouveaut\u00e9s annonc\u00e9es lors de la conf\u00e9rence F8<\/strong>, \u00e0 savoir des <strong>interactions plus pouss\u00e9es avec diff\u00e9rents services en ligne<\/strong>. Que ce soit pour la musique, le cin\u00e9ma, le sport, l&#8217;information, ou tout autre service que vous consommez, il est possible d&#8217;en faire \u00e9tat sur votre profil pour partager ces informations avec vos amis.<\/p>\n<p>&nbsp;<\/p>\n<p>Outre le &#8220;<em>Ticker<\/em>&#8220;, cette petite bo\u00eete qui permet de <strong>voir ce que nos amis \u00e9coutent, lisent, regardent en temps r\u00e9el<\/strong>, vous disposez d&#8217;une interface propre \u00e0 vos loisirs, gr\u00e2ce \u00e0 la participation de partenaires aussi importants que <strong>Deezer, Spotify, Netflix, Dailymotion, The Washington Post<\/strong> ou The Guardian. A n&#8217;en point douter, de nouveaux partenariats sont \u00e0 attendre dans les mois \u00e0 venir (en esp\u00e9rant des journaux fran\u00e7ais par exemple).<\/p>\n<p>&nbsp;<\/p>\n<p>L&#8217;objectif est simple: <strong>consommer le m\u00eame contenu que ses amis<\/strong> en m\u00eame temps qu&#8217;eux quelque soit le champ d&#8217;action. Votre fr\u00e8re lit un article en ligne, vous pouvez le lire aussi. Votre meilleur ami \u00e9coute une chanson, vous pouvez l&#8217;\u00e9couter en m\u00eame temps.<\/p>\n<p>&nbsp;<\/p>\n<p>De nombreuses autres applications telles que Nike+ ou Foodspotting sont \u00e9galement int\u00e9gr\u00e9es \u00e0 la page pour informer vos amis de vos activit\u00e9s. Facebook esp\u00e8re ainsi que ce <strong>contenu \u00e0 forte valeur ajout\u00e9e<\/strong> s\u00e9duise les utilisateurs comme les annonceurs.<\/p>\n<p>&nbsp;<\/p>\n<p>[youtube]http:\/\/www.youtube.com\/watch?v=hzPEPfJHfKU[\/youtube]<\/p>\n<p>&nbsp;<\/p>\n<p>Pour voir l&#8217;image enti\u00e8re d&#8217;un nouveau profil Facebook, voici l&#8217;<a href=\"https:\/\/articles-img.sftcdn.net\/sft\/articles\/auto-mapping-folder\/sites\/9\/2005\/09\/facebook-timeline.jpg\" target=\"_blank\" rel=\"noopener noreferrer\">image de la Timeline<\/a> pr\u00e9sent\u00e9e lors du F8 et disponible sur le site de Facebook. Faites vous votre propre id\u00e9e et n&#8217;h\u00e9sitez pas \u00e0 nous donner votre opinion dans les commentaires de ce billet.<\/p>\n","protected":false},"excerpt":{"rendered":"<p>Facebook est en pleine mutation. Apr\u00e8s vous avoir pr\u00e9sent\u00e9 hier le nouveau fil d&#8217;actualit\u00e9 et les nouvelles fonctionnalit\u00e9s li\u00e9es aux publications de chacun de vos contacts, voici la Facebook Timeline, annonc\u00e9e par Mark Zuckerberg lors de la conf\u00e9rence F8 hier soir. Elle sera lanc\u00e9e petit \u00e0 petit sur le profil de chaque utilisateur dans les &hellip; <a href=\"https:\/\/cms-articles.softonic.io\/fr\/facebook-timeline\/\" class=\"more-link\">Continue reading<span class=\"screen-reader-text\"> &#8220;Facebook: Comment fonctionne la timeline?&#8221;<\/span><\/a><\/p>\n","protected":false},"author":8011,"featured_media":0,"comment_status":"open","ping_status":"open","sticky":false,"template":"","format":"standard","meta":{"footnotes":"","wpcf-pageviews":0},"categories":[16774,1],"tags":[16783,1098,2231,2229,2224,2228,2230,2227],"usertag":[],"vertical":[],"content-category":[],"class_list":["post-17688","post","type-post","status-publish","format-standard","hentry","category-how-to","category-uncategorized","tag-app-subdomain-redirectionfacebook","tag-applications-facebook","tag-dailymotion-facebook","tag-facebook-relooka","tag-nouveau-facebook","tag-nouvelle-timeline-facebook","tag-spotify-facebook","tag-timeline-facebook"],"aioseo_notices":[],"_links":{"self":[{"href":"https:\/\/cms-articles.softonic.io\/fr\/wp-json\/wp\/v2\/posts\/17688","targetHints":{"allow":["GET"]}}],"collection":[{"href":"https:\/\/cms-articles.softonic.io\/fr\/wp-json\/wp\/v2\/posts"}],"about":[{"href":"https:\/\/cms-articles.softonic.io\/fr\/wp-json\/wp\/v2\/types\/post"}],"author":[{"embeddable":true,"href":"https:\/\/cms-articles.softonic.io\/fr\/wp-json\/wp\/v2\/users\/8011"}],"replies":[{"embeddable":true,"href":"https:\/\/cms-articles.softonic.io\/fr\/wp-json\/wp\/v2\/comments?post=17688"}],"version-history":[{"count":1,"href":"https:\/\/cms-articles.softonic.io\/fr\/wp-json\/wp\/v2\/posts\/17688\/revisions"}],"predecessor-version":[{"id":168247,"href":"https:\/\/cms-articles.softonic.io\/fr\/wp-json\/wp\/v2\/posts\/17688\/revisions\/168247"}],"wp:attachment":[{"href":"https:\/\/cms-articles.softonic.io\/fr\/wp-json\/wp\/v2\/media?parent=17688"}],"wp:term":[{"taxonomy":"category","embeddable":true,"href":"https:\/\/cms-articles.softonic.io\/fr\/wp-json\/wp\/v2\/categories?post=17688"},{"taxonomy":"post_tag","embeddable":true,"href":"https:\/\/cms-articles.softonic.io\/fr\/wp-json\/wp\/v2\/tags?post=17688"},{"taxonomy":"usertag","embeddable":true,"href":"https:\/\/cms-articles.softonic.io\/fr\/wp-json\/wp\/v2\/usertag?post=17688"},{"taxonomy":"vertical","embeddable":true,"href":"https:\/\/cms-articles.softonic.io\/fr\/wp-json\/wp\/v2\/vertical?post=17688"},{"taxonomy":"content-category","embeddable":true,"href":"https:\/\/cms-articles.softonic.io\/fr\/wp-json\/wp\/v2\/content-category?post=17688"}],"curies":[{"name":"wp","href":"https:\/\/api.w.org\/{rel}","templated":true}]}}