{"id":178874,"date":"2025-10-14T08:00:00","date_gmt":"2025-10-14T07:00:00","guid":{"rendered":"https:\/\/cms-articles.softonic.io\/es\/?p=398825"},"modified":"2025-10-14T08:22:52","modified_gmt":"2025-10-14T07:22:52","slug":"apple-tv-renouvelle-son-identite-et-change-de-nom","status":"publish","type":"post","link":"https:\/\/cms-articles.softonic.io\/fr\/apple-tv-renouvelle-son-identite-et-change-de-nom\/","title":{"rendered":"Apple TV+ renouvelle son identit\u00e9 et change de nom"},"content":{"rendered":"\n<p class=\"wp-block-paragraph\"><strong>Apple TV+ a subi un coup de jeune en se renommant simplement Apple TV, supprimant le caract\u00e8re + de son nom<\/strong>. L&#8217;annonce a \u00e9t\u00e9 faite discr\u00e8tement dans un communiqu\u00e9 de presse qui r\u00e9v\u00e9lait \u00e9galement la date de sortie de &#8216;F1: The Movie&#8217;, marquant un moment cl\u00e9 dans l&#8217;\u00e9volution du service de streaming.<\/p>\n\n\n<h2 class=\"wp-block-heading\">La nouvelle \u00e8re d&#8217;Apple<\/h2>\n\n\n<p class=\"wp-block-paragraph\">Le <a href=\"https:\/\/www.3djuegos.com\/tv-series\/noticias\/fundacion-no-muere-apple-tv-apuesta-cuarta-temporada-pese-a-fria-acogida-tercera-al-incierto-camino-superproduccion\">service de streaming d&#8217;Apple<\/a> a \u00e9t\u00e9 lanc\u00e9 initialement le 1er novembre 2019, avec un catalogue compos\u00e9 de seulement huit programmes. Depuis, <strong>il a grandi tant en contenu qu&#8217;en qualit\u00e9, attirant l&#8217;attention des abonn\u00e9s avec des productions originales acclam\u00e9es par la critique<\/strong> et soutenues par de grands noms de l&#8217;industrie du divertissement.<\/p>\n\n\n<p class=\"wp-block-paragraph\">La d\u00e9cision de simplifier son nom pourrait \u00eatre vue comme un <strong>essai de consolider son identit\u00e9 dans un march\u00e9 de plus en plus comp\u00e9titif, o\u00f9 la clart\u00e9 et la facilit\u00e9 de m\u00e9morisation sont essentielles pour se d\u00e9marquer.<\/strong> Avec des programmes comme &#8216;Ted Lasso&#8217;, &#8216;The Morning Show&#8217; et le r\u00e9cemment annonc\u00e9 &#8216;F1: The Movie&#8217;, Apple TV cherche \u00e0 s&#8217;\u00e9tablir comme un acteur cl\u00e9 dans le domaine du streaming, en concurrence avec des g\u00e9ants comme Netflix et Disney+.<\/p>\n\n\n<figure class=\"wp-block-embed is-type-video is-provider-youtube wp-block-embed-youtube wp-embed-aspect-16-9 wp-has-aspect-ratio\"><div class=\"wp-block-embed__wrapper\">\n<iframe loading=\"lazy\" title=\"Ted Lasso \u2014 Official Trailer | Apple TV+\" width=\"840\" height=\"473\" src=\"https:\/\/www.youtube.com\/embed\/3u7EIiohs6U?feature=oembed\" frameborder=\"0\" allow=\"accelerometer; autoplay; clipboard-write; encrypted-media; gyroscope; picture-in-picture; web-share\" referrerpolicy=\"strict-origin-when-cross-origin\" allowfullscreen><\/iframe>\n<\/div><\/figure>\n\n\n<p class=\"wp-block-paragraph\">\u00c0 mesure que le paysage du divertissement num\u00e9rique continue d&#8217;\u00e9voluer, <strong>il est possible que nous voyions davantage de changements et de nouvelles strat\u00e9gies de la part de <a href=\"https:\/\/www.applesfera.com\/rumores\/producto-olvidado-apple-tambien-mi-favorito-apple-tv-4k-esta-a-punto-renovarse-a-grande-filtraciones\">Apple<\/a> TV dans sa qu\u00eate pour capter l&#8217;attention d&#8217;un public mondial.<\/strong> Peut-\u00eatre que ce renouvellement de marque n&#8217;est pas seulement un changement superficiel, mais fait partie d&#8217;une approche plus large pour red\u00e9finir ce que repr\u00e9sente le service pour ses abonn\u00e9s et pour le grand public.<\/p>\n","protected":false},"excerpt":{"rendered":"<p>Apple TV+ a subi un rebranding en se renommant simplement Apple TV, en \u00e9liminant le caract\u00e8re + de son nom. L&#8217;annonce a \u00e9t\u00e9 faite discr\u00e8tement dans un communiqu\u00e9 de presse qui r\u00e9v\u00e9lait \u00e9galement la date de sortie de &#8216;F1: The Movie&#8217;, marquant un moment cl\u00e9 dans l&#8217;\u00e9volution du service de streaming. La nouvelle \u00e8re d&#8217;Apple Le service de streaming d&#8217;Apple a \u00e9t\u00e9 lanc\u00e9 initialement le 1er novembre 2019, avec un catalogue compos\u00e9 de seulement huit programmes. Depuis lors, il a continu\u00e9 \u00e0 cro\u00eetre tant en contenu qu&#8217;en qualit\u00e9, attirant [&#8230;]<\/p>\n","protected":false},"author":9317,"featured_media":178875,"comment_status":"closed","ping_status":"closed","sticky":false,"template":"","format":"standard","meta":{"footnotes":"","wpcf-pageviews":0},"categories":[16761],"tags":[151,3006,18469,22930,28412],"usertag":[],"vertical":[],"content-category":[],"class_list":["post-178874","post","type-post","status-publish","format-standard","has-post-thumbnail","hentry","category-news","tag-apple","tag-apple-tv","tag-apple-tv-2","tag-atreaming","tag-ted-alsso"],"aioseo_notices":[],"_links":{"self":[{"href":"https:\/\/cms-articles.softonic.io\/fr\/wp-json\/wp\/v2\/posts\/178874","targetHints":{"allow":["GET"]}}],"collection":[{"href":"https:\/\/cms-articles.softonic.io\/fr\/wp-json\/wp\/v2\/posts"}],"about":[{"href":"https:\/\/cms-articles.softonic.io\/fr\/wp-json\/wp\/v2\/types\/post"}],"author":[{"embeddable":true,"href":"https:\/\/cms-articles.softonic.io\/fr\/wp-json\/wp\/v2\/users\/9317"}],"replies":[{"embeddable":true,"href":"https:\/\/cms-articles.softonic.io\/fr\/wp-json\/wp\/v2\/comments?post=178874"}],"version-history":[{"count":2,"href":"https:\/\/cms-articles.softonic.io\/fr\/wp-json\/wp\/v2\/posts\/178874\/revisions"}],"predecessor-version":[{"id":178890,"href":"https:\/\/cms-articles.softonic.io\/fr\/wp-json\/wp\/v2\/posts\/178874\/revisions\/178890"}],"wp:featuredmedia":[{"embeddable":true,"href":"https:\/\/cms-articles.softonic.io\/fr\/wp-json\/wp\/v2\/media\/178875"}],"wp:attachment":[{"href":"https:\/\/cms-articles.softonic.io\/fr\/wp-json\/wp\/v2\/media?parent=178874"}],"wp:term":[{"taxonomy":"category","embeddable":true,"href":"https:\/\/cms-articles.softonic.io\/fr\/wp-json\/wp\/v2\/categories?post=178874"},{"taxonomy":"post_tag","embeddable":true,"href":"https:\/\/cms-articles.softonic.io\/fr\/wp-json\/wp\/v2\/tags?post=178874"},{"taxonomy":"usertag","embeddable":true,"href":"https:\/\/cms-articles.softonic.io\/fr\/wp-json\/wp\/v2\/usertag?post=178874"},{"taxonomy":"vertical","embeddable":true,"href":"https:\/\/cms-articles.softonic.io\/fr\/wp-json\/wp\/v2\/vertical?post=178874"},{"taxonomy":"content-category","embeddable":true,"href":"https:\/\/cms-articles.softonic.io\/fr\/wp-json\/wp\/v2\/content-category?post=178874"}],"curies":[{"name":"wp","href":"https:\/\/api.w.org\/{rel}","templated":true}]}}