{"id":181107,"date":"2025-11-11T16:45:21","date_gmt":"2025-11-11T15:45:21","guid":{"rendered":"https:\/\/cms-articles.softonic.io\/es\/?p=401541"},"modified":"2025-11-11T16:46:16","modified_gmt":"2025-11-11T15:46:16","slug":"oscar-isaac-est-pret-a-revenir-chez-disney-mais-avec-une-condition-tres-claire","status":"publish","type":"post","link":"https:\/\/cms-articles.softonic.io\/fr\/oscar-isaac-est-pret-a-revenir-chez-disney-mais-avec-une-condition-tres-claire\/","title":{"rendered":"Oscar Isaac est pr\u00eat \u00e0 revenir chez Disney, mais avec une condition tr\u00e8s claire"},"content":{"rendered":"\n<p class=\"wp-block-paragraph\">Oscar Isaac, connu pour son r\u00f4le de Poe Dameron dans la trilogie des suites de Star Wars, a r\u00e9cemment fait sensation en exprimant ses regrets concernant des d\u00e9clarations ant\u00e9rieures sur son retour dans la saga. <strong>En 2019, l&#8217;acteur a particip\u00e9 \u00e0 L&#8217;Ascension de Skywalker, et en 2020, il semblait \u00e9carter toute possibilit\u00e9 d&#8217;un retour<\/strong>. Cependant, dans une nouvelle interview avec GQ, Isaac a r\u00e9v\u00e9l\u00e9 que sa perception de l&#8217;avenir avait chang\u00e9, ce qui sugg\u00e8re une ouverture \u00e0 la possibilit\u00e9 de reprendre son r\u00f4le embl\u00e9matique.<\/p>\n\n\n<h2 class=\"wp-block-heading\">Rien de fascisme<\/h2>\n\n\n<p class=\"wp-block-paragraph\">La conversation a eu lieu deux jours apr\u00e8s que Disney ait suspendu le late night de Jimmy Kimmel, un contexte qui a pu influencer les d\u00e9clarations de l&#8217;acteur.<strong> Kimmel, au milieu d&#8217;une controverse, a fait une blague qui a suscit\u00e9 des critiques, ce qui a conduit \u00e0 la d\u00e9cision d&#8217;ABC et Disney de mettre son programme en pause<\/strong>. Bien qu&#8217;il ne soit pas clair si Isaac maintient sa position concernant un avenir dans la saga apr\u00e8s la rectification de la soci\u00e9t\u00e9, il a clairement indiqu\u00e9 qu&#8217;il se sentait mal pour ce qu&#8217;il a dit dans le pass\u00e9.<\/p>\n\n\n<figure class=\"wp-block-embed is-type-video is-provider-youtube wp-block-embed-youtube wp-embed-aspect-16-9 wp-has-aspect-ratio\"><div class=\"wp-block-embed__wrapper\">\n<iframe loading=\"lazy\" title=\"Star Wars: El Ascenso de Skywalker | Nuevo Tr\u00e1iler oficial en espa\u00f1ol | HD\" width=\"840\" height=\"473\" src=\"https:\/\/www.youtube.com\/embed\/Izme__ZsURY?feature=oembed\" frameborder=\"0\" allow=\"accelerometer; autoplay; clipboard-write; encrypted-media; gyroscope; picture-in-picture; web-share\" referrerpolicy=\"strict-origin-when-cross-origin\" allowfullscreen><\/iframe>\n<\/div><\/figure>\n\n\n<p class=\"wp-block-paragraph\"><strong>\u00abC&#8217;\u00e9tait une d\u00e9claration tr\u00e8s sympathique. Mon Dieu. Tu sais, les gens te posent des questions, tu r\u00e9ponds, sans trop y penser. J&#8217;ai dit quelque chose d&#8217;un peu grossier\u00bb, a comment\u00e9 Isaac<\/strong>, faisant r\u00e9f\u00e9rence \u00e0 ses commentaires pr\u00e9c\u00e9dents. Il a \u00e9galement rappel\u00e9 que, il y a cinq ans, il exprimait son d\u00e9sir de faire des films plus artisanaux, mais sa vision a \u00e9volu\u00e9 depuis, ce qui ajoute une dimension suppl\u00e9mentaire \u00e0 ses futures d\u00e9cisions possibles dans le monde cin\u00e9matographique.<\/p>\n\n\n<p class=\"wp-block-paragraph\">Avec ces d\u00e9clarations, l&#8217;int\u00e9r\u00eat de revoir Poe Dameron \u00e0 l&#8217;\u00e9cran prend de l&#8217;ampleur. <strong>Bien qu&#8217;aucun projet concret n&#8217;ait encore \u00e9t\u00e9 annonc\u00e9, les fans de l&#8217;univers Star Wars peuvent se r\u00e9jouir \u00e0 l&#8217;id\u00e9e qu&#8217;Isaac reconsid\u00e8re son retour dans une galaxie lointaine, tr\u00e8s lointaine<\/strong>.<\/p>\n\n<div class=\"sc-card-program\">\r\n  <div class=\"sc-card-program__body\">\r\n    <div class=\"sc-card-program__row clearfix\">\r\n      <div class=\"sc-card-program__col-logo\">\r\n        <img decoding=\"async\" class=\"sc-card-program__img\" src=\"https:\/\/images.sftcdn.net\/images\/t_app-icon-s\/p\/246b1fd4-6164-4c6f-9318-27e1cb587dc6\/489019137\/disney-plus-logo\" alt=\"Disney+\" width=\"100px\" height=\"100px\">\r\n      <\/div>\r\n      <div class=\"sc-card-program__col-title\">\r\n        <span class=\"sc-card-program__title\">Disney+<\/span>\r\n        <a class=\"sc-card-program__button sc-card-program-internal\" href=\"https:\/\/disney-plus.softonic.com\/iphone\" target=\"_self\" rel=\"noopener noreferrer\">T\u00c9L\u00c9CHARGER<\/a>\r\n      <\/div>\r\n      <div class=\"sc-card-program__col-rating\">\r\n        \r\n      <\/div>\r\n    <\/div>\r\n    <div class=\"sc-card-program__row\">\r\n      <span class=\"sc-card-program__description\"><\/span>\r\n    <\/div>\r\n    <div class=\"sc-card-program__row\">\r\n      <img decoding=\"async\" class=\"sc-card-program__bigpic\" src=\"\">\r\n    <\/div>\r\n    <a class=\"sc-card-program__link track-link sc-card-program-internal\" href=\"https:\/\/disney-plus.softonic.com\/iphone\" target=\"_self\" rel=\"noopener noreferrer\"><\/a>\r\n  <\/div>\r\n<\/div>\n","protected":false},"excerpt":{"rendered":"<p>Oscar Isaac, connu pour son r\u00f4le de Poe Dameron dans la trilogie des suites de Star Wars, a r\u00e9cemment fait sensation en exprimant ses regrets concernant des d\u00e9clarations ant\u00e9rieures sur son retour dans la saga. En 2019, l&#8217;acteur a particip\u00e9 \u00e0 L&#8217;Ascension de Skywalker, et en 2020, il semblait \u00e9carter toute possibilit\u00e9 d&#8217;un retour. Cependant, dans une nouvelle interview avec GQ, Isaac a r\u00e9v\u00e9l\u00e9 que sa perception de l&#8217;avenir avait chang\u00e9, ce qui sugg\u00e8re une ouverture \u00e0 la possibilit\u00e9 de reprendre son r\u00f4le embl\u00e9matique. Rien de fascisme La conversation a eu lieu deux jours apr\u00e8s que Disney a suspendu [&hellip;]<\/p>\n","protected":false},"author":9318,"featured_media":181108,"comment_status":"closed","ping_status":"closed","sticky":false,"template":"","format":"standard","meta":{"footnotes":"","wpcf-pageviews":0},"categories":[16761],"tags":[18184,28743,29503,27360,24310,21103,29504,3047],"usertag":[],"vertical":[],"content-category":[18130],"class_list":["post-181107","post","type-post","status-publish","format-standard","has-post-thumbnail","hentry","category-news","tag-disney-2","tag-el-ascenso-de-skywalker","tag-fascismo","tag-isaac","tag-jimmy-kimmel","tag-oscar-isaac","tag-poe-dameron","tag-star-wars","content-category-streaming-videos"],"aioseo_notices":[],"_links":{"self":[{"href":"https:\/\/cms-articles.softonic.io\/fr\/wp-json\/wp\/v2\/posts\/181107","targetHints":{"allow":["GET"]}}],"collection":[{"href":"https:\/\/cms-articles.softonic.io\/fr\/wp-json\/wp\/v2\/posts"}],"about":[{"href":"https:\/\/cms-articles.softonic.io\/fr\/wp-json\/wp\/v2\/types\/post"}],"author":[{"embeddable":true,"href":"https:\/\/cms-articles.softonic.io\/fr\/wp-json\/wp\/v2\/users\/9318"}],"replies":[{"embeddable":true,"href":"https:\/\/cms-articles.softonic.io\/fr\/wp-json\/wp\/v2\/comments?post=181107"}],"version-history":[{"count":2,"href":"https:\/\/cms-articles.softonic.io\/fr\/wp-json\/wp\/v2\/posts\/181107\/revisions"}],"predecessor-version":[{"id":181123,"href":"https:\/\/cms-articles.softonic.io\/fr\/wp-json\/wp\/v2\/posts\/181107\/revisions\/181123"}],"wp:featuredmedia":[{"embeddable":true,"href":"https:\/\/cms-articles.softonic.io\/fr\/wp-json\/wp\/v2\/media\/181108"}],"wp:attachment":[{"href":"https:\/\/cms-articles.softonic.io\/fr\/wp-json\/wp\/v2\/media?parent=181107"}],"wp:term":[{"taxonomy":"category","embeddable":true,"href":"https:\/\/cms-articles.softonic.io\/fr\/wp-json\/wp\/v2\/categories?post=181107"},{"taxonomy":"post_tag","embeddable":true,"href":"https:\/\/cms-articles.softonic.io\/fr\/wp-json\/wp\/v2\/tags?post=181107"},{"taxonomy":"usertag","embeddable":true,"href":"https:\/\/cms-articles.softonic.io\/fr\/wp-json\/wp\/v2\/usertag?post=181107"},{"taxonomy":"vertical","embeddable":true,"href":"https:\/\/cms-articles.softonic.io\/fr\/wp-json\/wp\/v2\/vertical?post=181107"},{"taxonomy":"content-category","embeddable":true,"href":"https:\/\/cms-articles.softonic.io\/fr\/wp-json\/wp\/v2\/content-category?post=181107"}],"curies":[{"name":"wp","href":"https:\/\/api.w.org\/{rel}","templated":true}]}}