{"id":182493,"date":"2025-12-01T15:30:00","date_gmt":"2025-12-01T14:30:00","guid":{"rendered":"https:\/\/cms-articles.softonic.io\/es\/?p=403064"},"modified":"2025-12-01T16:47:25","modified_gmt":"2025-12-01T15:47:25","slug":"apple-voudrait-changer-son-partenaire-commercial-pour-la-production-de-ses-puces-de-la-serie-m-afin-de-satisfaire-donald-trump","status":"publish","type":"post","link":"https:\/\/cms-articles.softonic.io\/fr\/apple-voudrait-changer-son-partenaire-commercial-pour-la-production-de-ses-puces-de-la-serie-m-afin-de-satisfaire-donald-trump\/","title":{"rendered":"Apple voudrait changer son partenaire commercial pour la production de ses puces de la s\u00e9rie M afin de satisfaire Donald Trump"},"content":{"rendered":"\n<p>Dans un tournant significatif de sa strat\u00e9gie de production, Apple envisagerait de renouer sa collaboration avec Intel pour la fabrication des puces de la s\u00e9rie M, sp\u00e9cifiquement les mod\u00e8les M5, M6 et M7, pour l&#8217;ann\u00e9e 2027. <strong>Cette possible association marque un retour vers la soci\u00e9t\u00e9 qu&#8217;Apple a laiss\u00e9e derri\u00e8re elle en 2020 en adoptant sa gamme de puces Apple Silicon<\/strong>, bas\u00e9e sur l&#8217;architecture ARM, et repr\u00e9sente une approche plus diversifi\u00e9e de sa cha\u00eene d&#8217;approvisionnement.<\/p>\n\n\n<h2 class=\"wp-block-heading\">Embrasser Intel pour ne pas \u00e9nerver Trump<\/h2>\n\n\n<p>Selon l&#8217;analyste Ming-Chi Kuo, l&#8217;inclusion d&#8217;Intel en tant que deuxi\u00e8me fabricant permettrait \u00e0 Apple de r\u00e9duire les risques d&#8217;approvisionnement qui avaient surgi avec sa d\u00e9pendance presque totale \u00e0 TSMC. <strong>Cette strat\u00e9gie pourrait inclure la production de puces de gamme inf\u00e9rieure, comme celles utilis\u00e9es dans les MacBook Air et iPad Air, ce qui repr\u00e9sente un co\u00fbt de production plus bas et une moindre complexit\u00e9 en d\u00e9l\u00e9guant la fabrication \u00e0 un partenaire comme Intel<\/strong>. Cependant, les puces haut de gamme continueront d&#8217;\u00eatre fabriqu\u00e9es par TSMC, s&#8217;alignant sur les besoins technologiques avanc\u00e9s et les d\u00e9lais critiques d&#8217;Apple.<\/p>\n\n\n<figure class=\"wp-block-embed is-type-video is-provider-youtube wp-block-embed-youtube wp-embed-aspect-16-9 wp-has-aspect-ratio\"><div class=\"wp-block-embed__wrapper\">\n<iframe loading=\"lazy\" title=\"Vi presenterar iPhone 15 | WOW | Apple\" width=\"840\" height=\"473\" src=\"https:\/\/www.youtube.com\/embed\/Gg_ncsRWboo?feature=oembed\" frameborder=\"0\" allow=\"accelerometer; autoplay; clipboard-write; encrypted-media; gyroscope; picture-in-picture; web-share\" referrerpolicy=\"strict-origin-when-cross-origin\" allowfullscreen><\/iframe>\n<\/div><\/figure>\n\n\n<p>Ce mouvement n&#8217;est pas seulement une question d&#8217;entreprise ; il r\u00e9pond \u00e0 des pressions externes, notamment du gouvernement am\u00e9ricain, pour augmenter la production nationale. <strong>La possibilit\u00e9 de fabriquer ces puces aux \u00c9tats-Unis s&#8217;aligne avec les politiques visant \u00e0 renforcer l&#8217;offre interne et \u00e0 cr\u00e9er des emplois locaux dans le secteur technologique<\/strong>.<\/p>\n\n\n<p>Malgr\u00e9 ces modifications dans la cha\u00eene de production, les utilisateurs finaux ne remarqueraient pas de diff\u00e9rences significatives. <strong>Les puces continueraient d&#8217;\u00eatre con\u00e7ues par Apple et conserveraient la m\u00eame architecture et performance que celles fabriqu\u00e9es par TSMC<\/strong>. Ainsi, Apple semble \u00e9quilibrer son besoin d&#8217;innovation continue avec une approche pragmatique qui assure la stabilit\u00e9 de sa cha\u00eene d&#8217;approvisionnement et la production de ses appareils.<\/p>\n\n<div class=\"sc-card-program\">\r\n  <div class=\"sc-card-program__body\">\r\n    <div class=\"sc-card-program__row clearfix\">\r\n      <div class=\"sc-card-program__col-logo\">\r\n        <img decoding=\"async\" class=\"sc-card-program__img\" src=\"https:\/\/images.sftcdn.net\/images\/t_app-icon-s\/p\/8f7cb2d7-74e2-4492-af0c-06a1761742a1\/457874704\/apple-tv-plus-2019-03-28_12-07-17.png\" alt=\"AppleTV+\" width=\"100px\" height=\"100px\">\r\n      <\/div>\r\n      <div class=\"sc-card-program__col-title\">\r\n        <span class=\"sc-card-program__title\">AppleTV+<\/span>\r\n        <a class=\"sc-card-program__button sc-card-program-internal\" href=\"https:\/\/apple-tv-plus.softonic.com\/mac\" target=\"_self\" rel=\"noopener noreferrer\">T\u00c9L\u00c9CHARGER<\/a>\r\n      <\/div>\r\n      <div class=\"sc-card-program__col-rating\">\r\n        \r\n      <\/div>\r\n    <\/div>\r\n    <div class=\"sc-card-program__row\">\r\n      <span class=\"sc-card-program__description\"><\/span>\r\n    <\/div>\r\n    <div class=\"sc-card-program__row\">\r\n      <img decoding=\"async\" class=\"sc-card-program__bigpic\" src=\"\">\r\n    <\/div>\r\n    <a class=\"sc-card-program__link track-link sc-card-program-internal\" href=\"https:\/\/apple-tv-plus.softonic.com\/mac\" target=\"_self\" rel=\"noopener noreferrer\"><\/a>\r\n  <\/div>\r\n<\/div>\n","protected":false},"excerpt":{"rendered":"<p>Dans un tournant significatif de sa strat\u00e9gie de production, Apple envisagerait de revenir \u00e0 une collaboration avec Intel pour la fabrication des puces de la s\u00e9rie M, sp\u00e9cifiquement les mod\u00e8les M5, M6 et M7, pour l&#8217;ann\u00e9e 2027. Cette possible association marque un retour \u00e0 la soci\u00e9t\u00e9 qu&#8217;Apple a laiss\u00e9e derri\u00e8re elle en 2020 en adoptant sa gamme de puces Apple Silicon, bas\u00e9e sur l&#8217;architecture ARM, et repr\u00e9sente une approche plus diversifi\u00e9e de sa cha\u00eene d&#8217;approvisionnement. En accueillant Intel pour ne pas contrarier Trump Selon l&#8217;analyste Ming-Chi Kuo, l&#8217;inclusion d&#8217;Intel comme deuxi\u00e8me fabricant permettrait \u00e0 Apple [&hellip;]<\/p>\n","protected":false},"author":9318,"featured_media":182494,"comment_status":"closed","ping_status":"closed","sticky":false,"template":"","format":"standard","meta":{"footnotes":"","wpcf-pageviews":0},"categories":[16761],"tags":[151,30332,17314,17161,10063,30333,26092],"usertag":[],"vertical":[],"content-category":[17583],"class_list":["post-182493","post","type-post","status-publish","format-standard","has-post-thumbnail","hentry","category-news","tag-apple","tag-apple-silicon","tag-donald-trump","tag-estados-unidos","tag-ipad-air","tag-serie-m","tag-tsmc","content-category-style-vie"],"aioseo_notices":[],"_links":{"self":[{"href":"https:\/\/cms-articles.softonic.io\/fr\/wp-json\/wp\/v2\/posts\/182493","targetHints":{"allow":["GET"]}}],"collection":[{"href":"https:\/\/cms-articles.softonic.io\/fr\/wp-json\/wp\/v2\/posts"}],"about":[{"href":"https:\/\/cms-articles.softonic.io\/fr\/wp-json\/wp\/v2\/types\/post"}],"author":[{"embeddable":true,"href":"https:\/\/cms-articles.softonic.io\/fr\/wp-json\/wp\/v2\/users\/9318"}],"replies":[{"embeddable":true,"href":"https:\/\/cms-articles.softonic.io\/fr\/wp-json\/wp\/v2\/comments?post=182493"}],"version-history":[{"count":2,"href":"https:\/\/cms-articles.softonic.io\/fr\/wp-json\/wp\/v2\/posts\/182493\/revisions"}],"predecessor-version":[{"id":182498,"href":"https:\/\/cms-articles.softonic.io\/fr\/wp-json\/wp\/v2\/posts\/182493\/revisions\/182498"}],"wp:featuredmedia":[{"embeddable":true,"href":"https:\/\/cms-articles.softonic.io\/fr\/wp-json\/wp\/v2\/media\/182494"}],"wp:attachment":[{"href":"https:\/\/cms-articles.softonic.io\/fr\/wp-json\/wp\/v2\/media?parent=182493"}],"wp:term":[{"taxonomy":"category","embeddable":true,"href":"https:\/\/cms-articles.softonic.io\/fr\/wp-json\/wp\/v2\/categories?post=182493"},{"taxonomy":"post_tag","embeddable":true,"href":"https:\/\/cms-articles.softonic.io\/fr\/wp-json\/wp\/v2\/tags?post=182493"},{"taxonomy":"usertag","embeddable":true,"href":"https:\/\/cms-articles.softonic.io\/fr\/wp-json\/wp\/v2\/usertag?post=182493"},{"taxonomy":"vertical","embeddable":true,"href":"https:\/\/cms-articles.softonic.io\/fr\/wp-json\/wp\/v2\/vertical?post=182493"},{"taxonomy":"content-category","embeddable":true,"href":"https:\/\/cms-articles.softonic.io\/fr\/wp-json\/wp\/v2\/content-category?post=182493"}],"curies":[{"name":"wp","href":"https:\/\/api.w.org\/{rel}","templated":true}]}}