{"id":183203,"date":"2025-12-11T10:40:46","date_gmt":"2025-12-11T09:40:46","guid":{"rendered":"https:\/\/cms-articles.softonic.io\/es\/?p=403838"},"modified":"2025-12-11T10:55:53","modified_gmt":"2025-12-11T09:55:53","slug":"le-avocat-du-lincoln-a-deja-une-date-de-sortie-pour-sa-saison-4","status":"publish","type":"post","link":"https:\/\/cms-articles.softonic.io\/fr\/le-avocat-du-lincoln-a-deja-une-date-de-sortie-pour-sa-saison-4\/","title":{"rendered":"&#039;Le avocat du Lincoln&#039; a d\u00e9j\u00e0 une date de sortie pour sa saison 4"},"content":{"rendered":"\n<p class=\"wp-block-paragraph\">Netflix a officiellement annonc\u00e9 la date de sortie de la quatri\u00e8me saison de sa s\u00e9rie acclam\u00e9e <strong>Le Proc\u00e8s du Lincoln, qui arrivera sur la plateforme le 5 f\u00e9vrier 2026<\/strong>. Cette nouvelle saison s&#8217;inspire de The Law of Innocence, le sixi\u00e8me livre de la populaire s\u00e9rie de romans de Michael Connelly, ce qui promet d&#8217;apporter une intrigue passionnante et captivante pour les fans du genre l\u00e9gal.<\/p>\n\n\n<h2 class=\"wp-block-heading\">Abogaaaa-doooo<\/h2>\n\n\n<p class=\"wp-block-paragraph\">La s\u00e9rie, qui a captiv\u00e9 l&#8217;attention du public depuis ses d\u00e9buts, suit les m\u00e9saventures de l&#8217;avocat Mickey Haller, interpr\u00e9t\u00e9 de mani\u00e8re remarquable par Manuel Garcia-Rulfo. Dans cette nouvelle saison, <strong>Haller est confront\u00e9 \u00e0 des d\u00e9fis sans pr\u00e9c\u00e9dent, sa vie et sa carri\u00e8re \u00e9tant menac\u00e9es<\/strong> apr\u00e8s avoir \u00e9t\u00e9 accus\u00e9 de meurtre. Cette pr\u00e9misse soul\u00e8ve des questions sur la justice et la v\u00e9rit\u00e9, des \u00e9l\u00e9ments r\u00e9currents dans les \u0153uvres de Connelly.<\/p>\n\n\n<p class=\"wp-block-paragraph\">En plus de la date de sortie, <strong>Netflix a partag\u00e9 les premi\u00e8res images promotionnelles de la s\u00e9rie<\/strong>, qui offrent un aper\u00e7u de ce que les spectateurs peuvent attendre. Les photos montrent les personnages dans diverses situations qui semblent refl\u00e9ter le ton intense et dramatique qui caract\u00e9rise L&#8217;avocat de Lincoln. L&#8217;attente est grande, car la saison promet d&#8217;explorer en profondeur la complexit\u00e9 du syst\u00e8me judiciaire et les dilemmes \u00e9thiques auxquels Haller doit faire face.<\/p>\n\n\n<figure class=\"wp-block-image size-full\"><img decoding=\"async\" src=\"https:\/\/articles-img.sftcdn.net\/auto-mapping-folder\/sites\/2\/2025\/12\/rulfo.jpeg\" alt=\"\" class=\"wp-image-403840\" \/><\/figure>\n\n\n<p class=\"wp-block-paragraph\">Les fans de la s\u00e9rie et les amateurs de thrillers juridiques comptent d\u00e9j\u00e0 les jours avant le retour de cette histoire passionnante. Avec un sc\u00e9nario bien construit et le charisme de ses personnages, les producteurs semblent pr\u00eats \u00e0 offrir une nouvelle saison qui sera non seulement divertissante, mais aussi r\u00e9fl\u00e9chie. En attendant, <strong>on murmure que de nouveaux personnages pourraient faire leur apparition<\/strong>, bien que ces d\u00e9tails n&#8217;aient pas encore \u00e9t\u00e9 confirm\u00e9s officiellement.<\/p>\n","protected":false},"excerpt":{"rendered":"<p>Netflix a officiellement annonc\u00e9 la date de sortie de la quatri\u00e8me saison de sa s\u00e9rie acclam\u00e9e Le Procureur de Lincoln, qui arrivera sur la plateforme le 5 f\u00e9vrier 2026. Cette nouvelle saison s&#8217;inspire de The Law of Innocence, le sixi\u00e8me livre de la populaire s\u00e9rie de romans de Michael Connelly, ce qui promet d&#8217;apporter une intrigue passionnante et intrigante pour les fans du genre l\u00e9gal. La s\u00e9rie, qui a capt\u00e9 l&#8217;attention du public depuis ses d\u00e9buts, suit les m\u00e9saventures de l&#8217;avocat Mickey Haller, interpr\u00e9t\u00e9 de mani\u00e8re remarquable par Manuel Garcia-Rulfo. Dans cette nouvelle saison, Haller est confront\u00e9 [&hellip;]<\/p>\n","protected":false},"author":9317,"featured_media":183204,"comment_status":"closed","ping_status":"closed","sticky":false,"template":"","format":"standard","meta":{"footnotes":"","wpcf-pageviews":0},"categories":[16761],"tags":[18604],"usertag":[],"vertical":[],"content-category":[],"class_list":["post-183203","post","type-post","status-publish","format-standard","has-post-thumbnail","hentry","category-news","tag-el-abogado-del-lincoln"],"aioseo_notices":[],"_links":{"self":[{"href":"https:\/\/cms-articles.softonic.io\/fr\/wp-json\/wp\/v2\/posts\/183203","targetHints":{"allow":["GET"]}}],"collection":[{"href":"https:\/\/cms-articles.softonic.io\/fr\/wp-json\/wp\/v2\/posts"}],"about":[{"href":"https:\/\/cms-articles.softonic.io\/fr\/wp-json\/wp\/v2\/types\/post"}],"author":[{"embeddable":true,"href":"https:\/\/cms-articles.softonic.io\/fr\/wp-json\/wp\/v2\/users\/9317"}],"replies":[{"embeddable":true,"href":"https:\/\/cms-articles.softonic.io\/fr\/wp-json\/wp\/v2\/comments?post=183203"}],"version-history":[{"count":2,"href":"https:\/\/cms-articles.softonic.io\/fr\/wp-json\/wp\/v2\/posts\/183203\/revisions"}],"predecessor-version":[{"id":183217,"href":"https:\/\/cms-articles.softonic.io\/fr\/wp-json\/wp\/v2\/posts\/183203\/revisions\/183217"}],"wp:featuredmedia":[{"embeddable":true,"href":"https:\/\/cms-articles.softonic.io\/fr\/wp-json\/wp\/v2\/media\/183204"}],"wp:attachment":[{"href":"https:\/\/cms-articles.softonic.io\/fr\/wp-json\/wp\/v2\/media?parent=183203"}],"wp:term":[{"taxonomy":"category","embeddable":true,"href":"https:\/\/cms-articles.softonic.io\/fr\/wp-json\/wp\/v2\/categories?post=183203"},{"taxonomy":"post_tag","embeddable":true,"href":"https:\/\/cms-articles.softonic.io\/fr\/wp-json\/wp\/v2\/tags?post=183203"},{"taxonomy":"usertag","embeddable":true,"href":"https:\/\/cms-articles.softonic.io\/fr\/wp-json\/wp\/v2\/usertag?post=183203"},{"taxonomy":"vertical","embeddable":true,"href":"https:\/\/cms-articles.softonic.io\/fr\/wp-json\/wp\/v2\/vertical?post=183203"},{"taxonomy":"content-category","embeddable":true,"href":"https:\/\/cms-articles.softonic.io\/fr\/wp-json\/wp\/v2\/content-category?post=183203"}],"curies":[{"name":"wp","href":"https:\/\/api.w.org\/{rel}","templated":true}]}}