{"id":183683,"date":"2025-12-17T15:30:00","date_gmt":"2025-12-17T14:30:00","guid":{"rendered":"https:\/\/cms-articles.softonic.io\/es\/?p=404573"},"modified":"2025-12-17T16:12:06","modified_gmt":"2025-12-17T15:12:06","slug":"melania-trump-est-la-vedette-de-son-propre-documentaire-et-nous-avons-deja-sa-bande-annonce-oui-cest-vrai","status":"publish","type":"post","link":"https:\/\/cms-articles.softonic.io\/fr\/melania-trump-est-la-vedette-de-son-propre-documentaire-et-nous-avons-deja-sa-bande-annonce-oui-cest-vrai\/","title":{"rendered":"Melania Trump est la vedette de son propre documentaire, et nous avons d\u00e9j\u00e0 sa bande-annonce. Oui, c&#039;est vrai"},"content":{"rendered":"\n<p class=\"wp-block-paragraph\">Le documentaire intitul\u00e9 Melania, <strong>qui explorera la vie et la carri\u00e8re de Melania Trump, sortira dans les cin\u00e9mas du monde entier le 30 janvier 2026<\/strong>. Ce projet a suscit\u00e9 de l&#8217;attente depuis son annonce, et le lancement de la bande-annonce mercredi dernier a intensifi\u00e9 l&#8217;int\u00e9r\u00eat du public. Melania Trump a partag\u00e9 la bande-annonce via son compte X, o\u00f9 elle invite le public \u00e0 en savoir plus sur sa vie, affirmant : <em>\u00ab Tout le monde veut savoir, alors voici. \u00bb<\/em><\/p>\n\n\n<h2 class=\"wp-block-heading\">La premi\u00e8re dame. Ou quelque chose comme \u00e7a.<\/h2>\n\n\n<p class=\"wp-block-paragraph\">La bande-annonce pr\u00e9sente une narration qui sugg\u00e8re que l&#8217;ancienne premi\u00e8re dame se sent pr\u00eate \u00e0 r\u00e9v\u00e9ler son histoire personnelle, un r\u00e9cit qui a \u00e9t\u00e9 entour\u00e9 de myst\u00e8re et de sp\u00e9culations au fil des ans. Avec en toile de fond son exp\u00e9rience \u00e0 la Maison Blanche et sa vie en tant que figure publique, <strong>le documentaire promet d&#8217;explorer des th\u00e8mes allant de son enfance en Slov\u00e9nie<\/strong> \u00e0 son r\u00f4le de premi\u00e8re dame des \u00c9tats-Unis, ainsi que ses int\u00e9r\u00eats et passions personnels.<\/p>\n\n\n<p class=\"wp-block-paragraph\">Le lancement de la bande-annonce a \u00e9galement \u00e9t\u00e9 soutenu par une utilisation remarquable des r\u00e9seaux sociaux, un moyen que Melania a utilis\u00e9 pour communiquer directement avec son public. <strong>Cette approche \u00e0 travers des plateformes num\u00e9riques permet d&#8217;anticiper une campagne de promotion active<\/strong> qui pourrait inclure des interviews et des \u00e9v\u00e9nements avant la premi\u00e8re mondiale. \u00c0 mesure que la date approche, il est probable que d&#8217;autres d\u00e9tails sur le contenu et les th\u00e8mes abord\u00e9s dans le documentaire \u00e9mergent.<\/p>\n\n\n<figure class=\"wp-block-embed is-type-video is-provider-youtube wp-block-embed-youtube wp-embed-aspect-16-9 wp-has-aspect-ratio\"><div class=\"wp-block-embed__wrapper\">\n<iframe loading=\"lazy\" title=\"MELANIA | Official Trailer\" width=\"840\" height=\"473\" src=\"https:\/\/www.youtube.com\/embed\/dxXJAqOU00g?feature=oembed\" frameborder=\"0\" allow=\"accelerometer; autoplay; clipboard-write; encrypted-media; gyroscope; picture-in-picture; web-share\" referrerpolicy=\"strict-origin-when-cross-origin\" allowfullscreen><\/iframe>\n<\/div><\/figure>\n\n\n<p class=\"wp-block-paragraph\">L&#8217;augmentation de l&#8217;int\u00e9r\u00eat pour les biographies de figures publiques et les documentaires personnels sugg\u00e8re que le public <strong>demande des r\u00e9cits plus profonds et appropri\u00e9s sur leurs vies, et Melania s&#8217;inscrit dans cette tendance<\/strong>. Avec la promesse d&#8217;explorer tout ce que vous avez toujours voulu savoir, ce documentaire pourrait \u00eatre un point de discussion important dans le paysage culturel et m\u00e9diatique en 2026.<\/p>\n","protected":false},"excerpt":{"rendered":"<p>Le documentaire intitul\u00e9 Melania, qui explorera la vie et la carri\u00e8re de Melania Trump, sera projet\u00e9 dans les cin\u00e9mas du monde entier le 30 janvier 2026. Ce projet a suscit\u00e9 de l&#8217;attente depuis son annonce, et le lancement de la bande-annonce mercredi dernier a intensifi\u00e9 l&#8217;int\u00e9r\u00eat du public. Melania Trump a partag\u00e9 la bande-annonce via son compte X, o\u00f9 elle invite le public \u00e0 en savoir plus sur sa vie, affirmant : \u00ab Tout le monde veut savoir, alors voici \u00bb. La premi\u00e8re dame. Ou quelque chose comme \u00e7a. La bande-annonce pr\u00e9sente une narration qui sugg\u00e8re que l&#8217;ancienne premi\u00e8re dame se sent [&hellip;]<\/p>\n","protected":false},"author":9317,"featured_media":183684,"comment_status":"closed","ping_status":"closed","sticky":false,"template":"","format":"standard","meta":{"footnotes":"","wpcf-pageviews":0},"categories":[16761],"tags":[22102,30181],"usertag":[],"vertical":[],"content-category":[],"class_list":["post-183683","post","type-post","status-publish","format-standard","has-post-thumbnail","hentry","category-news","tag-documental","tag-melania-trump"],"aioseo_notices":[],"_links":{"self":[{"href":"https:\/\/cms-articles.softonic.io\/fr\/wp-json\/wp\/v2\/posts\/183683","targetHints":{"allow":["GET"]}}],"collection":[{"href":"https:\/\/cms-articles.softonic.io\/fr\/wp-json\/wp\/v2\/posts"}],"about":[{"href":"https:\/\/cms-articles.softonic.io\/fr\/wp-json\/wp\/v2\/types\/post"}],"author":[{"embeddable":true,"href":"https:\/\/cms-articles.softonic.io\/fr\/wp-json\/wp\/v2\/users\/9317"}],"replies":[{"embeddable":true,"href":"https:\/\/cms-articles.softonic.io\/fr\/wp-json\/wp\/v2\/comments?post=183683"}],"version-history":[{"count":2,"href":"https:\/\/cms-articles.softonic.io\/fr\/wp-json\/wp\/v2\/posts\/183683\/revisions"}],"predecessor-version":[{"id":183692,"href":"https:\/\/cms-articles.softonic.io\/fr\/wp-json\/wp\/v2\/posts\/183683\/revisions\/183692"}],"wp:featuredmedia":[{"embeddable":true,"href":"https:\/\/cms-articles.softonic.io\/fr\/wp-json\/wp\/v2\/media\/183684"}],"wp:attachment":[{"href":"https:\/\/cms-articles.softonic.io\/fr\/wp-json\/wp\/v2\/media?parent=183683"}],"wp:term":[{"taxonomy":"category","embeddable":true,"href":"https:\/\/cms-articles.softonic.io\/fr\/wp-json\/wp\/v2\/categories?post=183683"},{"taxonomy":"post_tag","embeddable":true,"href":"https:\/\/cms-articles.softonic.io\/fr\/wp-json\/wp\/v2\/tags?post=183683"},{"taxonomy":"usertag","embeddable":true,"href":"https:\/\/cms-articles.softonic.io\/fr\/wp-json\/wp\/v2\/usertag?post=183683"},{"taxonomy":"vertical","embeddable":true,"href":"https:\/\/cms-articles.softonic.io\/fr\/wp-json\/wp\/v2\/vertical?post=183683"},{"taxonomy":"content-category","embeddable":true,"href":"https:\/\/cms-articles.softonic.io\/fr\/wp-json\/wp\/v2\/content-category?post=183683"}],"curies":[{"name":"wp","href":"https:\/\/api.w.org\/{rel}","templated":true}]}}