{"id":186703,"date":"2026-01-28T19:05:54","date_gmt":"2026-01-28T18:05:54","guid":{"rendered":"https:\/\/cms-articles.softonic.io\/es\/?p=408436"},"modified":"2026-01-28T20:11:01","modified_gmt":"2026-01-28T19:11:01","slug":"nous-connaissons-les-premiers-details-de-la-quatrieme-saison-de-ted-lasso","status":"publish","type":"post","link":"https:\/\/cms-articles.softonic.io\/fr\/nous-connaissons-les-premiers-details-de-la-quatrieme-saison-de-ted-lasso\/","title":{"rendered":"Nous connaissons les premiers d\u00e9tails de la quatri\u00e8me saison de Ted Lasso"},"content":{"rendered":"\n<p class=\"wp-block-paragraph\">La sortie tant attendue de la quatri\u00e8me saison de la s\u00e9rie Ted Lasso, acclam\u00e9e par la critique et populaire parmi les abonn\u00e9s d&#8217;Apple TV+, est pr\u00e9vue pour l&#8217;\u00e9t\u00e9 2026. <strong>Cette nouvelle saison de la com\u00e9die, port\u00e9e et produite ex\u00e9cutivement par Jason Sudeikis, promet de continuer \u00e0 captiver le public avec son humour attachant et sa repr\u00e9sentation positive du sport et de l&#8217;amiti\u00e9<\/strong>.<\/p>\n\n\n<h2 class=\"wp-block-heading\">Personnages au charisme irr\u00e9sistible<\/h2>\n\n\n<p class=\"wp-block-paragraph\">Pour accompagner l&#8217;annonce, Apple TV+ a r\u00e9v\u00e9l\u00e9 quatre images exclusives qui offrent un premier aper\u00e7u de ce que les fans peuvent attendre de cette quatri\u00e8me phase de la s\u00e9rie. <strong>Les photos montrent les personnages dans divers d\u00e9cors, suscitant l&#8217;enthousiasme autour des intrigues et des d\u00e9veloppements qui seront abord\u00e9s dans la nouvelle saison<\/strong>. Bien que les d\u00e9tails sp\u00e9cifiques de la narration restent secrets, le retour de Sudeikis dans le r\u00f4le de l&#8217;attachant entra\u00eeneur de football a renforc\u00e9 les attentes concernant le succ\u00e8s continu de la s\u00e9rie.<\/p>\n\n\n<figure class=\"wp-block-embed is-type-video is-provider-youtube wp-block-embed-youtube wp-embed-aspect-16-9 wp-has-aspect-ratio\"><div class=\"wp-block-embed__wrapper\">\n<iframe loading=\"lazy\" title=\"Ted Lasso \u2014 Official Trailer | Apple TV\" width=\"840\" height=\"473\" src=\"https:\/\/www.youtube.com\/embed\/3u7EIiohs6U?feature=oembed\" frameborder=\"0\" allow=\"accelerometer; autoplay; clipboard-write; encrypted-media; gyroscope; picture-in-picture; web-share\" referrerpolicy=\"strict-origin-when-cross-origin\" allowfullscreen><\/iframe>\n<\/div><\/figure>\n\n\n<p class=\"wp-block-paragraph\">Depuis son lancement initial, Ted Lasso a re\u00e7u de nombreux \u00e9loges et distinctions, y compris le prix de la meilleure s\u00e9rie comique, gr\u00e2ce \u00e0 son approche optimiste et sa capacit\u00e9 \u00e0 aborder des th\u00e8mes profonds avec une touche l\u00e9g\u00e8re. <strong>Les fans ont exprim\u00e9 leur enthousiasme pour le retour des personnages qu&#8217;ils en sont venus \u00e0 aimer, ce qui sugg\u00e8re que la nouvelle saison pourrait offrir \u00e0 la fois des rires et des moments \u00e9mouvants<\/strong>.<\/p>\n\n\n<p class=\"wp-block-paragraph\">De plus, la s\u00e9rie a \u00e9tabli une norme parmi les productions originales d&#8217;Apple TV+, consolidant sa place sur le front des plateformes de streaming. <strong>\u00c0 l&#8217;approche de la date de 2026, les rumeurs et sp\u00e9culations sur les possibles surprises et rebondissements de l&#8217;intrigue ont commenc\u00e9 \u00e0 circuler, rendant l&#8217;anticipation du retour de Ted Lasso de plus en plus palpable parmi les fans<\/strong>. Sans aucun doute, le retour de ce ph\u00e9nom\u00e8ne ne sera pas un \u00e9v\u00e9nement \u00e0 manquer.<\/p>\n\n<div class=\"sc-card-program\">\r\n  <div class=\"sc-card-program__body\">\r\n    <div class=\"sc-card-program__row clearfix\">\r\n      <div class=\"sc-card-program__col-logo\">\r\n        <img decoding=\"async\" class=\"sc-card-program__img\" src=\"https:\/\/images.sftcdn.net\/images\/t_app-icon-s\/p\/8f7cb2d7-74e2-4492-af0c-06a1761742a1\/457874704\/apple-tv-plus-2019-03-28_12-07-17.png\" alt=\"AppleTV+\" width=\"100px\" height=\"100px\">\r\n      <\/div>\r\n      <div class=\"sc-card-program__col-title\">\r\n        <span class=\"sc-card-program__title\">AppleTV+<\/span>\r\n        <a class=\"sc-card-program__button sc-card-program-internal\" href=\"https:\/\/apple-tv-plus.softonic.com\/mac\" target=\"_self\" rel=\"noopener noreferrer\">T\u00c9L\u00c9CHARGER<\/a>\r\n      <\/div>\r\n      <div class=\"sc-card-program__col-rating\">\r\n        \r\n      <\/div>\r\n    <\/div>\r\n    <div class=\"sc-card-program__row\">\r\n      <span class=\"sc-card-program__description\"><\/span>\r\n    <\/div>\r\n    <div class=\"sc-card-program__row\">\r\n      <img decoding=\"async\" class=\"sc-card-program__bigpic\" src=\"\">\r\n    <\/div>\r\n    <a class=\"sc-card-program__link track-link sc-card-program-internal\" href=\"https:\/\/apple-tv-plus.softonic.com\/mac\" target=\"_self\" rel=\"noopener noreferrer\"><\/a>\r\n  <\/div>\r\n<\/div>\n","protected":false},"excerpt":{"rendered":"<p>La sortie tant attendue de la quatri\u00e8me saison de la s\u00e9rie Ted Lasso, acclam\u00e9e par la critique et populaire parmi les abonn\u00e9s d&#8217;Apple TV+, est pr\u00e9vue pour l&#8217;\u00e9t\u00e9 2026. Cette nouvelle livraison de la com\u00e9die, mettant en vedette et produite ex\u00e9cutivement par Jason Sudeikis, promet de continuer \u00e0 captiver le public avec son humour attachant et sa repr\u00e9sentation positive du sport et de l&#8217;amiti\u00e9. Des personnages d&#8217;un charisme irr\u00e9sistible Pour accompagner l&#8217;annonce, Apple TV+ a r\u00e9v\u00e9l\u00e9 quatre images exclusives qui offrent un premier aper\u00e7u de ce que les fans peuvent attendre dans cette quatri\u00e8me phase de la s\u00e9rie. Les photos [&hellip;]<\/p>\n","protected":false},"author":9318,"featured_media":186704,"comment_status":"closed","ping_status":"closed","sticky":false,"template":"","format":"standard","meta":{"footnotes":"","wpcf-pageviews":0},"categories":[16761],"tags":[32745,18469,32746,22843,32747,32748,32749,32750,32751,32752,18517,32736],"usertag":[],"vertical":[],"content-category":[18130],"class_list":["post-186703","post","type-post","status-publish","format-standard","has-post-thumbnail","hentry","category-news","tag-anticipacion-serie-ted-lasso","tag-apple-tv-2","tag-comedia-en-streaming","tag-drama","tag-estreno-ted-lasso","tag-exito-ted-lasso","tag-humor-en-ted-lasso","tag-jason-sudeikis","tag-narrativa-en-ted-lasso","tag-personajes-de-ted-lasso","tag-ted-lasso","tag-ted-lasso-temporada-4","content-category-streaming-videos"],"aioseo_notices":[],"_links":{"self":[{"href":"https:\/\/cms-articles.softonic.io\/fr\/wp-json\/wp\/v2\/posts\/186703","targetHints":{"allow":["GET"]}}],"collection":[{"href":"https:\/\/cms-articles.softonic.io\/fr\/wp-json\/wp\/v2\/posts"}],"about":[{"href":"https:\/\/cms-articles.softonic.io\/fr\/wp-json\/wp\/v2\/types\/post"}],"author":[{"embeddable":true,"href":"https:\/\/cms-articles.softonic.io\/fr\/wp-json\/wp\/v2\/users\/9318"}],"replies":[{"embeddable":true,"href":"https:\/\/cms-articles.softonic.io\/fr\/wp-json\/wp\/v2\/comments?post=186703"}],"version-history":[{"count":2,"href":"https:\/\/cms-articles.softonic.io\/fr\/wp-json\/wp\/v2\/posts\/186703\/revisions"}],"predecessor-version":[{"id":186707,"href":"https:\/\/cms-articles.softonic.io\/fr\/wp-json\/wp\/v2\/posts\/186703\/revisions\/186707"}],"wp:featuredmedia":[{"embeddable":true,"href":"https:\/\/cms-articles.softonic.io\/fr\/wp-json\/wp\/v2\/media\/186704"}],"wp:attachment":[{"href":"https:\/\/cms-articles.softonic.io\/fr\/wp-json\/wp\/v2\/media?parent=186703"}],"wp:term":[{"taxonomy":"category","embeddable":true,"href":"https:\/\/cms-articles.softonic.io\/fr\/wp-json\/wp\/v2\/categories?post=186703"},{"taxonomy":"post_tag","embeddable":true,"href":"https:\/\/cms-articles.softonic.io\/fr\/wp-json\/wp\/v2\/tags?post=186703"},{"taxonomy":"usertag","embeddable":true,"href":"https:\/\/cms-articles.softonic.io\/fr\/wp-json\/wp\/v2\/usertag?post=186703"},{"taxonomy":"vertical","embeddable":true,"href":"https:\/\/cms-articles.softonic.io\/fr\/wp-json\/wp\/v2\/vertical?post=186703"},{"taxonomy":"content-category","embeddable":true,"href":"https:\/\/cms-articles.softonic.io\/fr\/wp-json\/wp\/v2\/content-category?post=186703"}],"curies":[{"name":"wp","href":"https:\/\/api.w.org\/{rel}","templated":true}]}}