{"id":186985,"date":"2026-02-02T16:30:00","date_gmt":"2026-02-02T15:30:00","guid":{"rendered":"https:\/\/cms-articles.softonic.io\/es\/?p=408873"},"modified":"2026-02-02T17:20:48","modified_gmt":"2026-02-02T16:20:48","slug":"vengeurs-doomsday-ramenera-ian-mckellen-en-tant-quun-des-mutants-les-plus-puissants-de-lhistoire","status":"publish","type":"post","link":"https:\/\/cms-articles.softonic.io\/fr\/vengeurs-doomsday-ramenera-ian-mckellen-en-tant-quun-des-mutants-les-plus-puissants-de-lhistoire\/","title":{"rendered":"Vengeurs : Doomsday ram\u00e8nera Ian McKellen en tant qu&#039;un des mutants les plus puissants de l&#039;histoire"},"content":{"rendered":"\n<p class=\"wp-block-paragraph\">Les attentes autour de la prochaine sortie de Avengers : Doomsday sont palpables, et le 18 d\u00e9cembre 2026 se profile comme une date cl\u00e9 pour les fans de l&#8217;Univers Cin\u00e9matographique Marvel (UCM). <strong>R\u00e9alis\u00e9 par les fr\u00e8res Russo, ce film promet des rebondissements surprenants qui ont tenu les fans en haleine<\/strong>, surtout compte tenu du secret hautement contr\u00f4l\u00e9 qui entoure la production.<\/p>\n\n\n<h2 class=\"wp-block-heading\">Sir Ian McKellen revient en force<\/h2>\n\n\n<p class=\"wp-block-paragraph\">Un \u00e9l\u00e9ment marquant de cette livraison sera l&#8217;incorporation d&#8217;Ian McKellen dans le r\u00f4le de Magneto, un personnage qu&#8217;il interpr\u00e8te depuis 26 ans et qui, pour la premi\u00e8re fois, appara\u00eetra dans le MCU. McKellen a r\u00e9v\u00e9l\u00e9 qu&#8217;il y a une sc\u00e8ne qui pourrait choquer les spectateurs, car son personnage pourrait causer une d\u00e9vastation extraordinaire dans le New Jersey. Cependant, <strong>l&#8217;acteur a commis une erreur en comparant les effets sp\u00e9ciaux du premier film X-Men, sorti en 2000<\/strong>, avec ceux d&#8217;aujourd&#8217;hui, sugg\u00e9rant que l&#8217;\u00e9volution technologique pourrait \u00eatre un th\u00e8me explor\u00e9 dans Doomsday.<\/p>\n\n\n<figure class=\"wp-block-embed is-type-video is-provider-youtube wp-block-embed-youtube wp-embed-aspect-16-9 wp-has-aspect-ratio\"><div class=\"wp-block-embed__wrapper\">\n<iframe loading=\"lazy\" title=\"Vengadores: Doomsday | 18 de diciembre de 2026 solo en cines | HD\" width=\"840\" height=\"473\" src=\"https:\/\/www.youtube.com\/embed\/CijeC0RTpbA?feature=oembed\" frameborder=\"0\" allow=\"accelerometer; autoplay; clipboard-write; encrypted-media; gyroscope; picture-in-picture; web-share\" referrerpolicy=\"strict-origin-when-cross-origin\" allowfullscreen><\/iframe>\n<\/div><\/figure>\n\n\n<p class=\"wp-block-paragraph\">Lors d&#8217;une r\u00e9cente interview sur Jake&#8217;s Takes, McKellen a exprim\u00e9 sa surprise face \u00e0 la popularit\u00e9 remarquable de Magneto, un personnage qu&#8217;il consid\u00e9rait \u00e0 l&#8217;origine comme un simple m\u00e9chant. <strong>Je ne r\u00e9alisais pas \u00e0 quel point il \u00e9tait populaire, a-t-il avou\u00e9, ajoutant qu&#8217;il avait appr\u00e9ci\u00e9 son temps sur le plateau \u00e0 travailler avec des acteurs plus jeunes<\/strong>, qui semblent avoir une confiance renouvel\u00e9e dans leurs r\u00f4les au sein de cet immense univers cin\u00e9matographique.<\/p>\n\n\n<p class=\"wp-block-paragraph\">\u00c0 mesure que la date de sortie approche, la communaut\u00e9 de fans continue de sp\u00e9culer sur les d\u00e9tails de l&#8217;intrigue et les cons\u00e9quences de l&#8217;apparition de Magneto dans une narration qui promet d&#8217;\u00eatre brutale et excitante. <strong>Ces \u00e9l\u00e9ments, associ\u00e9s au retour de McKellen, cr\u00e9ent une atmosph\u00e8re d&#8217;anticipation f\u00e9brile \u00e0 la veille d&#8217;un nouveau chapitre dans la saga des super-h\u00e9ros<\/strong>.<\/p>\n\n<div class=\"sc-card-program\">\r\n  <div class=\"sc-card-program__body\">\r\n    <div class=\"sc-card-program__row clearfix\">\r\n      <div class=\"sc-card-program__col-logo\">\r\n        <img decoding=\"async\" class=\"sc-card-program__img\" src=\"https:\/\/images.sftcdn.net\/images\/t_app-icon-s\/p\/246b1fd4-6164-4c6f-9318-27e1cb587dc6\/489019137\/disney-plus-logo\" alt=\"Disney+\" width=\"100px\" height=\"100px\">\r\n      <\/div>\r\n      <div class=\"sc-card-program__col-title\">\r\n        <span class=\"sc-card-program__title\">Disney+<\/span>\r\n        <a class=\"sc-card-program__button sc-card-program-internal\" href=\"https:\/\/disney-plus.softonic.com\/iphone\" target=\"_self\" rel=\"noopener noreferrer\">T\u00c9L\u00c9CHARGER<\/a>\r\n      <\/div>\r\n      <div class=\"sc-card-program__col-rating\">\r\n        \r\n      <\/div>\r\n    <\/div>\r\n    <div class=\"sc-card-program__row\">\r\n      <span class=\"sc-card-program__description\"><\/span>\r\n    <\/div>\r\n    <div class=\"sc-card-program__row\">\r\n      <img decoding=\"async\" class=\"sc-card-program__bigpic\" src=\"\">\r\n    <\/div>\r\n    <a class=\"sc-card-program__link track-link sc-card-program-internal\" href=\"https:\/\/disney-plus.softonic.com\/iphone\" target=\"_self\" rel=\"noopener noreferrer\"><\/a>\r\n  <\/div>\r\n<\/div>\n","protected":false},"excerpt":{"rendered":"<p>Les attentes autour de la prochaine sortie de Avengers: Doomsday sont palpables, et le 18 d\u00e9cembre 2026 se profile comme une date cl\u00e9 pour les fans de l&#8217;Univers Cin\u00e9matographique Marvel (UCM). R\u00e9alis\u00e9 par les fr\u00e8res Russo, ce film promet des rebondissements surprenants qui ont tenu les fans en haleine, surtout compte tenu du secret hautement contr\u00f4l\u00e9 qui entoure la production. Sir Ian McKellen revient en force Un \u00e9l\u00e9ment marquant de cette livraison sera l&#8217;incorporation d&#8217;Ian McKellen dans le r\u00f4le de Magneto, un personnage qu&#8217;il interpr\u00e8te depuis 26 ans et qui, pour la premi\u00e8re fois, se [&hellip;]<\/p>\n","protected":false},"author":9318,"featured_media":186986,"comment_status":"closed","ping_status":"closed","sticky":false,"template":"","format":"standard","meta":{"footnotes":"","wpcf-pageviews":0},"categories":[16761],"tags":[32948,32949,32950,32951,11186,32952,32953,24234,32954,32955,32956,26885],"usertag":[],"vertical":[],"content-category":[18130],"class_list":["post-186985","post","type-post","status-publish","format-standard","has-post-thumbnail","hentry","category-news","tag-anticipacion-pelicula-marvel","tag-comunidad-fans-marvel","tag-efectos-especiales-x","tag-estreno-ucm","tag-ian-mckellen","tag-ian-mckellen-magneto","tag-marvel-2026","tag-men","tag-personaje-magneto","tag-secreto-produccion-marvel","tag-trama-vengadores","tag-vengadores-doomsday-2","content-category-streaming-videos"],"aioseo_notices":[],"_links":{"self":[{"href":"https:\/\/cms-articles.softonic.io\/fr\/wp-json\/wp\/v2\/posts\/186985","targetHints":{"allow":["GET"]}}],"collection":[{"href":"https:\/\/cms-articles.softonic.io\/fr\/wp-json\/wp\/v2\/posts"}],"about":[{"href":"https:\/\/cms-articles.softonic.io\/fr\/wp-json\/wp\/v2\/types\/post"}],"author":[{"embeddable":true,"href":"https:\/\/cms-articles.softonic.io\/fr\/wp-json\/wp\/v2\/users\/9318"}],"replies":[{"embeddable":true,"href":"https:\/\/cms-articles.softonic.io\/fr\/wp-json\/wp\/v2\/comments?post=186985"}],"version-history":[{"count":2,"href":"https:\/\/cms-articles.softonic.io\/fr\/wp-json\/wp\/v2\/posts\/186985\/revisions"}],"predecessor-version":[{"id":186994,"href":"https:\/\/cms-articles.softonic.io\/fr\/wp-json\/wp\/v2\/posts\/186985\/revisions\/186994"}],"wp:featuredmedia":[{"embeddable":true,"href":"https:\/\/cms-articles.softonic.io\/fr\/wp-json\/wp\/v2\/media\/186986"}],"wp:attachment":[{"href":"https:\/\/cms-articles.softonic.io\/fr\/wp-json\/wp\/v2\/media?parent=186985"}],"wp:term":[{"taxonomy":"category","embeddable":true,"href":"https:\/\/cms-articles.softonic.io\/fr\/wp-json\/wp\/v2\/categories?post=186985"},{"taxonomy":"post_tag","embeddable":true,"href":"https:\/\/cms-articles.softonic.io\/fr\/wp-json\/wp\/v2\/tags?post=186985"},{"taxonomy":"usertag","embeddable":true,"href":"https:\/\/cms-articles.softonic.io\/fr\/wp-json\/wp\/v2\/usertag?post=186985"},{"taxonomy":"vertical","embeddable":true,"href":"https:\/\/cms-articles.softonic.io\/fr\/wp-json\/wp\/v2\/vertical?post=186985"},{"taxonomy":"content-category","embeddable":true,"href":"https:\/\/cms-articles.softonic.io\/fr\/wp-json\/wp\/v2\/content-category?post=186985"}],"curies":[{"name":"wp","href":"https:\/\/api.w.org\/{rel}","templated":true}]}}