{"id":190886,"date":"2026-03-20T08:05:00","date_gmt":"2026-03-20T07:05:00","guid":{"rendered":"https:\/\/cms-articles.softonic.io\/es\/?p=413890"},"modified":"2026-03-20T09:42:04","modified_gmt":"2026-03-20T08:42:04","slug":"final-fantasy-9-recevra-une-serie-danimation-destinee-a-un-public-des-plus-inattendus","status":"publish","type":"post","link":"https:\/\/cms-articles.softonic.io\/fr\/final-fantasy-9-recevra-une-serie-danimation-destinee-a-un-public-des-plus-inattendus\/","title":{"rendered":"Final Fantasy 9 recevra une s\u00e9rie d&#039;animation destin\u00e9e \u00e0 un public des plus inattendus"},"content":{"rendered":"\n<p>Une des nouvelles les plus attendues par les fans de la saga Final Fantasy a refait surface : la s\u00e9rie anim\u00e9e intitul\u00e9e Final Fantasy : Black Mages Legacy est officiellement en production.<strong> Ce projet, initi\u00e9 par Cyber Group Studios, avait \u00e9t\u00e9 laiss\u00e9 en suspens apr\u00e8s la fermeture de la soci\u00e9t\u00e9, mais a \u00e9t\u00e9 sauv\u00e9 par la productrice Eurovisual, qui a confirm\u00e9 son d\u00e9veloppement. La s\u00e9rie comprendra 10 \u00e9pisodes de 22 minutes chacun<\/strong>.<\/p>\n\n\n<h2 class=\"wp-block-heading\">Un public qui n&#8217;\u00e9tait pas pr\u00e9sent lors de son lancement<\/h2>\n\n\n<p>Bien que Square Enix, le d\u00e9veloppeur embl\u00e9matique de la franchise, ait accord\u00e9 sa licence et son approbation, il ne participera pas directement \u00e0 la production. <strong>Cette approche permet \u00e0 la s\u00e9rie de conserver l&#8217;essence de la saga, tout en s&#8217;adressant \u00e0 un public familial, sp\u00e9cifiquement aux enfants de 6 \u00e0 13 ans, ce qui pose une narration plus amicale et accessible<\/strong>.<\/p>\n\n\n<p>L&#8217;histoire se d\u00e9roule chronologiquement apr\u00e8s les \u00e9v\u00e9nements de Final Fantasy IX et suit un groupe de Magiciens Noirs, connus sous le nom de \u00ab fils du h\u00e9ros Vivi \u00bb<strong>. Les protagonistes, Imel, Koln, Luciola, Th\u00e9a, Fala et Doc, vivent \u00e0 Alexandrie, o\u00f9 leur vie quotidienne est interrompue par une d\u00e9couverte myst\u00e9rieuse<\/strong>. Koln d\u00e9couvre Mel, une figure congel\u00e9e dans son auberge, ce qui semble \u00eatre li\u00e9 \u00e0 l&#8217;h\u00e9ritage tragique de son p\u00e8re.<\/p>\n\n\n<figure class=\"wp-block-embed is-type-video is-provider-youtube wp-block-embed-youtube wp-embed-aspect-16-9 wp-has-aspect-ratio\"><div class=\"wp-block-embed__wrapper\">\n<iframe loading=\"lazy\" title=\"\u3010FINAL FANTASY IX\u3011Trailer\" width=\"840\" height=\"473\" src=\"https:\/\/www.youtube.com\/embed\/iUQMWeFsY8w?feature=oembed\" frameborder=\"0\" allow=\"accelerometer; autoplay; clipboard-write; encrypted-media; gyroscope; picture-in-picture; web-share\" referrerpolicy=\"strict-origin-when-cross-origin\" allowfullscreen><\/iframe>\n<\/div><\/figure>\n\n\n<p>Il n&#8217;y a pas encore de date de sortie confirm\u00e9e, laissant les fans en attente de plus de d\u00e9tails. <strong>La production semble \u00eatre une suite spirituelle qui cherche \u00e0 maintenir vivante la riche histoire de l&#8217;univers de Final Fantasy IX<\/strong>, un titre qui a laiss\u00e9 une empreinte ind\u00e9l\u00e9bile dans la communaut\u00e9 des gamers et qui reste disponible sur plusieurs plateformes, des PC aux consoles modernes.<\/p>\n\n\n<p>Bien que cette s\u00e9rie ne soit pas le remake tant attendu de Final Fantasy IX, son d\u00e9veloppement garantit que l&#8217;univers de ce jeu ador\u00e9 continue de s&#8217;\u00e9tendre, <strong>permettant aux nouveaux et anciens fans de profiter de nouvelles aventures dans un environnement qu&#8217;ils connaissent et aiment d\u00e9j\u00e0<\/strong>.<\/p>\n\n<div class=\"sc-card-program\">\r\n  <div class=\"sc-card-program__body\">\r\n    <div class=\"sc-card-program__row clearfix\">\r\n      <div class=\"sc-card-program__col-logo\">\r\n        <img decoding=\"async\" class=\"sc-card-program__img\" src=\"https:\/\/images.sftcdn.net\/images\/t_app-icon-s\/p\/3047d89c-96d0-11e6-8546-00163ed833e7\/2505233623\/steam-download.jpg\" alt=\"Steam\" width=\"100px\" height=\"100px\">\r\n      <\/div>\r\n      <div class=\"sc-card-program__col-title\">\r\n        <span class=\"sc-card-program__title\">Steam<\/span>\r\n        <a class=\"sc-card-program__button sc-card-program-internal\" href=\"https:\/\/steam.softonic.com\/\" target=\"_self\" rel=\"noopener noreferrer\">T\u00c9L\u00c9CHARGER<\/a>\r\n      <\/div>\r\n      <div class=\"sc-card-program__col-rating\">\r\n        \r\n      <\/div>\r\n    <\/div>\r\n    <div class=\"sc-card-program__row\">\r\n      <span class=\"sc-card-program__description\"><\/span>\r\n    <\/div>\r\n    <div class=\"sc-card-program__row\">\r\n      <img decoding=\"async\" class=\"sc-card-program__bigpic\" src=\"\">\r\n    <\/div>\r\n    <a class=\"sc-card-program__link track-link sc-card-program-internal\" href=\"https:\/\/steam.softonic.com\/\" target=\"_self\" rel=\"noopener noreferrer\"><\/a>\r\n  <\/div>\r\n<\/div>\n","protected":false},"excerpt":{"rendered":"<p>Une des nouvelles les plus attendues par les fans de la saga Final Fantasy a refait surface : la s\u00e9rie anim\u00e9e intitul\u00e9e Final Fantasy : Black Mages Legacy est officiellement en production. Ce projet, initi\u00e9 par Cyber Group Studios, \u00e9tait rest\u00e9 dans un limbe apr\u00e8s la fermeture de la soci\u00e9t\u00e9, mais a \u00e9t\u00e9 sauv\u00e9 par le producteur Eurovisual, qui a confirm\u00e9 son d\u00e9veloppement. La s\u00e9rie comprendra 10 \u00e9pisodes de 22 minutes chacun. Un public qui n&#8217;\u00e9tait pas pr\u00e9sent lors de son lancement Bien que Square Enix, le d\u00e9veloppeur embl\u00e9matique de la franchise, ait accord\u00e9 sa licence et son approbation, il ne participera pas directement [&hellip;]<\/p>\n","protected":false},"author":9318,"featured_media":190887,"comment_status":"closed","ping_status":"closed","sticky":false,"template":"","format":"standard","meta":{"footnotes":"","wpcf-pageviews":0},"categories":[16761],"tags":[35131,35132,35133,17332,35134,35135,35136,35137,35138,216],"usertag":[],"vertical":[],"content-category":[18130],"class_list":["post-190886","post","type-post","status-publish","format-standard","has-post-thumbnail","hentry","category-news","tag-aventuras-en-final-fantasy","tag-cyber-group-studios","tag-final-fantasy-black-mages-legacy","tag-final-fantasy-ix","tag-historia-de-final-fantasy","tag-magos-negros","tag-ninos-de-6-a-13-anos","tag-produccion-eurovisual","tag-serie-animada-final-fantasy","tag-square-enix","content-category-streaming-videos"],"aioseo_notices":[],"_links":{"self":[{"href":"https:\/\/cms-articles.softonic.io\/fr\/wp-json\/wp\/v2\/posts\/190886","targetHints":{"allow":["GET"]}}],"collection":[{"href":"https:\/\/cms-articles.softonic.io\/fr\/wp-json\/wp\/v2\/posts"}],"about":[{"href":"https:\/\/cms-articles.softonic.io\/fr\/wp-json\/wp\/v2\/types\/post"}],"author":[{"embeddable":true,"href":"https:\/\/cms-articles.softonic.io\/fr\/wp-json\/wp\/v2\/users\/9318"}],"replies":[{"embeddable":true,"href":"https:\/\/cms-articles.softonic.io\/fr\/wp-json\/wp\/v2\/comments?post=190886"}],"version-history":[{"count":2,"href":"https:\/\/cms-articles.softonic.io\/fr\/wp-json\/wp\/v2\/posts\/190886\/revisions"}],"predecessor-version":[{"id":190899,"href":"https:\/\/cms-articles.softonic.io\/fr\/wp-json\/wp\/v2\/posts\/190886\/revisions\/190899"}],"wp:featuredmedia":[{"embeddable":true,"href":"https:\/\/cms-articles.softonic.io\/fr\/wp-json\/wp\/v2\/media\/190887"}],"wp:attachment":[{"href":"https:\/\/cms-articles.softonic.io\/fr\/wp-json\/wp\/v2\/media?parent=190886"}],"wp:term":[{"taxonomy":"category","embeddable":true,"href":"https:\/\/cms-articles.softonic.io\/fr\/wp-json\/wp\/v2\/categories?post=190886"},{"taxonomy":"post_tag","embeddable":true,"href":"https:\/\/cms-articles.softonic.io\/fr\/wp-json\/wp\/v2\/tags?post=190886"},{"taxonomy":"usertag","embeddable":true,"href":"https:\/\/cms-articles.softonic.io\/fr\/wp-json\/wp\/v2\/usertag?post=190886"},{"taxonomy":"vertical","embeddable":true,"href":"https:\/\/cms-articles.softonic.io\/fr\/wp-json\/wp\/v2\/vertical?post=190886"},{"taxonomy":"content-category","embeddable":true,"href":"https:\/\/cms-articles.softonic.io\/fr\/wp-json\/wp\/v2\/content-category?post=190886"}],"curies":[{"name":"wp","href":"https:\/\/api.w.org\/{rel}","templated":true}]}}