{"id":191185,"date":"2026-03-24T14:30:37","date_gmt":"2026-03-24T13:30:37","guid":{"rendered":"https:\/\/cms-articles.softonic.io\/es\/?p=414331"},"modified":"2026-03-24T14:41:47","modified_gmt":"2026-03-24T13:41:47","slug":"la-cinquieme-saison-de-the-boys-verra-la-mort-de-lun-de-ses-personnages-principaux","status":"publish","type":"post","link":"https:\/\/cms-articles.softonic.io\/fr\/la-cinquieme-saison-de-the-boys-verra-la-mort-de-lun-de-ses-personnages-principaux\/","title":{"rendered":"La cinqui\u00e8me saison de The Boys verra la mort de l&#039;un de ses personnages principaux"},"content":{"rendered":"\n<p>La saison 5 de The Boys, l&#8217;une des s\u00e9ries les plus provocatrices de Prime Video, est pr\u00e9vue pour sortir le 8 avril, et les changements significatifs dans l&#8217;intrigue ont suscit\u00e9 une vague d&#8217;attentes parmi les fans. <strong>Le showrunner Eric Kripke a clairement indiqu\u00e9 que cette derni\u00e8re saison nous confrontera \u00e0 la r\u00e9alit\u00e9 des morts de personnages principaux, quelque chose qui, selon lui, a \u00e9t\u00e9 un g\u00e2chis dans de nombreuses s\u00e9ries de science-fiction<\/strong>. \u00ab Il ne faut pas \u00eatre trop attach\u00e9 \u00e0 l&#8217;id\u00e9e de garder les personnages en vie ; les confrontations \u00e9motionnelles sont cruciales \u00bb, affirme Kripke.<\/p>\n\n\n\n<h2 class=\"wp-block-heading\">Il y aura un grand impact pour terminer la s\u00e9rie<\/h2>\n\n\n\n<p>Karl Urban, qui interpr\u00e8te Butcher, a corrobor\u00e9 les d\u00e9clarations de Kripke, sugg\u00e9rant que \u00ab personne n&#8217;est en s\u00e9curit\u00e9 \u00bb, et qu&#8217;une mort choquante se produira dans le premier \u00e9pisode. <strong>Cet avertissement a intensifi\u00e9 la tension, alors que l&#8217;\u00e9quipe principale se lance dans un plan audacieux pour \u00ab tuer tous les Supes \u00bb, face \u00e0 l&#8217;omnipr\u00e9sent Homelander<\/strong>, qui cherche \u00e0 devenir immortel. Ces \u00e9l\u00e9ments de l&#8217;intrigue soul\u00e8vent des sc\u00e9narios \u00e0 haut risque et des cons\u00e9quences \u00e9motionnelles qui seront difficiles \u00e0 g\u00e9rer pour les personnages.<\/p>\n\n\n\n<figure class=\"wp-block-embed is-type-video is-provider-youtube wp-block-embed-youtube wp-embed-aspect-16-9 wp-has-aspect-ratio\"><div class=\"wp-block-embed__wrapper\">\n<iframe loading=\"lazy\" title=\"The Boys \u2013 Final Season Trailer | Prime Video\" width=\"840\" height=\"473\" src=\"https:\/\/www.youtube.com\/embed\/XNQbH1SDPRk?feature=oembed\" frameborder=\"0\" allow=\"accelerometer; autoplay; clipboard-write; encrypted-media; gyroscope; picture-in-picture; web-share\" referrerpolicy=\"strict-origin-when-cross-origin\" allowfullscreen><\/iframe>\n<\/div><\/figure>\n\n\n\n<p>Au fil des saisons pr\u00e9c\u00e9dentes, les morts ont \u00e9t\u00e9 minimales, principalement centr\u00e9es sur les m\u00e9chants. Cependant, <strong>la s\u00e9rie a jou\u00e9 la s\u00e9curit\u00e9 jusqu&#8217;\u00e0 pr\u00e9sent, ce qui fait que la saison 5 imminente pourrait marquer un changement dramatique<\/strong>. Les bandes-annonces ont r\u00e9v\u00e9l\u00e9 que le conflit escalera \u00e0 des niveaux sans pr\u00e9c\u00e9dent, avec des alli\u00e9s inattendus comme Marie Moreau, de Gen V, unissant leurs forces pour combattre le puissant Homelander.<\/p>\n\n\n\n<p>Avec en toile de fond des tensions politiques et des changements drastiques dans les dynamiques de pouvoir, <strong>les fans de The Boys sont impatients de voir comment cette saison finale palpitante va se d\u00e9rouler, o\u00f9 il est clair que les pertes font partie du prix \u00e0 payer pour la justice<\/strong>. Reste l&#8217;incertitude de savoir qui survivra jusqu&#8217;aux cr\u00e9dits finaux.<\/p>\n\n\n<div class=\"sc-card-program\">\r\n  <div class=\"sc-card-program__body\">\r\n    <div class=\"sc-card-program__row clearfix\">\r\n      <div class=\"sc-card-program__col-logo\">\r\n        <img decoding=\"async\" class=\"sc-card-program__img\" src=\"https:\/\/images.sftcdn.net\/images\/t_app-icon-s\/p\/c162012f-3d10-436b-a6b5-fde423154d8c\/3464089414\/amazon-prime-video-download-amazon-prime-video.jpg\" alt=\"Amazon Prime Video\" width=\"100px\" height=\"100px\">\r\n      <\/div>\r\n      <div class=\"sc-card-program__col-title\">\r\n        <span class=\"sc-card-program__title\">Amazon Prime Video<\/span>\r\n        <a class=\"sc-card-program__button sc-card-program-internal\" href=\"https:\/\/amazon-prime-video.softonic.com\/\" target=\"_self\" rel=\"noopener noreferrer\">T\u00c9L\u00c9CHARGER<\/a>\r\n      <\/div>\r\n      <div class=\"sc-card-program__col-rating\">\r\n        \r\n      <\/div>\r\n    <\/div>\r\n    <div class=\"sc-card-program__row\">\r\n      <span class=\"sc-card-program__description\"><\/span>\r\n    <\/div>\r\n    <div class=\"sc-card-program__row\">\r\n      <img decoding=\"async\" class=\"sc-card-program__bigpic\" src=\"\">\r\n    <\/div>\r\n    <a class=\"sc-card-program__link track-link sc-card-program-internal\" href=\"https:\/\/amazon-prime-video.softonic.com\/\" target=\"_self\" rel=\"noopener noreferrer\"><\/a>\r\n  <\/div>\r\n<\/div>\n","protected":false},"excerpt":{"rendered":"<p>La saison 5 de The Boys, l&#8217;une des s\u00e9ries les plus provocatrices de Prime Video, est pr\u00e9vue pour sortir le 8 avril, et les changements significatifs dans l&#8217;intrigue ont suscit\u00e9 une vague d&#8217;attentes parmi les fans. Le showrunner Eric Kripke a clairement indiqu\u00e9 que cette derni\u00e8re saison nous confrontera \u00e0 la r\u00e9alit\u00e9 des morts de personnages principaux, quelque chose qui, selon lui, a \u00e9t\u00e9 un g\u00e2chis dans de nombreuses s\u00e9ries de science-fiction. &#8220;Il ne faut pas \u00eatre trop attach\u00e9 \u00e0 garder les personnages en vie ; les confrontations \u00e9motionnelles sont cruciales&#8221;, affirme Kripke. Il va y avoir un [&#8230;]<\/p>\n","protected":false},"author":9318,"featured_media":191187,"comment_status":"closed","ping_status":"closed","sticky":false,"template":"","format":"standard","meta":{"footnotes":"","wpcf-pageviews":0},"categories":[16761],"tags":[22341,11836,35261,35262,35263,35264,35265,35266,35267],"usertag":[],"vertical":[],"content-category":[18130],"class_list":["post-191185","post","type-post","status-publish","format-standard","has-post-thumbnail","hentry","category-news","tag-battlefield-6","tag-battlefield-hardline","tag-cierre-de-servidores-battlefield","tag-competencia-videojuegos","tag-ea-electronic-arts","tag-funciones-online-battlefield","tag-juego-en-consolas","tag-retirada-digital-battlefield","tag-usuarios-simultaneos-steam","content-category-streaming-videos"],"aioseo_notices":[],"_links":{"self":[{"href":"https:\/\/cms-articles.softonic.io\/fr\/wp-json\/wp\/v2\/posts\/191185","targetHints":{"allow":["GET"]}}],"collection":[{"href":"https:\/\/cms-articles.softonic.io\/fr\/wp-json\/wp\/v2\/posts"}],"about":[{"href":"https:\/\/cms-articles.softonic.io\/fr\/wp-json\/wp\/v2\/types\/post"}],"author":[{"embeddable":true,"href":"https:\/\/cms-articles.softonic.io\/fr\/wp-json\/wp\/v2\/users\/9318"}],"replies":[{"embeddable":true,"href":"https:\/\/cms-articles.softonic.io\/fr\/wp-json\/wp\/v2\/comments?post=191185"}],"version-history":[{"count":3,"href":"https:\/\/cms-articles.softonic.io\/fr\/wp-json\/wp\/v2\/posts\/191185\/revisions"}],"predecessor-version":[{"id":191193,"href":"https:\/\/cms-articles.softonic.io\/fr\/wp-json\/wp\/v2\/posts\/191185\/revisions\/191193"}],"wp:featuredmedia":[{"embeddable":true,"href":"https:\/\/cms-articles.softonic.io\/fr\/wp-json\/wp\/v2\/media\/191187"}],"wp:attachment":[{"href":"https:\/\/cms-articles.softonic.io\/fr\/wp-json\/wp\/v2\/media?parent=191185"}],"wp:term":[{"taxonomy":"category","embeddable":true,"href":"https:\/\/cms-articles.softonic.io\/fr\/wp-json\/wp\/v2\/categories?post=191185"},{"taxonomy":"post_tag","embeddable":true,"href":"https:\/\/cms-articles.softonic.io\/fr\/wp-json\/wp\/v2\/tags?post=191185"},{"taxonomy":"usertag","embeddable":true,"href":"https:\/\/cms-articles.softonic.io\/fr\/wp-json\/wp\/v2\/usertag?post=191185"},{"taxonomy":"vertical","embeddable":true,"href":"https:\/\/cms-articles.softonic.io\/fr\/wp-json\/wp\/v2\/vertical?post=191185"},{"taxonomy":"content-category","embeddable":true,"href":"https:\/\/cms-articles.softonic.io\/fr\/wp-json\/wp\/v2\/content-category?post=191185"}],"curies":[{"name":"wp","href":"https:\/\/api.w.org\/{rel}","templated":true}]}}